{"id":6237,"date":"2014-09-28T07:32:23","date_gmt":"2014-09-28T05:32:23","guid":{"rendered":"http:\/\/www.reunion68.se\/?p=6237"},"modified":"2014-09-28T07:51:33","modified_gmt":"2014-09-28T05:51:33","slug":"prof-barbara-engelking-nagrodzona","status":"publish","type":"post","link":"https:\/\/www.reunion68.se\/?p=6237","title":{"rendered":"Prof. Barbara Engelking nagrodzona"},"content":{"rendered":"<h4 style=\"text-align: center;\"><a href=\"http:\/\/polin.pl\/\" target=\"_blank\"><img decoding=\"async\" class=\"alignleft\" src=\"http:\/\/www.reunion68.com\/Biuletyn\/img\/MHZP.jpg\" alt=\"\" \/><\/a><strong><a style=\"color: #000080; text-decoration: underline;\" href=\"http:\/\/polin.pl\/pl\/aktualnosci\/2013\/06\/21\/prof-barbara-engelking-nagrodzona\" target=\"_blank\">Prof. Barbara Engelking nagrodzona<\/a><\/strong><\/h4>\n<p>&nbsp;<\/p>\n<div style=\"width: 360px\" class=\"wp-caption alignright\"><img decoding=\"async\" src=\"http:\/\/polin.pl\/sites\/default\/files\/styles\/isohead_8\/public\/pictures\/barbara_engelking.jpg?itok=dQ7kNo3p\" alt=\"Dzi\u0119ki uprzejmo\u015bci Centrum Bada\u0144 nad Zag\u0142ad\u0105 \u017byd\u00f3w\" width=\"350\" \/><p class=\"wp-caption-text\">Dzi\u0119ki uprzejmo\u015bci Centrum Bada\u0144 nad Zag\u0142ad\u0105 \u017byd\u00f3w<\/p><\/div>\n<p style=\"text-align: left;\"><span style=\"color: #000080;\">Z rado\u015bci\u0105 informujemy, \u017ce prof. dr hab. Barbara Engelking zosta\u0142a og\u0142oszona tegoroczn\u0105 laureatk\u0105 Nagrody im. Jana Karskiego i Poli Nirenskiej.<\/span><\/p>\n<p style=\"text-align: left;\"><span style=\"color: #000080;\">Ustanowiona przez prof. Jana Karskiego w 1992 roku i administrowana przez \u017bydowski Instytut Naukowy YIVO (YIVO Institute for Jewish Research) w Nowym Jorku, nagroda przyznawana jest dorocznie autorom publikacji traktuj\u0105cych o \u017cyciu \u017cydowskim w Polsce i odzwierciedlaj\u0105cych wk\u0142ad \u017byd\u00f3w w kultur\u0119 polsk\u0105. Wyboru laureat\u00f3w nagrody dokonuje Komitet w sk\u0142adzie: prof. Jerzy Tomaszewski, prof. Feliks Tych, prof. Pawe\u0142 \u015apiewak (dyrektor \u017bydowskiego Instytutu Historycznego w Warszawie), dr Jonathan Brent (dyrektor YIVO Institute for Jewish Research). Nagroda zostanie wr\u0119czona we wrze\u015bniu br. w \u017bydowskim Instytucie Historycznym w Warszawie.<\/span><\/p>\n<p style=\"text-align: left;\"><span style=\"color: #000080;\">Prof. Barbara Engelking jest od wielu lat zatrudniona w Instytucie Filozofii i Socjologii Polskiej Akademii Nauk w Warszawie. Jest te\u017c za\u0142o\u017cycielk\u0105 Centrum Bada\u0144 nad Zag\u0142ad\u0105 \u017byd\u00f3w IFiS PAN, kt\u00f3rego dzia\u0142alno\u015bci\u0105 kieruje od chwili jego utworzenia w 2003 roku. Prof. Engelking jest konsultantem wystawy g\u0142\u00f3wnej Muzeum Historii \u017byd\u00f3w Polskich, wsp\u00f3\u0142autorem koncepcji oraz opiekunem naukowym galerii \u201eZag\u0142ada\u201d.<\/span><\/p>\n<p style=\"text-align: left;\"><span style=\"color: #000080;\">Serdecznie gratulujemy!<\/span><\/p>\n<hr \/>\n<h4 style=\"text-align: center;\"><a href=\"http:\/\/historia.newsweek.pl\/\" target=\"_blank\"><img decoding=\"async\" class=\"alignleft\" src=\"http:\/\/www.reunion68.com\/Biuletyn\/img\/newsweek.jpg\" alt=\"\" \/><\/a><strong style=\"color: #000080;\"><a style=\"color: #000080; text-decoration: underline;\" href=\"http:\/\/historia.newsweek.pl\/prof-barbara-engelking-o-kradziezy-zydowskiego-mienia-newsweek-pl,artykuly,347360,1,3.html\" target=\"_blank&quot;\">Wielka pokusa \u2013 tragiczne losy polskich \u017byd\u00f3w po II wojnie \u015bwiatowej<\/a><\/strong><\/h4>\n<p>&nbsp;<\/p>\n<p style=\"text-align: left;\"><span style=\"color: #000080;\"><strong>Barra Engelkingba:<\/strong>\u00a0 -[&#8230;] Widz\u0119 inny problem: <strong>polonizujemy histori\u0119 \u017byd\u00f3w<\/strong>, troch\u0119 j\u0105 zaw\u0142aszczamy,<strong> na przyk\u0142ad zacz\u0119to m\u00f3wi\u0107 o Warszawie jako mie\u015bcie dw\u00f3ch powsta\u0144<\/strong>. To rodzaj upupiania. Czy my na pewno dobrze wiemy, o co oni walczyli w kwietniu 1943 roku? Czy to w og\u00f3le by\u0142o powstanie? Tak\u0105 nazw\u0119 przypisano tamtemu zrywowi p\u00f3\u017aniej, sami \u017bydzi m\u00f3wili o walce, oporze, o samoobronie. A z drugiej strony w szko\u0142ach nie uczy si\u0119 o Jedwabnem.<\/span><\/p>\n<hr \/>\n<h4 style=\"text-align: center;\"><a href=\"http:\/\/polin.pl\/\" target=\"_blank\"><img decoding=\"async\" class=\"alignleft\" src=\"http:\/\/www.reunion68.com\/Biuletyn\/img\/MHZP.jpg\" alt=\"\" \/><\/a><\/p>\n<p><strong><a style=\"color: #000080; text-decoration: underline;\" href=\"http:\/\/polin.pl\/pl\/wydarzenie\/warszawa-dwoch-powstan\" target=\"_blank\">\u201eWarszawa dw\u00f3ch powsta\u0144\u201d<\/a><\/strong><\/h4>\n<p>&nbsp;<\/p>\n<p style=\"text-align: left;\"><span style=\"color: #000080;\">Czy to symbol Warszawy jako miasta dw\u00f3ch powsta\u0144 \u2013 Powstania w Getcie Warszawskim i Powstania Warszawskiego? Idea, \u017ce zrozumie\u0107 Warszaw\u0119 mo\u017cna jedynie m\u00f3wi\u0105c o obu powstaniach? 19 kwietnia tysi\u0105ce warszawiak\u00f3w przypi\u0119\u0142o \u017c\u00f3\u0142te \u017conkile. Tak, jak przypinaj\u0105 kotwice Polski Walcz\u0105cej 1 sierpnia. Pami\u0119\u0107 o Powstaniu w Getcie wdar\u0142a si\u0119 do codziennego \u017cycia stolicy. Czy b\u0119dziemy potrafili m\u00f3wi\u0107 o dw\u00f3ch powstaniach wsp\u00f3lnie i wsp\u00f3lnie o nich pami\u0119ta\u0107?<\/span><\/p>\n<hr \/>\n<p>&nbsp;<\/p>\n<div id=\"content\" class=\"  content-alignment&lt;br \/&gt;&lt;br \/&gt; \">\n<div id=\"watch-description\" class=\"yt-uix-button-panel\">\n<div id=\"watch-description-text\">\n<p style=\"text-align: center;\"><span style=\"color: #808080;\"> twoje uwagi, linki, wlasne artykuly, lub wiadomosci przeslij do: <strong><span style=\"text-decoration: underline;\"><span style=\"color: #808080; text-decoration: underline;\"><a href=\"mailto:webmaster@reunion68.com\">webmaster@reunion68.com<\/a><\/span><\/span><\/strong><\/span><\/p>\n<\/div>\n<\/div>\n<\/div>\n<p>&nbsp;<\/p>\n<hr style=\"width: 700px;\" \/>\n","protected":false},"excerpt":{"rendered":"<p>Prof. Barbara Engelking nagrodzona &nbsp; Z rado\u015bci\u0105 informujemy, \u017ce prof. dr hab. Barbara Engelking zosta\u0142a og\u0142oszona tegoroczn\u0105 laureatk\u0105 Nagrody im. Jana Karskiego i Poli Nirenskiej. Ustanowiona przez prof. Jana Karskiego w 1992 roku i administrowana przez \u017bydowski Instytut Naukowy YIVO (YIVO Institute for Jewish Research) w Nowym Jorku, nagroda przyznawana jest dorocznie autorom publikacji traktuj\u0105cych [&hellip;]<\/p>\n","protected":false},"author":1,"featured_media":0,"comment_status":"closed","ping_status":"closed","sticky":false,"template":"","format":"standard","meta":[],"categories":[6],"tags":[24],"_links":{"self":[{"href":"https:\/\/www.reunion68.se\/index.php?rest_route=\/wp\/v2\/posts\/6237"}],"collection":[{"href":"https:\/\/www.reunion68.se\/index.php?rest_route=\/wp\/v2\/posts"}],"about":[{"href":"https:\/\/www.reunion68.se\/index.php?rest_route=\/wp\/v2\/types\/post"}],"author":[{"embeddable":true,"href":"https:\/\/www.reunion68.se\/index.php?rest_route=\/wp\/v2\/users\/1"}],"replies":[{"embeddable":true,"href":"https:\/\/www.reunion68.se\/index.php?rest_route=%2Fwp%2Fv2%2Fcomments&post=6237"}],"version-history":[{"count":23,"href":"https:\/\/www.reunion68.se\/index.php?rest_route=\/wp\/v2\/posts\/6237\/revisions"}],"predecessor-version":[{"id":6261,"href":"https:\/\/www.reunion68.se\/index.php?rest_route=\/wp\/v2\/posts\/6237\/revisions\/6261"}],"wp:attachment":[{"href":"https:\/\/www.reunion68.se\/index.php?rest_route=%2Fwp%2Fv2%2Fmedia&parent=6237"}],"wp:term":[{"taxonomy":"category","embeddable":true,"href":"https:\/\/www.reunion68.se\/index.php?rest_route=%2Fwp%2Fv2%2Fcategories&post=6237"},{"taxonomy":"post_tag","embeddable":true,"href":"https:\/\/www.reunion68.se\/index.php?rest_route=%2Fwp%2Fv2%2Ftags&post=6237"}],"curies":[{"name":"wp","href":"https:\/\/api.w.org\/{rel}","templated":true}]}}