{"id":6271,"date":"2014-09-28T19:02:38","date_gmt":"2014-09-28T17:02:38","guid":{"rendered":"http:\/\/www.reunion68.se\/?p=6271"},"modified":"2014-09-28T08:34:10","modified_gmt":"2014-09-28T06:34:10","slug":"ekshumacja-w-wasoszu","status":"publish","type":"post","link":"https:\/\/www.reunion68.se\/?p=6271","title":{"rendered":"Ekshumacja w W\u0105soszu"},"content":{"rendered":"<h4 style=\"text-align: center;\"><a href=\"http:\/\/www.jewish.org.pl\" target=\"_blank\"><img decoding=\"async\" class=\"alignleft\" src=\"http:\/\/www.reunion68.com\/Biuletyn\/img\/jop-big.gif\" alt=\"\" \/><\/a><span style=\"text-decoration: underline;\"><strong><a style=\"color: #000080; text-decoration: underline;\" href=\"http:\/\/www.jewish.org.pl\/index.php\/pl\/wiadomopci-mainmenu-57\/6578-ekshumacja-w-wsoszu.html\" target=\"_blank\">Ekshumacja w W\u0105soszu<\/a><\/strong><\/span><\/h4>\n<div style=\"width: 360px\" class=\"wp-caption alignright\"><a href=\"http:\/\/www.jewish.org.pl\/images\/stories\/WasoszPomnik.jpg\"><img decoding=\"async\" src=\"http:\/\/www.jewish.org.pl\/images\/stories\/WasoszPomnik.jpg\" alt=\"http:\/\/www.jewish.org.pl\/images\/stories\/WasoszPomnik.jpg\" width=\"350\" \/><\/a><p class=\"wp-caption-text\">http:\/\/www.jewish.org.pl\/images\/stories\/WasoszPomnik.jpg<\/p><\/div>\n<p style=\"text-align: left;\"><span style=\"color: #000080;\">Od 150 do 1200 \u017byd\u00f3w zosta\u0142o zamordowanych 5 lipca 1941 w W\u0105soszu. \u015aledztwo w tej sprawie prowadzi bia\u0142ostocki Instytut Pami\u0119ci Narodowej. Jednym z etap\u00f3w dochodzenia ma by\u0107 ekshumacja zw\u0142ok ofiar pochowanych w masowym grobie w rowie przeciwlotniczym. Pozwoli\u0142oby to rozstrzygn\u0105\u0107 wiele w\u0105tpliwo\u015bci dotycz\u0105cych zbrodni sprzed 73 lat. Na takie dzia\u0142ania nie zgadza si\u0119 jednak Naczelny Rabin Polski Michael Schudrich oraz cz\u0119\u015b\u0107 spo\u0142eczno\u015bci \u017cydowskiej.<\/span><\/p>\n<address style=\"text-align: left;\"><span style=\"color: #000080;\">\u201e5 lipca polska policja obstawi\u0142a miasteczko W\u0105sosz (powiat grajewski). Chuligani miejscowi szli od domu do domu, mordowali w domu i poza domem, kobiety gwa\u0142cili, ucinali piersi, ma\u0142e dzieci rozbijali o mur, zabito te\u017c \u017cony komandir\u00f3w sowieckich, kilku urz\u0119dnik\u00f3w sowieckich, trupom odcinano palce ze z\u0142otymi pier\u015bcieniami, ze szcz\u0119k wyrywano z\u0142ote z\u0119by. Gdy w domu zastali rodzic\u00f3w, to najpierw mordowali dzieci, a na ko\u0144cu rodzic\u00f3w. Pogrom trwa\u0142 trzy dni. Tyle czasu dali im Niemcy na mord i grabie\u017c. Wykopali do\u0142y na kolonii i tam zakopali zw\u0142oki. Zgin\u0119\u0142o oko\u0142o 1.200 \u017byd\u00f3w (przyszli z okolicy, bo normalnie by\u0142o 800). Uratowa\u0142o si\u0119 tylko oko\u0142o 15,\u201d wspomina\u0142 po wojnie Menachem Finkelsztejn.<\/span><\/address>\n<p style=\"text-align: left;\"><span style=\"color: #000080;\">\u015aledztwo w sprawie zbrodni w W\u0105soszu toczy\u0142o si\u0119 w dawnej Komisji Badania Zbrodni Hitlerowskich i zosta\u0142o przez ni\u0105 zawieszone w 1978. Od 9 stycznia 2004 jest ono prowadzone przez Oddzia\u0142ow\u0105 Komisj\u0119 \u015acigania Zbrodni przeciwko Narodowi Polskiemu w Bia\u0142ymstoku. Zebrano do tej pory a\u017c siedem tom\u00f3w akt &#8211; dokument\u00f3w archiwalnych i relacji \u015bwiadk\u00f3w. W 2012 IPN dokona\u0142 odwiert\u00f3w w pobli\u017cu grobu masowego, chc\u0105c sprawdzi\u0107, czy cia\u0142a nie s\u0105 zakopane poza terenem wyznaczonym przez zbudowany w latach 90. pomnik. To dlatego \u017ce zdj\u0119cia lotnicze z okresu wojny wskazywa\u0142y na inny przebieg rowu przeciwlotniczego ni\u017c ogrodzony obszar. Odwierty jednak nie przynios\u0142y rezultat\u00f3w w postaci znalezienia w okolicy pomnika jakichkolwiek szcz\u0105tk\u00f3w. Kolejnym etapem ma by\u0107 ekshumacja.<\/span><\/p>\n<address style=\"text-align: left;\"><span style=\"color: #000080;\">\u201eEkshumacja to ogromnie cenne i wa\u017cne \u017ar\u00f3d\u0142o informacji na temat pope\u0142nionej zbrodni,\u201d podkre\u015bla prof. Jan Tomasz Gross. \u201eSzczeg\u00f3lnie istotne, kiedy inne \u017ar\u00f3d\u0142a s\u0105 niedost\u0119pne. W\u0105sosz jest najs\u0142abiej udokumentowan\u0105 zbrodni\u0105 z trzech zbiorowych mord\u00f3w &#8211; W\u0105sosz, Radzi\u0142\u00f3w, Jedwabne &#8211; a wi\u0119c w tym przypadku jest dodatkowo istotne, aby j\u0105 [ekshumacj\u0119 &#8211; przyp. red.] przeprowadzi\u0107 od pocz\u0105tku do ko\u0144ca\u201d.<\/span><\/address>\n<p style=\"text-align: left;\"><span style=\"color: #000080;\">W lipcu 2014 IPN wys\u0142a\u0142 do Piotra Kadl\u010dika cz\u0142onka Zarz\u0105du Gminy warszawskiej, b\u0119d\u0105cego jednocze\u015bnie przewodnicz\u0105cym Zwi\u0105zku Gmin Wyznaniowych \u017bydowskich w RP, pismo, w kt\u00f3rym zawiadamia, \u017ce prowadzone s\u0105 przygotowania do ekshumacji szcz\u0105tk\u00f3w pomordowanych, znajduj\u0105cych si\u0119 w mogile masowej w W\u0105soszu. \u201ePowy\u017csza czynno\u015b\u0107 procesowa wed\u0142ug prowadz\u0105cego \u015bledztwo prokuratora jest niezb\u0119dna dla uzupe\u0142nienia i zweryfikowania materia\u0142u dowodowego, zebranego w czasie wspomnianego post\u0119powania. Chodzi zw\u0142aszcza o ustalenie, ilu pokrzywdzonych zabito oraz stwierdzenie mechanizmu zadanych im obra\u017ce\u0144 i okre\u015blenia bezpo\u015brednich przyczyn ich \u015bmierci. Badania szcz\u0105tk\u00f3w zabitych s\u0105 konieczne, bowiem istniej\u0105 rozbie\u017cne dane dotycz\u0105ce przebiegu zbrodni i jej sprawc\u00f3w oraz ilo\u015bci ofiar (w \u017ar\u00f3d\u0142ach znajduj\u0105 si\u0119 niepotwierdzone szacunki, m\u00f3wi\u0105ce o 150-250 ofiarach). Wiele materia\u0142\u00f3w procesowych wskazuje, \u017ce zab\u00f3jstwa zosta\u0142y pope\u0142nione przez sprawc\u00f3w, zamieszkuj\u0105cych w W\u0105soszu. Jednak w niekt\u00f3rych dokumentach, zw\u0142aszcza wytworzonych w latach sze\u015b\u0107dziesi\u0105tych ubieg\u0142ego wieku przez by\u0142\u0105 Okr\u0119gow\u0105 Komisj\u0119 Bada\u0144 Zbrodni Hitlerowskich w Bia\u0142ymstoku, sformu\u0142owano tezy o niemieckim sprawstwie zbrodni. Jest oczywistym, \u017ce w takiej sytuacji stwierdzenie mechanizmu obra\u017ce\u0144 na szcz\u0105tkach zabitych, potwierdzenie lub wykluczenie faktu u\u017cycia broni palnej ma decyduj\u0105ce znaczenie dla rozstrzygni\u0119cia powy\u017cszych rozbie\u017cno\u015bci dowodowych.\u201d<\/span><\/p>\n<p style=\"text-align: left;\"><span style=\"color: #000080;\">Przepisy izraelskiej ustawy o ustalaniu przyczyn zgonu w roku 1958 (Ksi\u0119ga Ustaw z roku 5718-1958, nr 242) w razie podejrzenia przest\u0119pczego spowodowania \u015bmierci formu\u0142uj\u0105 obowi\u0105zek nakazania otwarcia grobu, ekshumacji i zbadania zw\u0142ok.<\/span><\/p>\n<p style=\"text-align: left;\"><span style=\"color: #000080;\">Opinie rabin\u00f3w w sprawie ekshumacji s\u0105 r\u00f3\u017cne.<\/span><\/p>\n<address style=\"text-align: left;\"><span style=\"color: #000080;\">\u201eTakie dzia\u0142anie jest zakazane,\u201d podkre\u015bla rabin Michael Schudrich w li\u015bcie przes\u0142anym 27 sierpnia do Zarz\u0105du Gminy Wyznaniowej \u017bydowskiej w Warszawie.<\/span><\/address>\n<p style=\"text-align: right;\"><span style=\"color: #000080;\">Czytaj dalej tu: <span style=\"text-decoration: underline;\"><strong><a style=\"color: #000080; text-decoration: underline;\" href=\"http:\/\/www.jewish.org.pl\/index.php\/pl\/wiadomopci-mainmenu-57\/6578-ekshumacja-w-wsoszu.html\" target=\"_blank\">Ekshumacja w W\u0105soszu<\/a><\/strong><\/span><\/span><\/p>\n<div id=\"content\" class=\"  content-alignment&lt;br \/&gt;&lt;br \/&gt; \">\n<div id=\"watch-description\" class=\"yt-uix-button-panel\">\n<div id=\"watch-description-text\">\n<p style=\"text-align: center;\"><span style=\"color: #808080;\"> twoje uwagi, linki, wlasne artykuly, lub wiadomosci przeslij do: <strong><span style=\"text-decoration: underline;\"><span style=\"color: #808080; text-decoration: underline;\"><a href=\"mailto:webmaster@reunion68.com\">webmaster@reunion68.com<\/a><\/span><\/span><\/strong><\/span><\/p>\n<\/div>\n<\/div>\n<\/div>\n<p>&nbsp;<\/p>\n<hr style=\"width: 700px;\" \/>\n","protected":false},"excerpt":{"rendered":"<p>Ekshumacja w W\u0105soszu Od 150 do 1200 \u017byd\u00f3w zosta\u0142o zamordowanych 5 lipca 1941 w W\u0105soszu. \u015aledztwo w tej sprawie prowadzi bia\u0142ostocki Instytut Pami\u0119ci Narodowej. Jednym z etap\u00f3w dochodzenia ma by\u0107 ekshumacja zw\u0142ok ofiar pochowanych w masowym grobie w rowie przeciwlotniczym. Pozwoli\u0142oby to rozstrzygn\u0105\u0107 wiele w\u0105tpliwo\u015bci dotycz\u0105cych zbrodni sprzed 73 lat. Na takie dzia\u0142ania nie zgadza [&hellip;]<\/p>\n","protected":false},"author":1,"featured_media":0,"comment_status":"closed","ping_status":"closed","sticky":false,"template":"","format":"standard","meta":[],"categories":[4],"tags":[24],"_links":{"self":[{"href":"https:\/\/www.reunion68.se\/index.php?rest_route=\/wp\/v2\/posts\/6271"}],"collection":[{"href":"https:\/\/www.reunion68.se\/index.php?rest_route=\/wp\/v2\/posts"}],"about":[{"href":"https:\/\/www.reunion68.se\/index.php?rest_route=\/wp\/v2\/types\/post"}],"author":[{"embeddable":true,"href":"https:\/\/www.reunion68.se\/index.php?rest_route=\/wp\/v2\/users\/1"}],"replies":[{"embeddable":true,"href":"https:\/\/www.reunion68.se\/index.php?rest_route=%2Fwp%2Fv2%2Fcomments&post=6271"}],"version-history":[{"count":16,"href":"https:\/\/www.reunion68.se\/index.php?rest_route=\/wp\/v2\/posts\/6271\/revisions"}],"predecessor-version":[{"id":6288,"href":"https:\/\/www.reunion68.se\/index.php?rest_route=\/wp\/v2\/posts\/6271\/revisions\/6288"}],"wp:attachment":[{"href":"https:\/\/www.reunion68.se\/index.php?rest_route=%2Fwp%2Fv2%2Fmedia&parent=6271"}],"wp:term":[{"taxonomy":"category","embeddable":true,"href":"https:\/\/www.reunion68.se\/index.php?rest_route=%2Fwp%2Fv2%2Fcategories&post=6271"},{"taxonomy":"post_tag","embeddable":true,"href":"https:\/\/www.reunion68.se\/index.php?rest_route=%2Fwp%2Fv2%2Ftags&post=6271"}],"curies":[{"name":"wp","href":"https:\/\/api.w.org\/{rel}","templated":true}]}}