{"id":6290,"date":"2014-09-29T11:00:13","date_gmt":"2014-09-29T09:00:13","guid":{"rendered":"http:\/\/www.reunion68.se\/?p=6290"},"modified":"2014-09-29T11:21:42","modified_gmt":"2014-09-29T09:21:42","slug":"muzulmanski-problem-szwecji-plonace-przedmiescia-sztokholmu","status":"publish","type":"post","link":"https:\/\/www.reunion68.se\/?p=6290","title":{"rendered":"Muzu\u0142ma\u0144ski problem Szwecji. P\u0142on\u0105ce przedmie\u015bcia Sztokholmu"},"content":{"rendered":"<h4 style=\"text-align: center;\"><a href=\"http:\/\/www.tvn24.pl\/\" target=\"_blank\"><img decoding=\"async\" class=\"alignleft\" src=\"http:\/\/www.reunion68.com\/Biuletyn\/img\/TVN24.jpg\" alt=\"\" \/><\/a><span style=\"text-decoration: underline;\"><strong><a style=\"color: #000080; text-decoration: underline;\" href=\"http:\/\/www.tvn24.pl\/tu-europa,94,m\/muzulmanski-problem-szwecji-plonace-przedmiescia-sztokholmu,472381.html\" target=\"_blank\">Muzu\u0142ma\u0144ski problem Szwecji. P\u0142on\u0105ce przedmie\u015bcia Sztokholmu <\/a><\/strong><\/span><\/h4>\n<p>&nbsp;<\/p>\n<p><span style=\"color: #999999;\"><strong>W po\u0142owie wrze\u015bnia lewicowa opozycja zwyci\u0119\u017cy\u0142a w wyborach parlamentarnych w Szwecji i po o\u015bmiu latach odsun\u0119\u0142a od w\u0142adzy premiera Fredrika Reinfeldta. Najwi\u0119kszym zaskoczeniem by\u0142 jednak nadzwyczaj dobry wynik antyimigranckiego ugrupowania Szwedzcy Demokraci, bojkotowanego przez pozosta\u0142e partie. Sk\u0105d taki sukces? Powodem jest wyra\u017anie wzrastaj\u0105ca liczba obcokrajowc\u00f3w w Szwecji. Na przedmie\u015bciach Sztokholmu rosn\u0105 muzu\u0142ma\u0144skie dzielnice, gdzie coraz cz\u0119\u015bciej dochodzi do star\u0107 z policj\u0105.<\/strong><\/span><\/p>\n<p style=\"text-align: left;\"><span style=\"color: #000080;\">Zwyci\u0119ska lewica nie zdoby\u0142a jednak wystarczaj\u0105co g\u0142os\u00f3w, by samodzielnie rz\u0105dzi\u0107. Przyw\u00f3dca socjaldemokrat\u00f3w Stefan Loefven przed\u0142o\u017cy\u0142 przewodnicz\u0105cemu szwedzkiego parlamentu plan powo\u0142ania rz\u0105du mniejszo\u015bciowego razem z Zielonymi. Jednak to nie zmiany na szczytach w\u0142adzy budz\u0105 najwi\u0119kszy niepok\u00f3j w Szwecji, ale wysoki wynik skrajnie prawicowej partii Szwedzcy Demokraci.<\/span><\/p>\n<div style=\"width: 650px\" class=\"wp-caption aligncenter\"><img decoding=\"async\" loading=\"lazy\" src=\"http:\/\/r-scale-12.dcs.redcdn.pl\/scale\/o2\/tvn\/web-content\/m\/p1\/i\/540ae6b0f6ac6e155062f3dd4f0b2b01\/4e72f45a-466e-11e4-9bd7-0025b511226e.jpg?type=1&amp;srcmode=3&amp;srcx=1\/2&amp;srcy=0\/1&amp;srcw=640&amp;srch=360&amp;dstw=640&amp;dsth=360\" alt=\"\" width=\"640\" height=\"360\" \/><p class=\"wp-caption-text\">Muzu\u0142ma\u0144ski problem Szwecji. P\u0142on\u0105ce przedmie\u015bcia Sztokholmu<\/p><\/div>\n<p style=\"text-align: left;\">\u00a0<span style=\"color: #000080;\">Antyimigrancka partia zdoby\u0142a ponad 12,9 proc. g\u0142os\u00f3w. Zdaniem szwedzkich medi\u00f3w taki wynik jest alarmuj\u0105cy. Powodem tak wielkiego sukcesu tej partii jest w\u0142a\u015bnie jej nastawienie do obcokrajowc\u00f3w. Z 10 mln mieszka\u0144c\u00f3w Szwecji jedna pi\u0105ta urodzi\u0142a si\u0119 poza granicami kraju. Jeszcze kilka lat temu w\u015br\u00f3d cudzoziemc\u00f3w dominowali Finowie, Bo\u015bniacy i Polacy, dzi\u015b najwi\u0119cej jest emigrant\u00f3w z Iraku i Iranu. Ponadto wed\u0142ug najnowszych bada\u0144 w Szwecji rocznie przybywa 100 tys. Afga\u0144czyk\u00f3w, Somalijczyk\u00f3w i Syryjczyk\u00f3w. M\u00f3wi\u0105c wprost &#8211; muzu\u0142man\u00f3w.<\/span><\/p>\n<p style=\"text-align: left;\"><span style=\"color: #000080;\">P\u0142on\u0105ce przedmie\u015bcia<\/span><\/p>\n<p style=\"text-align: left;\"><span style=\"color: #000080;\">Ca\u0142e przedmie\u015bcia Sztokholmu takie jak Rinkeby, Husby czy Norsborg staj\u0105 si\u0119 zamkni\u0119tymi osadami muzu\u0142ma\u0144skimi.<\/span><\/p>\n<p style=\"text-align: left;\"><span style=\"color: #000080;\">Od ponad roku dochodzi tam do powa\u017cnych niepokoj\u00f3w spo\u0142ecznych. P\u0142on\u0105 dziesi\u0105tki aut, a policja i stra\u017cacy s\u0105 atakowani kamieniami zrzucanymi z wiadukt\u00f3w. Sprawcy najcz\u0119\u015bciej zostaj\u0105 bezkarni. &#8211; To si\u0119 zdarza bardzo cz\u0119sto &#8211; przyznaje nadinspektor Johnny Lindh z policji w Sztokholmie. &#8211; Ludzie, kt\u00f3rzy \u017cyj\u0105 w tych okolicach wiedz\u0105 jak walczy\u0107. W tych dzielnicach jest bardzo du\u017co wiadukt\u00f3w. Napastnicy zbieraj\u0105 kamienie i kiedy podpal\u0105 samoch\u00f3d czekaj\u0105 na wiaduktach na radiowozy &#8211; wyja\u015bnia.<\/span><\/p>\n<p style=\"text-align: left;\"><span style=\"color: #000080;\">&#8211; Wszystko zacz\u0119\u0142o si\u0119 od rutynowego wezwania. Zg\u0142oszono podpalenie samochodu w Husby. Wys\u0142ali\u015bmy radiow\u00f3z i stra\u017c po\u017carn\u0105. Na miejscu czeka\u0142o na nas 40 m\u0142odych m\u0119\u017cczyzn z kamieniami. Nast\u0119pnego dnia sytuacja si\u0119 powt\u00f3rzy\u0142a, ale by\u0142o ju\u017c ich 200. Oni tam mieszkaj\u0105, doskonale znaj\u0105 teren, jest naprawd\u0119 trudno ich z\u0142apa\u0107 &#8211; m\u00f3wi Lindh.<\/span><\/p>\n<p style=\"text-align: left;\"><span style=\"color: #000080;\">Policja nie potrafi sobie z tym poradzi\u0107. Bezradni s\u0105 tak\u017ce politycy. &#8211; Nowa emigracja nie chce si\u0119 integrowa\u0107, nie chce pracowa\u0107. To nie odpowiada rzeczywisto\u015bci &#8211; m\u00f3wi prof. Ryszard Szulkin z uniwersytetu w Sztokholmie. Profesor zwraca uwag\u0119, \u017ce m\u0142odzie\u017c pochodzenia cudzoziemskiego rekordowo cz\u0119sto pojawia si\u0119 w statystykach kryminalnych.<\/span><\/p>\n<p style=\"text-align: left;\"><span style=\"color: #000080;\">W maju ubieg\u0142ego roku w Szwecji dosz\u0142o do najpowa\u017cniejszych od lat niepokoj\u00f3w spo\u0142ecznych, gdy w ci\u0105gu tygodnia m\u0142odzi ludzie podpalili setki samochod\u00f3w i walczyli z policj\u0105 na przedmie\u015bciach stolicy.<\/span><\/p>\n<p style=\"text-align: left;\"><span style=\"color: #000080;\">\u00a0<\/span><\/p>\n<div id=\"content\" class=\"  content-alignment&lt;br \/&gt;&lt;br \/&gt; \">\n<div id=\"watch-description\" class=\"yt-uix-button-panel\">\n<div id=\"watch-description-text\">\n<p style=\"text-align: center;\"><span style=\"color: #808080;\"> twoje uwagi, linki, wlasne artykuly, lub wiadomosci przeslij do: <strong><span style=\"text-decoration: underline;\"><span style=\"color: #808080; text-decoration: underline;\"><a href=\"mailto:webmaster@reunion68.com\">webmaster@reunion68.com<\/a><\/span><\/span><\/strong><\/span><\/p>\n<\/div>\n<\/div>\n<\/div>\n<p>&nbsp;<\/p>\n<hr style=\"width: 700px;\" \/>\n","protected":false},"excerpt":{"rendered":"<p>Muzu\u0142ma\u0144ski problem Szwecji. P\u0142on\u0105ce przedmie\u015bcia Sztokholmu &nbsp; W po\u0142owie wrze\u015bnia lewicowa opozycja zwyci\u0119\u017cy\u0142a w wyborach parlamentarnych w Szwecji i po o\u015bmiu latach odsun\u0119\u0142a od w\u0142adzy premiera Fredrika Reinfeldta. Najwi\u0119kszym zaskoczeniem by\u0142 jednak nadzwyczaj dobry wynik antyimigranckiego ugrupowania Szwedzcy Demokraci, bojkotowanego przez pozosta\u0142e partie. Sk\u0105d taki sukces? Powodem jest wyra\u017anie wzrastaj\u0105ca liczba obcokrajowc\u00f3w w Szwecji. Na [&hellip;]<\/p>\n","protected":false},"author":1,"featured_media":0,"comment_status":"closed","ping_status":"closed","sticky":false,"template":"","format":"standard","meta":[],"categories":[6],"tags":[24],"_links":{"self":[{"href":"https:\/\/www.reunion68.se\/index.php?rest_route=\/wp\/v2\/posts\/6290"}],"collection":[{"href":"https:\/\/www.reunion68.se\/index.php?rest_route=\/wp\/v2\/posts"}],"about":[{"href":"https:\/\/www.reunion68.se\/index.php?rest_route=\/wp\/v2\/types\/post"}],"author":[{"embeddable":true,"href":"https:\/\/www.reunion68.se\/index.php?rest_route=\/wp\/v2\/users\/1"}],"replies":[{"embeddable":true,"href":"https:\/\/www.reunion68.se\/index.php?rest_route=%2Fwp%2Fv2%2Fcomments&post=6290"}],"version-history":[{"count":16,"href":"https:\/\/www.reunion68.se\/index.php?rest_route=\/wp\/v2\/posts\/6290\/revisions"}],"predecessor-version":[{"id":6307,"href":"https:\/\/www.reunion68.se\/index.php?rest_route=\/wp\/v2\/posts\/6290\/revisions\/6307"}],"wp:attachment":[{"href":"https:\/\/www.reunion68.se\/index.php?rest_route=%2Fwp%2Fv2%2Fmedia&parent=6290"}],"wp:term":[{"taxonomy":"category","embeddable":true,"href":"https:\/\/www.reunion68.se\/index.php?rest_route=%2Fwp%2Fv2%2Fcategories&post=6290"},{"taxonomy":"post_tag","embeddable":true,"href":"https:\/\/www.reunion68.se\/index.php?rest_route=%2Fwp%2Fv2%2Ftags&post=6290"}],"curies":[{"name":"wp","href":"https:\/\/api.w.org\/{rel}","templated":true}]}}