{"id":63563,"date":"2018-09-04T17:00:51","date_gmt":"2018-09-04T15:00:51","guid":{"rendered":"http:\/\/www.reunion68.se\/?p=63563"},"modified":"2018-08-29T13:00:59","modified_gmt":"2018-08-29T11:00:59","slug":"29-05-32","status":"publish","type":"post","link":"https:\/\/www.reunion68.se\/?p=63563","title":{"rendered":"\u2018Am Yisrael Chai\u2019: Ugandan Jews Enter Israel With Song and Dance"},"content":{"rendered":"<h5 style=\"text-align: center;\"><a href=\"https:\/\/www.algemeiner.com\/\" target=\"_blank\" rel=\"noopener\"><img decoding=\"async\" class=\"center alignleft\" src=\"http:\/\/www.reunion68.com\/Biuletyn\/img\/algem.png\" alt=\"\" width=\"30%\" \/><\/a><span style=\"text-decoration: underline; color: #000080;\"><strong><a style=\"color: #000080; text-decoration: underline;\" href=\"https:\/\/www.algemeiner.com\/2018\/08\/24\/am-yisrael-chai-ugandan-jews-enter-israel-with-song-and-dance\/\" target=\"_blank\" rel=\"noopener\">\u2018Am Yisrael Chai\u2019: Ugandan Jews Enter Israel With Song and Dance<\/a><\/strong><\/span><\/h5>\n<p style=\"text-align: center;\"><span style=\"color: #000000;\"><strong>Algemeiner Staff<\/strong><\/span><\/p>\n<hr style=\"background: #d0e6fa; width: 710px; height: 15px;\" \/>\n<p style=\"text-align: center;\"><img decoding=\"async\" class=\"aligncenter\" src=\"https:\/\/49yzp92imhtx8radn224z7y1-wpengine.netdna-ssl.com\/wp-content\/uploads\/2018\/08\/40010754_2161216327485267_8731324477297655808_n-1.jpg\" width=\"100%\" \/><span style=\"color: #808080;\"><em>Members of the Ugandan Abayudaya community visit the Western Wall in Jerusalem during their Taglit-Birthright trip. Photo: MAROM<\/em><\/span>.<\/p>\n<p style=\"text-align: left;\"><span style=\"color: #000080;\">Some 40 Ugandan youths landed in Israel this past Tuesday, as part of the first-ever Taglit-Birthright group from the Jewish Abayudaya community.<\/span><\/p>\n<p style=\"text-align: left;\"><span style=\"color: #000080;\">The group entered the arrivals hall at Ben-Gurion International Airport near Tel Aviv while dancing and singing in Hebrew, \u201cDavid, the king of Israel, lives and endures,\u201d and, \u201cAm Yisrael Chai!\u201d<\/span><\/p>\n<p style=\"text-align: left;\"><span style=\"color: #000080;\">Others in the hall soon joined the celebration, which was accentuated by drum beats and occasional blows of the shofar. They later recited the \u201cShehecheyanu,\u201d a Jewish prayer of gratitude for new or special occasions.<\/span><\/p>\n<p style=\"text-align: left;\"><span style=\"color: #000080;\">The group spent the first two days of its trip in northern Israel, before arriving in Jerusalem to celebrate the Jewish Sabbath.<\/span><\/p>\n<div id=\"content\" class=\" content-alignment&lt;br \/&gt;&lt;br \/&gt; \">\n<div id=\"watch-description\" class=\"yt-uix-button-panel\">\n<div id=\"watch-description-text\" style=\"text-align: center;\">\n<div id=\"fb-root\"><\/div>\n<p><script>(function(d, s, id) {  var js, fjs = d.getElementsByTagName(s)[0];  if (d.getElementById(id)) return;  js = d.createElement(s); js.id = id;  js.src = 'https:\/\/connect.facebook.net\/sv_SE\/sdk.js#xfbml=1&version=v3.1';  fjs.parentNode.insertBefore(js, fjs);}(document, 'script', 'facebook-jssdk'));<\/script><\/p>\n<div class=\"fb-video\" data-href=\"https:\/\/www.facebook.com\/maromolami\/videos\/229183604395790\/\" data-width=\"714\">\n<blockquote cite=\"https:\/\/www.facebook.com\/maromolami\/videos\/229183604395790\/\" class=\"fb-xfbml-parse-ignore\"><p><a href=\"https:\/\/www.facebook.com\/maromolami\/videos\/229183604395790\/\"><\/a><\/p>\n<p>Our #MaromUganda Taglit-Birthright Israel group arrived in Israel!! #AbayudayaInIsrael \u05d1\u05e8\u05d5\u05db\u05d9\u05dd \u05d4\u05d1\u05d0\u05d9\u05dd \u05dc\u05d9\u05e9\u05e8\u05d0\u05dc \u05ea\u05d2\u05dc\u05d9\u05ea \u05de\u05e8\u05d5\u05dd \u05d0\u05d5\u05d2\u05e0\u05d3\u05d4 \u05de\u05e9\u05d1\u05d8 \u05d0\u05d1\u05d0\u05d9\u05d5\u05d3\u05d0\u05d9\u05d4! #IsraelExperience #Birthright #MasortiMovement<\/p>\n<p>Publicerat av <a href=\"https:\/\/www.facebook.com\/maromolami\/\">MAROM<\/a> Tisdag 21 augusti 2018<\/p><\/blockquote>\n<\/div>\n<\/div>\n<\/div>\n<\/div>\n<p>&nbsp;<\/p>\n<p style=\"text-align: left;\"><span style=\"color: #000080;\">While Birthright, which offers eligible young Jews from across the world free 10-day tours of Israel, is partially funded by the Israeli government, the Abayudaya community\u2019s religious status is not officially recognized by Jerusalem.<\/span><\/p>\n<p style=\"text-align: left;\"><span style=\"color: #000080;\">In June, a member of the community was denied a request to obtain Israeli citizenship under the Law of Return pertaining to the Jewish Diaspora, in a decision the Interior Ministry said extended to all Abayudayas.<\/span><\/p>\n<p style=\"text-align: left;\"><span style=\"color: #000080;\">That stance has been rejected by leaders of Conservative Judaism, whose rabbis converted a majority of the 2,000-member Ugandan community starting in 2002, as well as by the Jewish Agency, a quasi-governmental body that oversees Jewish immigration to Israel and officially recognized the Abayudayas as Jewish since 2009.<\/span><\/p>\n<p style=\"text-align: left;\"><span style=\"color: #000080;\">Now led by Rabbi Gershom Sizomu, the group traces its roots to African chieftain Semei Kakungulu, who began observing some Jewish religious practices in the early 20th century. It has since adopted more formal Jewish observances and withstood persecution, including under the dictatorial rule of Idi Amin, who outlawed Judaism and destroyed synagogues after assuming power in 1971.<\/span><\/p>\n<hr style=\"background: #d0e6fa; width: 710px; height: 15px;\" \/>\n<div id=\"content\" class=\" content-alignment&lt;br \/&gt;&lt;br \/&gt; \">\n<div id=\"watch-description\" class=\"yt-uix-button-panel\">\n<div id=\"watch-description-text\" style=\"text-align: center;\">\n<p><em>Zawarto\u015b\u0107 publikowanych artyku\u0142\u00f3w i materia\u0142\u00f3w nie reprezentuje pogl\u0105d\u00f3w ani opinii Reunion&#8217;68,<\/em><em><br \/>\nani te\u017c webmastera Blogu Reunion&#8217;68, chyba ze jest to wyra\u017anie zaznaczone.<br \/>\nTwoje uwagi, linki, w\u0142asne artyku\u0142y lub wiadomo\u015bci prze\u015blij na adres:<br \/>\n<\/em><span style=\"color: #000080;\"><strong><em><a style=\"color: #000080;\" href=\"mailto:webmaster@reunion68.com\"><span style=\"text-decoration: underline;\">webmaster@reunion68.com<\/span><\/a><\/em><\/strong><\/span><\/p>\n<\/div>\n<\/div>\n<\/div>\n<p>&nbsp;<\/p>\n<hr style=\"width: 710px;\" \/>\n","protected":false},"excerpt":{"rendered":"<p>\u2018Am Yisrael Chai\u2019: Ugandan Jews Enter Israel With Song and Dance Algemeiner Staff Members of the Ugandan Abayudaya community visit the Western Wall in Jerusalem during their Taglit-Birthright trip. Photo: MAROM. Some 40 Ugandan youths landed in Israel this past Tuesday, as part of the first-ever Taglit-Birthright group from the Jewish Abayudaya community. The group [&hellip;]<\/p>\n","protected":false},"author":1,"featured_media":0,"comment_status":"closed","ping_status":"closed","sticky":false,"template":"","format":"standard","meta":[],"categories":[3],"tags":[26,24],"_links":{"self":[{"href":"https:\/\/www.reunion68.se\/index.php?rest_route=\/wp\/v2\/posts\/63563"}],"collection":[{"href":"https:\/\/www.reunion68.se\/index.php?rest_route=\/wp\/v2\/posts"}],"about":[{"href":"https:\/\/www.reunion68.se\/index.php?rest_route=\/wp\/v2\/types\/post"}],"author":[{"embeddable":true,"href":"https:\/\/www.reunion68.se\/index.php?rest_route=\/wp\/v2\/users\/1"}],"replies":[{"embeddable":true,"href":"https:\/\/www.reunion68.se\/index.php?rest_route=%2Fwp%2Fv2%2Fcomments&post=63563"}],"version-history":[{"count":3,"href":"https:\/\/www.reunion68.se\/index.php?rest_route=\/wp\/v2\/posts\/63563\/revisions"}],"predecessor-version":[{"id":63587,"href":"https:\/\/www.reunion68.se\/index.php?rest_route=\/wp\/v2\/posts\/63563\/revisions\/63587"}],"wp:attachment":[{"href":"https:\/\/www.reunion68.se\/index.php?rest_route=%2Fwp%2Fv2%2Fmedia&parent=63563"}],"wp:term":[{"taxonomy":"category","embeddable":true,"href":"https:\/\/www.reunion68.se\/index.php?rest_route=%2Fwp%2Fv2%2Fcategories&post=63563"},{"taxonomy":"post_tag","embeddable":true,"href":"https:\/\/www.reunion68.se\/index.php?rest_route=%2Fwp%2Fv2%2Ftags&post=63563"}],"curies":[{"name":"wp","href":"https:\/\/api.w.org\/{rel}","templated":true}]}}