{"id":63671,"date":"2018-09-03T17:09:16","date_gmt":"2018-09-03T15:09:16","guid":{"rendered":"http:\/\/www.reunion68.se\/?p=63671"},"modified":"2018-08-29T13:35:21","modified_gmt":"2018-08-29T11:35:21","slug":"03-09-31","status":"publish","type":"post","link":"https:\/\/www.reunion68.se\/?p=63671","title":{"rendered":"Co si\u0119 sta\u0142o w zoo? Problemy z nagrod\u0105 im. \u017babi\u0144skich"},"content":{"rendered":"<h5 style=\"text-align: center;\"><a href=\"https:\/\/chidusz.com\/\" target=\"_blank\" rel=\"noopener\"><img decoding=\"async\" class=\"center alignleft\" src=\"http:\/\/www.reunion68.com\/Biuletyn\/img\/chidusz.png\" alt=\"\" width=\"30%\" \/><\/a><span style=\"text-decoration: underline; color: #000080;\"><strong><a style=\"color: #000080; text-decoration: underline;\" href=\"https:\/\/chidusz.com\/co-sie-stalo-w-zoo-nagroda-im-zabinskich-from-the-depths-award-jonny-daniels\/\" target=\"_blank\" rel=\"noopener\">Co si\u0119 sta\u0142o w zoo? Problemy z nagrod\u0105 im. \u017babi\u0144skich<\/a><\/strong><\/span><\/h5>\n<p style=\"text-align: center;\"><span style=\"color: #000000;\"><strong>KATARZYNA ANDERSZ<\/strong><\/span><\/p>\n<hr style=\"background: #d0e6fa; width: 710px; height: 15px;\" \/>\n<p style=\"text-align: center;\"><img decoding=\"async\" class=\"aligncenter\" src=\"https:\/\/chidusz.com\/wp-content\/uploads\/2017\/11\/nagroda-imienia-%C5%BCabi%C5%84scy-jonny-daniels-tomasz-panfil-gazeta-polska-polityka-historyczna-jonathan-sacks-micha%C5%82-kalecki-biografia-000.jpg\" width=\"100%\" \/><span style=\"color: #808080;\"><em>Ok\u0142adka autorstwa Edyty Marciniak \/ CHIDUSZ 2017<\/em><\/span><\/p>\n<p><span class=\"run-in\">UROCZYSTO\u015a\u0106 PRZYZNANIA NAGR\u00d3D IM. \u017bABI\u0143SKICH DLA POLAK\u00d3W RATUJ\u0104CYCH \u017bYD\u00d3W ZDOMINOWALI POLITYCY. NIE POJAWI\u0141A SI\u0118 NA NIEJ TERESA \u017bABI\u0143SKA-ZAWADZKI, WYRA\u017bAJ\u0104C W TEN SPOS\u00d3B SW\u00d3J SPRZECIW WOBEC PRZYJ\u0118TEJ FORMU\u0141Y. NIEOBECNO\u015a\u0106 C\u00d3RKI PATRON\u00d3W ZWR\u00d3CI\u0141A UWAG\u0118 MEDI\u00d3W NA UPOLITYCZNIENIE TEGO WYDARZENIA. NIE ODNIESIONO SI\u0118 JEDNAK DO ZASAD PRZYZNAWANIA NAGRODY, KT\u00d3RE PODWA\u017bAJ\u0104 JEJ WIARYGODNO\u015a\u0106.<\/span><\/p>\n<p style=\"text-align: left;\"><b>Polityka to nie wszystko<\/b><\/p>\n<p style=\"text-align: left;\"><span style=\"color: #000080;\">18 wrze\u015bnia odby\u0142a si\u0119 w warszawskim zoo ceremonia wr\u0119czenia nagr\u00f3d im. Antoniny i Jana \u017babi\u0144skich dla Polak\u00f3w, kt\u00f3rzy w czasie II wojny \u015bwiatowej ratowali \u017byd\u00f3w. Uczestniczy\u0142a w niej spora grupa polskich prawicowych polityk\u00f3w oraz przedstawiciele izraelskiego Knesetu, ameryka\u0144skiego Kongresu i Ambasady Wielkiej Brytanii w Polsce. Nagrody wr\u0119cza\u0142 mi\u0119dzy innymi Dean Cain, hollywoodzki gwiazdor lat dziewi\u0119\u0107dziesi\u0105tych, znany z tytu\u0142owej roli w serialu \u201eNowe przygody Supermana\u201d.<\/span><\/p>\n<p style=\"text-align: left;\"><span style=\"color: #000080;\">Wi\u0119kszo\u015b\u0107 medi\u00f3w opisa\u0142a wydarzenie raczej zdawkowo, nie kwestionuj\u0105c wiarygodno\u015bci i wagi nagrody. Krytyczn\u0105 analiz\u0119 przebiegu uroczysto\u015bci przedstawi\u0142y jedynie TVN i \u201eGazeta Wyborcza\u201d, a powodem tego by\u0142a nieobecno\u015b\u0107 c\u00f3rki \u017babi\u0144skich i polityczna formu\u0142a wydarzenia. Problemy z nagrod\u0105 im. \u017babi\u0144skich nie zosta\u0142yby jednak rozwi\u0105zane, gdyby polityki na scenie nie by\u0142o. Element \u201ewiecowy\u201d, jak to okre\u015blono, jest tylko jednym z nadu\u017cy\u0107 w tej pr\u00f3bie honorowania Polak\u00f3w ratuj\u0105cych \u017byd\u00f3w. Kiedy jednak przyjrzymy si\u0119 \u00a0formalnym podstawom nagrody, oburzenie polityk\u0105 schodzi na dalszy plan.<\/span><\/p>\n<p style=\"text-align: left;\"><b>Fundacja<\/b><\/p>\n<p style=\"text-align: left;\"><span style=\"color: #000080;\">Nagroda oficjalnie nazywa si\u0119 \u201eFrom the Depths \u017babi\u0144ski Award\u201d, poniewa\u017c inicjatorem jej ustanowienia jest dzia\u0142aj\u0105ca w Polsce od trzech lat fundacja \u201eFrom the Depths\u201d. Jej za\u0142o\u017cyciel, Jonny Daniels, pochodzi z Wielkiej Brytanii, jest przyjacielem wielu obecnie rz\u0105dz\u0105cych polityk\u00f3w, a jego agencja PR obs\u0142uguje pa\u0144stwow\u0105 sp\u00f3\u0142k\u0119 PLL LOT. W mediach Daniels publicznie popiera d\u0105\u017cenia Polski do uzyskania niemieckich reparacji wojennych i propaguje teori\u0119, w kt\u00f3rej termin \u201epolskie obozy \u015bmierci\u201d jest celowo u\u017cywany w niemieckich mediach, aby odpowiedzialno\u015bci\u0105 za Zag\u0142ad\u0119 obarczy\u0107 Polak\u00f3w.<\/span><\/p>\n<p style=\"text-align: left;\"><b>Dawkowanie informacji<\/b><\/p>\n<p style=\"text-align: left;\"><span style=\"color: #000080;\">Fundacja \u201eFrom the Depths\u201d chce stawia\u0107 \u201emosty pomi\u0119dzy przesz\u0142o\u015bci\u0105 a przysz\u0142o\u015bci\u0105\u201d i \u00a0\u201ekszta\u0142towa\u0107 i budowa\u0107 lepsz\u0105 przysz\u0142o\u015b\u0107\u201d. \u201eDotyka tematu pami\u0119ci o Zag\u0142adzie\u201d, rozumiej\u0105c, \u017ce nie mo\u017cna \u201ei\u015b\u0107 po linii najmniejszego oporu, wype\u0142niaj\u0105c to wa\u017cne zadanie\u201d. Problem tylko w tym, \u017ce nie wiadomo, na czym to zadanie w praktyce mia\u0142oby polega\u0107. Projekty prowadzone przez fundacj\u0119 sprawiaj\u0105 wra\u017cenie spontanicznie organizowanych akcji, opartych g\u0142\u00f3wnie na du\u017cej promocji w mediach (Jonny Daniels cz\u0119sto i ch\u0119tnie wypowiada si\u0119 o nich w prawicowych gazetach, telewizji i na swoim twitterze) oraz obecno\u015bci zagranicznych celebryt\u00f3w. Zostaj\u0105 one nag\u0142a\u015bniane jako bezprecedensowe przyk\u0142ady wk\u0142adu w ochron\u0119 \u017cydowskiego dziedzictwa w Polsce. Prawicowa \u201eGazeta Polska\u201d chwali na przyk\u0142ad Danielsa za to, \u017ce w ci\u0105gu dw\u00f3ch lat zrobi\u0142 wi\u0119cej dla stosunk\u00f3w polsko-\u017cydowskich ni\u017c inni przez ostatnich osiem.<\/span><\/p>\n<p style=\"text-align: left;\"><span style=\"color: #000080;\">R\u00f3wnie enigmatyczny, jak opis dzia\u0142alno\u015bci fundacji, jest sk\u0142ad jej rady, w kt\u00f3ry wchodz\u0105 dwie osoby niemaj\u0105ce powi\u0105za\u0144 z ochron\u0105 \u017cycia \u017cydowskiego w Polsce ani z szeroko rozumian\u0105 kultur\u0105 \u017cydowsk\u0105 (na stronie fundacji nie s\u0105 nawet wymienione z nazwiska). Jak przyznaje Daniels, \u201eFrom the Depths\u201d to on i Lena Klaudel, czyli dyrektorka biura jego agencji PR (tak\u0105 informacj\u0119 mo\u017cna by\u0142o znale\u017a\u0107 przynajmniej do niedawna, kiedy strona agencji by\u0142a jeszcze dost\u0119pna). Nie wspomina o wsp\u00f3\u0142pracy z historykami lub o\u015brodkami badawczymi.<\/span><\/p>\n<p style=\"text-align: left;\"><b>Brak regulaminu<\/b><\/p>\n<p style=\"text-align: left;\"><span style=\"color: #000080;\">Do tej pory odby\u0142y si\u0119 dwie ceremonie wr\u0119czenia nagrody, wci\u0105\u017c jednak niejasne s\u0105 zasady jej przyznawania. Na stronie fundacji nie ma \u017cadnej informacji na ten temat, opr\u00f3cz tej, \u017ce wyr\u00f3\u017cnienie otrzymuj\u0105 Polacy ratuj\u0105cy \u017byd\u00f3w w czasie II wojny \u015bwiatowej. Nie wiadomo, jaki jest regulamin i kryteria przyznawania nagrody, czy istnieje komisja wybieraj\u0105ca nominowanych, a je\u017celi tak, to kto w niej zasiada, czy wreszcie, w jaki spos\u00f3b weryfikuje si\u0119 i po\u015bwiadcza historie o ratowaniu. Fundacja \u201eFrom the Depths\u201d nie udzieli\u0142a nam odpowiedzi na te pytania, cho\u0107 takie informacje powinny by\u0107 dost\u0119pne publicznie. R\u00f3wnie\u017c Teresa \u017babi\u0144ska-Zawadzki nie zna zasad przyznawania nagrody. \u0141atwo odnie\u015b\u0107 wra\u017cenie, \u017ce jej laureaci wybierani s\u0105 przypadkowo lub wed\u0142ug znanego tylko Danielsowi klucza.<\/span><\/p>\n<p style=\"text-align: left;\"><b>Selektywny wyb\u00f3r uhonorowanych<\/b><\/p>\n<p style=\"text-align: left;\"><span style=\"color: #000080;\">Skoro nie wiadomo, kto i wed\u0142ug jakich zasad wybiera laureat\u00f3w wyr\u00f3\u017cnienia, pojawiaj\u0105 si\u0119 pytania o obiektywno\u015b\u0107 wyboru, szczeg\u00f3lnie je\u015bli honoruje si\u0119 rodzin\u0119, kt\u00f3rej potomkowie to znani politycy. Jan Kawczy\u0144ski wraz z \u017con\u0105 i c\u00f3rk\u0105 zgin\u0119li, ratuj\u0105c \u017byd\u00f3w. Podczas ceremonii nagrod\u0119 w ich imieniu odebra\u0142 Daniel Kawczy\u0144ski, wnuk brata Kawczy\u0144skiego, brytyjski parlamentarzysta, cz\u0142onek partii konserwatywnej, kt\u00f3ry podczas uroczysto\u015bci zapewnia\u0142, \u017ce b\u0119dzie apelowa\u0142 do brytyjskiego rz\u0105du o pomoc w staraniach o reparacje wojenne.<\/span><\/p>\n<p style=\"text-align: left;\"><span style=\"color: #000080;\">Cho\u0107 trudno wymaga\u0107 od organizator\u00f3w, \u017ceby ustalali, co m\u00f3wi\u0105 osoby przyjmuj\u0105ce nagrod\u0119, ci\u0119\u017cko oprze\u0107 si\u0119 wra\u017ceniu, \u017ce obecno\u015b\u0107 Kawczy\u0144skiego by\u0142a skrupulatnie zaplanowanym elementem politycznej narracji tej uroczysto\u015bci.<\/span><\/p>\n<p style=\"text-align: left;\"><b>\u201eFormalna\u201d<\/b>\u00a0<b>konkurencja dla Yad Vashem<\/b><\/p>\n<p style=\"text-align: left;\"><span style=\"color: #000080;\">Ide\u0105 towarzysz\u0105c\u0105 powstaniu nagrody by\u0142a ch\u0119\u0107 uhonorowania tych, kt\u00f3rzy z powod\u00f3w formalnych nie mogli otrzyma\u0107 medalu z Yad Vashem. Te \u201epowody formalne\u201d s\u0105 zreszt\u0105 jedynym tropem wskazuj\u0105cym spos\u00f3b wyboru wyr\u00f3\u017cnianych os\u00f3b.<\/span><\/p>\n<p style=\"text-align: left;\"><span style=\"color: #000080;\">Kiedy Jonny Daniels dwa lata temu zaproponowa\u0142 Teresie \u017babi\u0144skiej-Zawadzki, \u017ceby nagroda nosi\u0142a imi\u0119 jej rodzic\u00f3w, zgodzi\u0142a si\u0119 mi\u0119dzy innymi dlatego, \u017ce jej brat tak\u017ce nie dosta\u0142 medalu z Yad Vashem z \u201epowod\u00f3w formalnych\u201d. Wed\u0142ug niej wymagania stawiane przez Yad Vashem nie mia\u0142y odniesienia do sytuacji jej rodziny, poniewa\u017c udzia\u0142 brata w ratowaniu \u017byd\u00f3w zosta\u0142 dobrze udokumentowany, r\u00f3wnie\u017c, co wed\u0142ug wytycznych Yad Vashem jest konieczne, przez uratowanych. Jednak, \u017ceby dosta\u0107 medal, Ryszard \u017babi\u0144ski musia\u0142by sam o niego zabiega\u0107, a tego nie chcia\u0142. \u017babi\u0144ska-Zawadzki uzna\u0142a wi\u0119c, \u017ce pomys\u0142 Danielsa daje wyraz pi\u0119knej idei, a w dodatku pozwoli uhonorowa\u0107 osoby b\u0119d\u0105ce w podobnej sytuacji, kt\u00f3re nie chc\u0105 udowadnia\u0107, \u017ce m\u00f3wi\u0105 prawd\u0119. Ryszard \u017babi\u0144ski w zesz\u0142ym roku jako pierwszy otrzyma\u0142 nagrod\u0119 im. \u017babi\u0144skich.<\/span><\/p>\n<p style=\"text-align: left;\"><span style=\"color: #000080;\">Jednak w tym roku nagrody trafi\u0142y do os\u00f3b, o kt\u00f3rych jerozolimski instytut nawet nie s\u0142ysza\u0142.<\/span><\/p>\n<p style=\"text-align: left;\"><span style=\"color: #000080;\">Jak uda\u0142o si\u0119 ustali\u0107, zar\u00f3wno rodzina Kawczy\u0144skich, jak i Jakoniuk (dwoje z trojga tegorocznych odznaczonych) nigdy nie zosta\u0142y zg\u0142oszone do Yad Vashem. Trudno zatem m\u00f3wi\u0107 o \u201epowodach formalnych\u201d, kt\u00f3re sprawi\u0142yby, \u017ce komisja odznaczaj\u0105ca Sprawiedliwych postanowi\u0142aby tego nie robi\u0107. Fundacja Jonny\u2019ego Danielsa, zamiast zasugerowa\u0107 zg\u0142oszenie do Yad Vashem, postanowi\u0142a sama (lepiej?) uhonorowa\u0107 ratuj\u0105cych.<\/span><\/p>\n<p style=\"text-align: left;\"><span style=\"color: #000080;\">Trzecie odznaczenie trafi\u0142o natomiast do zgromadzenia Si\u00f3str Franciszkanek Rodziny Maryi. Zaledwie rok temu kilka si\u00f3str nale\u017c\u0105cych do zgromadzenia zosta\u0142o po\u015bmiertnie odznaczonych medalem Sprawiedliwych W\u015br\u00f3d Narod\u00f3w \u015awiata. Instytut Yad Vashem nie przyznaje jednak odznacze\u0144 ca\u0142ym spo\u0142eczno\u015bciom czy wsp\u00f3lnotom. Wyj\u0105tek stanowi\u0142a jedynie polska organizacja \u017begota, w kt\u00f3rej \u00a0dzia\u0142alno\u015b\u0107 zaanga\u017cowana by\u0142a ca\u0142a siatka os\u00f3b, i Du\u0144czycy (jako ca\u0142y nar\u00f3d), kt\u00f3rzy wsp\u00f3lnym wysi\u0142kiem sprawili, \u017ce niemal wszystkim du\u0144skim \u017bydom uda\u0142o si\u0119 prze\u017cy\u0107 wojn\u0119. Dostali oni jednak nie medale i tytu\u0142y, a drzewka w Alei Sprawiedliwych. Yad Vashem zapewne odznaczy\u0142by ca\u0142e zgromadzenie Si\u00f3str Franciszkanek, gdyby uzna\u0142, \u017ce ratowa\u0142y wszystkie siostry.<\/span><\/p>\n<p style=\"text-align: left;\"><b>Kto jest bohaterem?<\/b><\/p>\n<p style=\"text-align: left;\"><span style=\"color: #000080;\">Przyj\u0119\u0142o si\u0119, \u017ce okre\u015blenie Sprawiedliwi, pisane wielk\u0105 liter\u0105, odnosi si\u0119 wy\u0142\u0105cznie do os\u00f3b odznaczonych medalem Sprawiedliwych W\u015br\u00f3d Narod\u00f3w \u015awiata. Yad Vashem weryfikuje zeznania ratowanych, ratuj\u0105cych i \u015bwiadk\u00f3w. Na tej podstawie orzeka, czy udzielona pomoc motywowana by\u0142a wy\u0142\u0105cznie s\u0142usznymi pobudkami. Medal mo\u017ce by\u0107 przyznany tylko w wypadku, kiedy ratuj\u0105cy nara\u017ca\u0142 swoje \u017cycie i kiedy jasno stwierdzono, \u017ce nie robi\u0142 tego dla korzy\u015bci materialnych b\u0105d\u017a jakichkolwiek innych lub z powodu ch\u0119ci przekonania kogo\u015b do zmiany wiary. Ca\u0142a procedura jest czasoch\u0142onna, ale rzetelnie przeprowadzana. Do tej pory nikt jej nie kwestionowa\u0142.<\/span><\/p>\n<p style=\"text-align: left;\"><span style=\"color: #000080;\">Fundacja \u201eFrom the Depths\u201d nie ujawnia, czy wsp\u00f3\u0142pracuje z historykami, co budzi zasadne podejrzenie, \u017ce tego nie robi. Brak jasnych procedur mo\u017ce doprowadzi\u0107 w przysz\u0142o\u015bci do nies\u0142usznego uznania za bohatera kogo\u015b, kto nim w rzeczywisto\u015bci nie by\u0142.<\/span><\/p>\n<p style=\"text-align: left;\"><span style=\"color: #000080;\">Je\u017celi potencjalni wyr\u00f3\u017cnieni nie otrzymali medalu z Yad Vashem, trzeba najpierw dotrze\u0107 do informacji, dlaczego tak si\u0119 sta\u0142o. Jest to o tyle skomplikowane, \u017ce dokumenty z posiedze\u0144 komisji rozpatruj\u0105cej przyznanie tytu\u0142u Sprawiedliwych s\u0105 tajne, wi\u0119c w najlepszym wypadku mo\u017cna si\u0119 dowiedzie\u0107, \u017ce spraw\u0119 zawieszono. Powody, dla kt\u00f3rych tak si\u0119 sta\u0142o, nie b\u0119d\u0105 ujawnione. Opr\u00f3cz niekompletnej dokumentacji, mog\u0105 to by\u0107 przecie\u017c niejasne okoliczno\u015bci ratowania albo \u017c\u0105danie op\u0142aty od ratowanego. Wi\u0119kszo\u015b\u0107 spraw nie jest udokumentowana tak dobrze, jak pomoc, kt\u00f3rej udzielali \u017babi\u0144scy i ich syn Ryszard.<\/span><\/p>\n<p style=\"text-align: left;\"><b>Co dalej ze Sprawiedliwymi?<\/b><\/p>\n<p style=\"text-align: left;\"><span style=\"color: #000080;\">Wi\u0119kszo\u015b\u0107 Sprawiedliwych nie \u017cyje ju\u017c od lat. Ich dzieci o dzia\u0142alno\u015bci rodzic\u00f3w wiedz\u0105 cz\u0119sto jedynie z opowiada\u0144, bo w czasie wojny by\u0142y zbyt ma\u0142e, \u017ceby \u015bwiadomie pomaga\u0107 lub nawet pami\u0119ta\u0107 to, co wtedy si\u0119 dzia\u0142o. Umieraj\u0105 ostatni uratowani, a je\u015bli \u017cyj\u0105, cz\u0119sto nie s\u0105 ju\u017c w stanie opowiedzie\u0107 swojej historii. I w\u0142a\u015bnie w tym momencie nast\u0119puje w Polsce gwa\u0142towny wzrost inicjatyw maj\u0105cych upami\u0119tni\u0107 ratuj\u0105cych. W 2016 roku powstaje Kaplica Pami\u0119ci w toru\u0144skim sanktuarium wybudowanym z inicjatywy Tadeusza Rydzyka [czytaj\u00a0<a style=\"color: #000080;\" href=\"https:\/\/chidusz.com\/ojciec-tadueusz-rydzyk-kaplica-sprawiedliwych-jonny-daniels\/\">wi\u0119cej<\/a>], a Radio Maryja odnajduje tysi\u0105ce Polak\u00f3w, kt\u00f3rym nale\u017ca\u0142by si\u0119 medal Yad Vashem. W tym samym czasie fundacja Jonny\u2019ego Danielsa zaczyna wr\u0119cza\u0107 medale Polakom, kt\u00f3rzy ratowali \u017byd\u00f3w. Pojawiaj\u0105 si\u0119 nowe historie, cz\u0119sto pochodz\u0105ce ju\u017c tylko z przekazu kolejnych pokole\u0144, podczas gdy narz\u0119dzi do weryfikacji ich wiarygodno\u015bci jest coraz mniej.<\/span><\/p>\n<p style=\"text-align: left;\"><span style=\"color: #000080;\">Nale\u017cy zatem zada\u0107 pytanie, czy powinno honorowa\u0107 si\u0119 nie\u017cyj\u0105cych, gdy brakuje \u015bwiadectw ich bohaterskich czyn\u00f3w? Zrozumia\u0142e jest, \u017ce wiele rodzin czuje si\u0119 pokrzywdzonych przez bardzo precyzyjnie sformu\u0142owane zasady Yad Vashem, ale ryzyko nadu\u017cy\u0107 jest spore, zar\u00f3wno ze strony rodzin opowiadaj\u0105cych o swoich przodkach, jak i pragn\u0105cych rozg\u0142osu tw\u00f3rc\u00f3w nagr\u00f3d.<\/span><\/p>\n<p style=\"text-align: left;\"><span style=\"color: #000080;\">Z kolei Instytut Yad Vashem powinien na nowo przemy\u015ble\u0107 formu\u0142\u0119, a by\u0107 mo\u017ce nawet zako\u0144czy\u0107 przyznawanie tytu\u0142u Sprawiedliwych, gdy\u017c odchodz\u0105 ostatnie osoby, kt\u00f3re mog\u0142yby za\u015bwiadczy\u0107 o przypadkach ratowania \u017byd\u00f3w podczas wojny.<\/span><\/p>\n<p style=\"text-align: left;\"><b>Upolitycznienie \u017babi\u0144skich<\/b><\/p>\n<p><span style=\"color: #000080;\">Antonina i Jan \u017babi\u0144scy zostali Sprawiedliwymi ju\u017c w 1965 roku, czyli trzy lata po powo\u0142aniu komisji przyznaj\u0105cej wyr\u00f3\u017cnienia. Pomogli oko\u0142o stu \u017bydom, a przynajmniej tyle przypadk\u00f3w dobrze udokumentowano. Trudno wskaza\u0107 dok\u0142adn\u0105 liczb\u0119 os\u00f3b, gdy\u017c \u017babi\u0144scy pomagali na r\u00f3\u017cne sposoby. W willi na terenie warszawskiego zoo, kt\u00f3rego Jan \u017babi\u0144ski by\u0142 dyrektorem, ukrywa\u0142o si\u0119 w r\u00f3\u017cnych okresach wiele rodzin, ale \u017babi\u0144ski zajmowa\u0142 si\u0119 \u017bydami ju\u017c na etapie wyprowadzania ich z getta: organizowa\u0142 kryj\u00f3wki, za\u0142atwia\u0142 fa\u0142szywe papiery. Pom\u00f3g\u0142 mi\u0119dzy innymi Racheli Auerbach, jednej z trzech os\u00f3b, kt\u00f3re prze\u017cy\u0142y wojn\u0119 i wiedzia\u0142y o lokalizacji miejsca ukrycia archiwum getta. Dokumenty, \u00a0nazwane Archiwum Ringelbluma, zdeponowano po wojnie w \u017bydowskim Instytucie Historycznym. S\u0105 one bezcennym \u017ar\u00f3d\u0142em wiedzy o \u017cyciu w getcie. Historia \u017babi\u0144skich zyska\u0142a mi\u0119dzynarodowy rozg\u0142os dzi\u0119ki hollywoodzkiemu filmowi \u201eAzyl\u201d, kt\u00f3ry premier\u0119 mia\u0142 w marcu tego roku.<\/span><\/p>\n<p><span style=\"color: #000080;\">\u201eJestem Polakiem-demokrat\u0105\u201d \u2013 pisa\u0142 Jan \u017babi\u0144ski, wyja\u015bniaj\u0105c swoj\u0105 motywacj\u0119 do pomocy \u017bydom. \u201eDo \u017cadnej partii nie nale\u017c\u0119 i \u017caden program partyjny nie by\u0142 moim przewodnikiem. Nie mo\u017cna mnie podci\u0105gn\u0105\u0107 pod jakikolwiek strychulec. Czyny moje by\u0142y i s\u0105 konsekwencj\u0105 pewnego nastroju psychicznego w wyniku wychowania post\u0119powo-humanistycznego, jakie otrzyma\u0142em zar\u00f3wno w domu rodzinnym, jak i w gimnazjum Kreczmara\u201d \u2013 te s\u0142owa cytuje Teresa \u017babi\u0144ska-Zawadzki, komentuj\u0105c uroczysto\u015b\u0107 przyznania nagr\u00f3d.<\/span><\/p>\n<p><span style=\"color: #000080;\">C\u00f3rce Jana i Antoniny \u017babi\u0144skich obecno\u015b\u0107 polityk\u00f3w nie przeszkadza, pod warunkiem, \u017ce s\u0105 oni go\u015b\u0107mi i nie wykorzystuj\u0105 uroczysto\u015bci do realizowania swoich cel\u00f3w. \u201eZ tego zrobi\u0142 si\u0119 wiec polityczny, a chyba nie taka by\u0142a idea, nie o to chodzi\u0142o\u201d \u2013 m\u00f3wi\u0142a. Swoje pogl\u0105dy \u017babi\u0144ska-Zawadzki przedstawi\u0142a te\u017c organizatorowi uroczysto\u015bci przyznania nagr\u00f3d im. \u017babi\u0144skich, fundacji \u201eFrom the Depths\u201d, jej zdanie nie zosta\u0142o jednak uwzgl\u0119dnione.<\/span><\/p>\n<p><span style=\"color: #000080;\">\u017babi\u0144ska wspomina przy tej okazji ceremoni\u0119, kt\u00f3ra odby\u0142a si\u0119 w Teatrze Narodowym w 2008 roku, podczas kt\u00f3rej krzy\u017cami komandorskimi zostali odznaczeni Polacy ratuj\u0105cy \u017byd\u00f3w, w tym jej rodzice. \u201eWspania\u0142a, cudowna uroczysto\u015b\u0107\u201d \u2013 wspomina, zaznaczaj\u0105c, \u017ce byli na niej obecni politycy r\u00f3\u017cnych opcji, ale odby\u0142a si\u0119 ona bez zb\u0119dnych przem\u00f3w. Odznaczenia w imieniu prezydenta Lecha Kaczy\u0144skiego wr\u0119cza\u0142a wtedy Maria Kaczy\u0144ska.<\/span><\/p>\n<p><b>Promocja Polski<\/b><\/p>\n<p style=\"text-align: left;\"><span style=\"color: #000080;\">Podczas uroczysto\u015bci wr\u0119czenia nagr\u00f3d im. \u017babi\u0144skich po raz kolejny okaza\u0142o si\u0119, \u017ce polscy Sprawiedliwi s\u0142u\u017c\u0105 kreowaniu takiej narracji historycznej, z kt\u00f3rej wyeliminowane zostan\u0105 postawy oboj\u0119tno\u015bci i wrogo\u015bci wobec \u017byd\u00f3w. M\u00f3wienie o zbrodniach pope\u0142nionych na polskich \u017bydach przez Polak\u00f3w od jakiego\u015b czasu traktowane jest jako prowokacja i zamach na dobre imi\u0119 narodu. Sprawiedliwi s\u0105 jednym z g\u0142\u00f3wnych \u015brodk\u00f3w, jakimi pr\u00f3buje si\u0119 budowa\u0107 p\u0142yn\u0105ce w \u015bwiat pozytywne przes\u0142anie o \u00a0postawie Polak\u00f3w wobec \u017byd\u00f3w w czasie wojny [czytaj\u00a0<a style=\"color: #000080;\" href=\"https:\/\/chidusz.com\/a-quarter-million-trees-bearing-down-upon-us-how-poland-exploits-its-righteous-among-the-nations\/\">wi\u0119cej<\/a>]. Tyle \u017ce \u015bwiat nie da temu wiary, je\u015bli nie zachowa si\u0119 odpowiednich proporcji.<\/span><\/p>\n<p style=\"text-align: left;\"><span style=\"color: #000080;\">Niegodziwo\u015bci\u0105 wobec Sprawiedliwych jest forsowanie tezy, kt\u00f3ra sugeruje, \u017ce ich postawa by\u0142a powszechna. Nie by\u0142a i dlatego nale\u017cy si\u0119 im uczciwe przyznanie, \u017ce wyr\u00f3\u017cniali si\u0119 wyj\u0105tkow\u0105 postaw\u0105. Tego tak\u017ce zabrak\u0142o na uroczysto\u015bci przyznania nagr\u00f3d im. \u017babi\u0144skich. Wicepremier Mateusz Morawiecki w swoim przem\u00f3wieniu stwierdzi\u0142, \u017ce \u201eca\u0142y nar\u00f3d polski powinien mie\u0107 jedno wielkie drzewo Sprawiedliwych W\u015br\u00f3d Narod\u00f3w\u00a0\u015awiata\u201d. Ta wypowied\u017a dobrze oddaje ton dominuj\u0105cej w Polsce polityki historycznej.<\/span><\/p>\n<p style=\"text-align: left;\"><b>Raj dla \u017byd\u00f3w<\/b><\/p>\n<p style=\"text-align: left;\"><span style=\"color: #000080;\">Podczas uroczysto\u015bci Jaros\u0142aw Kaczy\u0144ski pot\u0119pi\u0142 Zag\u0142ad\u0119 (\u201eby\u0142a arcyzbrodni\u0105, wyrazem skrajnego, najskrajniejszego z\u0142a\u201d) oraz zwr\u00f3ci\u0142 uwag\u0119 na problem wsp\u00f3\u0142czesnego antysemityzmu. \u201eDzi\u015b antysemityzm cz\u0119sto przejawia si\u0119 jako wrogo\u015b\u0107 wzgl\u0119dem Pa\u0144stwa Izrael, tak charakterystyczna w szczeg\u00f3lno\u015bci dla ca\u0142ej europejskiej lewicy\u201d \u2013 m\u00f3wi\u0142. Wt\u00f3rowa\u0142 mu inny polityk Prawa i Sprawiedliwo\u015bci, sekretarz stanu w Ministerstwie Spraw Zagranicznych, Jan Dziedziczak: \u201ePowinni\u015bmy stale przypomina\u0107 o Holokau\u015bcie, o tym, co Niemcy zrobili z \u017bydami. Dlaczego? Dlatego, \u017ce antysemityzm si\u0119 odradza. My tego w Polsce nie widzimy. Warszawa to jedna z nielicznych europejskich stolic, gdzie \u017byd mo\u017ce spokojnie i\u015b\u0107 w jarmu\u0142ce i nie grozi mu za to pobicie czy nawet zabicie. Niestety, o innych stolicach, zw\u0142aszcza na zach\u00f3d od naszych granic, tego nie mo\u017cna powiedzie\u0107\u201d.<\/span><\/p>\n<p style=\"text-align: left;\"><span style=\"color: #000080;\">Z\u0142udn\u0105 trosk\u0119 pos\u0142a Dziedziczaka o europejskich \u017byd\u00f3w najlepiej pokazuje notka, kt\u00f3r\u0105 opublikowa\u0142 na swojej oficjalnej stronie w czerwcu 2015 roku. Broni\u0142 si\u0119 wtedy przed zarzutami o bycie \u201elobbyst\u0105\u201d na rzecz Izraela. \u201eW swoich wypowiedziach nigdy nie ukrywa\u0142em, \u017ce w konflikcie \u00a0Izraelsko-Palesty\u0144skim jestem po stronie Izraela\u201d \u2013\u00a0<span class=\"glossaryLink \" data-cmtooltip=\"a to definicja pisania\">pisze<\/span>\u00a0[pisownia oryginalna]. Wyja\u015bnia, \u017ce Izrael w \u201ezderzeniu cywilizacji\u201d broni nas przed radykalnym islamem, ale te\u017c podkre\u015bla, \u017ce pa\u0144stwo \u017cydowskie jest wa\u017cne po to, aby nar\u00f3d \u017cydowski \u201enie musia\u0142 tu\u0142a\u0107 si\u0119 po ca\u0142ym \u015bwiecie\u201d, czyli \u201eucieka\u0107 np. do Polski\u201d. \u201eWspierajmy go zatem dyplomatycznie w procesie bliskowschodnim. To si\u0119 nam jako Polsce op\u0142aca\u201d \u2013 konkluduje, daj\u0105c do zrozumienia, \u017ce im bardziej Polska b\u0119dzie wspiera\u0107 Izrael, tym mniej \u017cydowskich tu\u0142aczy zostanie nam na g\u0142owie w Polsce.<\/span><\/p>\n<p style=\"text-align: left;\"><span style=\"color: #000080;\">W wywiadach Teresa \u017babi\u0144ska-Zawadzki retorycznie pyta, co z nagrod\u0105 imienia jej rodzic\u00f3w maj\u0105 wsp\u00f3lnego obecne stosunki Polski z Izraelem. Na temat braku antysemityzmu w Polsce te\u017c ma \u201etroch\u0119 inne zdanie\u201d, o kt\u00f3rym przypomnia\u0142a, m\u00f3wi\u0105c o paleniu kuk\u0142y \u017byda i odradzaj\u0105cych si\u0119 boj\u00f3wkach ONR.<\/span><\/p>\n<p style=\"text-align: left;\"><b>Reprezentacja Polski<\/b><\/p>\n<p style=\"text-align: left;\"><span style=\"color: #000080;\">\u015arodowiska \u017cydowskie na uroczysto\u015bci w warszawskim zoo reprezentowa\u0142 przewodnicz\u0105cy TSK\u017b-u Artur Hofman oraz rabin Chabadu Szalom Dow Ber Stambler. Oni te\u017c w sierpniu 2017 r.\u00a0<a style=\"color: #000080;\" href=\"https:\/\/www.tvn24.pl\/wiadomosci-z-kraju,3\/kaczynski-spotkal-sie-z-przedstawicielami-srodowisk-zydowskich,764986.html\"><span style=\"text-decoration: underline;\"><strong>fotografowali<\/strong><\/span><\/a>\u00a0si\u0119 z Jaros\u0142awem Kaczy\u0144skim z okazji \u201eowocnego spotkania z liderami \u015brodowisk \u017cydowskich w Polsce\u201d (s\u0142owa Danielsa). Uczestnicy spotkania zostali wtedy jednog\u0142o\u015bnie skrytykowani przez trzyna\u015bcie polskich organizacji \u017cydowskich, kt\u00f3re we wsp\u00f3lnym o\u015bwiadczeniu podkre\u015bli\u0142y, \u017ce \u017caden z nich nie ma upowa\u017cnienia do mianowania si\u0119 reprezentantem \u201e\u015brodowisk \u017cydowskich\u201d podczas spotka\u0144 z politykami.<\/span><\/p>\n<p style=\"text-align: left;\"><span style=\"color: #000080;\">Polityk\u00f3w opcji innej ni\u017c PiS w zasadzie zabrak\u0142o. Grzegorz Schetyna i Hanna Gronkiewicz-Waltz wys\u0142ali swoje listy, a na uroczysto\u015bci pojawi\u0142a si\u0119 pos\u0142anka Nowoczesnej Katarzyna Lubnauer, kt\u00f3ra jako jedyna w swoim przem\u00f3wieniu zwr\u00f3ci\u0142a uwag\u0119 na niepokoj\u0105ce zjawiska w Polsce.<\/span><\/p>\n<p class=\"end-of-article\" style=\"text-align: left;\"><span style=\"color: #000080;\">Nie pojawili si\u0119 reprezentanci Ambasady Izraela w Polsce (Ambasador mia\u0142a inne zobowi\u0105zania), przedstawiciele i rabini Zwi\u0105zku Gmin Wyznaniowych \u017bydowskich w RP ani przedstawiciele kilkunastu innych organizacji \u017cydowskich. Wszystko zn\u00f3w, tak jak podczas sierpniowego spotkania, odby\u0142o si\u0119 w w\u0105skim gronie, a w \u015bwiat wys\u0142ano przes\u0142anie pokazuj\u0105ce zgodno\u015b\u0107 i wsp\u00f3\u0142prac\u0119 pomi\u0119dzy w\u0142adz\u0105 a \u015brodowiskami \u017cydowskimi. Wi\u0119kszo\u015b\u0107 zagranicznych medi\u00f3w, w kt\u00f3rych zosta\u0142a odnotowana uroczysto\u015b\u0107, nie pr\u00f3bowa\u0142a zg\u0142\u0119bi\u0107 tematu. Jedynie ameryka\u0144ski \u201eForward\u201d 8 pa\u017adziernika 2017 r. opublikowa\u0142\u00a0<a style=\"color: #000080;\" href=\"https:\/\/forward.com\/news\/world\/384236\/chabad-feuds-with-jewish-leaders-over-cozy-ties-to-eastern-european-autocra\/\"><span style=\"text-decoration: underline;\"><strong>artyku\u0142<\/strong><\/span><\/a>\u00a0o tym, jak w krajach dawnego bloku wschodniego Chabad umniejsza rzeczywist\u0105 skal\u0119 antysemityzmu, \u017ceby zdoby\u0107 przychylno\u015b\u0107 w\u0142adz i publiczne fundusze. Zosta\u0142o w nim wspomniane sierpniowe spotkanie Jaros\u0142awa Kaczy\u0144skiego z przedstawicielami Chabadu, Jonnym Danielsem i Arturem Hofmanem.<\/span><\/p>\n<p class=\"entry-meta-wrapper\" style=\"margin: 1.56rem 0px 0px; padding: 0px; border: 0px currentColor; color: #0b0e10; text-transform: none; text-indent: 0px; letter-spacing: normal; font-family: Soleil, soleil-1, soleil-2, 'Helvetica Neue', Helvetica, Arial, sans-serif; font-size: 0.81rem; font-style: italic; font-weight: 400; word-spacing: 0px; vertical-align: baseline; white-space: normal; orphans: 2; widows: 2; background-color: #ffffff; font-variant-ligatures: normal; font-variant-caps: normal; -webkit-text-stroke-width: 0px; text-decoration-style: initial; text-decoration-color: initial;\"><span style=\"color: #808080;\"><time class=\"entry-date\" datetime=\"2018-08-21T13:27:07+00:00\">21 sierpnia 2018<\/time>\u00a0\u2013\u00a0<a style=\"color: #808080;\" href=\"https:\/\/chidusz.com\/category\/historia\/\" rel=\"category tag\">historia<\/a>\u00a0\/\u00a0<a style=\"color: #808080;\" href=\"https:\/\/chidusz.com\/category\/bez-kategorii\/\" rel=\"category tag\">komentarze<\/a>\u00a0\/\u00a0<a style=\"color: #808080;\" href=\"https:\/\/chidusz.com\/category\/spoleczenstwo\/\" rel=\"category tag\">spo\u0142ecze\u0144stwo<\/a>\u00a0\/\u00a0<a style=\"color: #808080;\" href=\"https:\/\/chidusz.com\/tag\/chidusz-42-92017\/\" rel=\"tag\">CHIDUSZ 42 &#8211; 9\/2017<\/a><\/span><\/p>\n<hr style=\"background: #d0e6fa; width: 710px; height: 15px;\" \/>\n<div id=\"content\" class=\" content-alignment&lt;br \/&gt;&lt;br \/&gt; \">\n<div id=\"watch-description\" class=\"yt-uix-button-panel\">\n<div id=\"watch-description-text\" style=\"text-align: center;\">\n<p><em>Zawarto\u015b\u0107 publikowanych artyku\u0142\u00f3w i materia\u0142\u00f3w nie reprezentuje pogl\u0105d\u00f3w ani opinii Reunion&#8217;68,<\/em><em><br \/>\nani te\u017c webmastera Blogu Reunion&#8217;68, chyba ze jest to wyra\u017anie zaznaczone.<br \/>\nTwoje uwagi, linki, w\u0142asne artyku\u0142y lub wiadomo\u015bci prze\u015blij na adres:<br \/>\n<\/em><span style=\"color: #000080;\"><strong><em><a style=\"color: #000080;\" href=\"mailto:webmaster@reunion68.com\"><span style=\"text-decoration: underline;\">webmaster@reunion68.com<\/span><\/a><\/em><\/strong><\/span><\/p>\n<\/div>\n<\/div>\n<\/div>\n<p>&nbsp;<\/p>\n<hr style=\"width: 710px;\" \/>\n","protected":false},"excerpt":{"rendered":"<p>Co si\u0119 sta\u0142o w zoo? Problemy z nagrod\u0105 im. \u017babi\u0144skich KATARZYNA ANDERSZ Ok\u0142adka autorstwa Edyty Marciniak \/ CHIDUSZ 2017 UROCZYSTO\u015a\u0106 PRZYZNANIA NAGR\u00d3D IM. \u017bABI\u0143SKICH DLA POLAK\u00d3W RATUJ\u0104CYCH \u017bYD\u00d3W ZDOMINOWALI POLITYCY. NIE POJAWI\u0141A SI\u0118 NA NIEJ TERESA \u017bABI\u0143SKA-ZAWADZKI, WYRA\u017bAJ\u0104C W TEN SPOS\u00d3B SW\u00d3J SPRZECIW WOBEC PRZYJ\u0118TEJ FORMU\u0141Y. NIEOBECNO\u015a\u0106 C\u00d3RKI PATRON\u00d3W ZWR\u00d3CI\u0141A UWAG\u0118 MEDI\u00d3W NA UPOLITYCZNIENIE TEGO [&hellip;]<\/p>\n","protected":false},"author":1,"featured_media":0,"comment_status":"closed","ping_status":"closed","sticky":false,"template":"","format":"standard","meta":[],"categories":[6],"tags":[26,24],"_links":{"self":[{"href":"https:\/\/www.reunion68.se\/index.php?rest_route=\/wp\/v2\/posts\/63671"}],"collection":[{"href":"https:\/\/www.reunion68.se\/index.php?rest_route=\/wp\/v2\/posts"}],"about":[{"href":"https:\/\/www.reunion68.se\/index.php?rest_route=\/wp\/v2\/types\/post"}],"author":[{"embeddable":true,"href":"https:\/\/www.reunion68.se\/index.php?rest_route=\/wp\/v2\/users\/1"}],"replies":[{"embeddable":true,"href":"https:\/\/www.reunion68.se\/index.php?rest_route=%2Fwp%2Fv2%2Fcomments&post=63671"}],"version-history":[{"count":5,"href":"https:\/\/www.reunion68.se\/index.php?rest_route=\/wp\/v2\/posts\/63671\/revisions"}],"predecessor-version":[{"id":63696,"href":"https:\/\/www.reunion68.se\/index.php?rest_route=\/wp\/v2\/posts\/63671\/revisions\/63696"}],"wp:attachment":[{"href":"https:\/\/www.reunion68.se\/index.php?rest_route=%2Fwp%2Fv2%2Fmedia&parent=63671"}],"wp:term":[{"taxonomy":"category","embeddable":true,"href":"https:\/\/www.reunion68.se\/index.php?rest_route=%2Fwp%2Fv2%2Fcategories&post=63671"},{"taxonomy":"post_tag","embeddable":true,"href":"https:\/\/www.reunion68.se\/index.php?rest_route=%2Fwp%2Fv2%2Ftags&post=63671"}],"curies":[{"name":"wp","href":"https:\/\/api.w.org\/{rel}","templated":true}]}}