{"id":63770,"date":"2018-09-05T17:09:58","date_gmt":"2018-09-05T15:09:58","guid":{"rendered":"http:\/\/www.reunion68.se\/?p=63770"},"modified":"2018-09-05T08:00:31","modified_gmt":"2018-09-05T06:00:31","slug":"08-09-26","status":"publish","type":"post","link":"https:\/\/www.reunion68.se\/?p=63770","title":{"rendered":"\u017bydowscy prawnicy apeluj\u0105 do Morawieckiego i Ziobry o wytyczne ws. ustawy o IPN"},"content":{"rendered":"<h5 style=\"text-align: center;\"><a href=\"http:\/\/wiadomosci.dziennik.pl\/\" target=\"_blank\" rel=\"noopener\"><img decoding=\"async\" class=\"center alignleft\" src=\"http:\/\/www.reunion68.com\/Biuletyn\/img\/dziennik-pl.png\" alt=\"\" width=\"30%\" \/><\/a><span style=\"text-decoration: underline; color: #000080;\"><strong><a style=\"color: #000080; text-decoration: underline;\" href=\"http:\/\/wiadomosci.dziennik.pl\/polityka\/artykuly\/580497,prawnicy-zydzi-apel-morawiecki-ziobro-prokuratura-ustawa-ipn.html\" target=\"_blank\" rel=\"noopener\">\u017bydowscy prawnicy apeluj\u0105 do Morawieckiego i Ziobry o wytyczne ws. ustawy o IPN<\/a><\/strong><\/span><\/h5>\n<p style=\"text-align: center;\"><span style=\"color: #000000;\"><strong>\u0179r\u00f3d\u0142o: PAP<\/strong><\/span><\/p>\n<hr style=\"background: #d0e6fa; width: 710px; height: 15px;\" \/>\n<p style=\"text-align: center;\"><img decoding=\"async\" class=\"aligncenter\" src=\"http:\/\/8.s.dziennik.pl\/pliki\/10803000\/10803172-polska-izrael-i-ipn-900-554.jpg\" width=\"100%\" \/><span style=\"color: #808080;\"><em>Polska, Izrael i IPN \/ Shutterstock<\/em><\/span><\/p>\n<p style=\"text-align: left;\"><strong>O wydanie wytycznych dotycz\u0105cych stosowania przez prokuratur\u0119 przepis\u00f3w ustawy o IPN zgodnie z tre\u015bci\u0105 czerwcowej deklaracji premier\u00f3w Polski i Izraela zaapelowa\u0142o we wtorek do polskich w\u0142adz Mi\u0119dzynarodowe Stowarzyszenie Adwokat\u00f3w i Prawnik\u00f3w \u017bydowskich (IAJLJ).<\/strong><\/p>\n<p style=\"text-align: left;\"><span style=\"color: #000080;\">W apelu\u00a0<strong>IAJLJ\u00a0<\/strong>zwr\u00f3ci\u0142o si\u0119 do premiera i ministra o to, by &#8220;wyst\u0105pili do polskiego\u00a0<a style=\"color: #000080;\" title=\"rz\u0105d\" href=\"http:\/\/tematy.prawo.gazetaprawna.pl\/tematy\/r\/rzad\"><span style=\"text-decoration: underline;\"><strong>rz\u0105du<\/strong><\/span><\/a>z wnioskiem o wdro\u017cenie Wsp\u00f3lnej Deklaracji (premier\u00f3w Polski i Izraela &#8211; PAP) w instytucjach odpowiedzialnych za egzekwowanie\u00a0<strong>ustawy o IPN<\/strong>, w tym w\u015br\u00f3d prokurator\u00f3w&#8221;.<\/span><\/p>\n<p style=\"text-align: left;\"><span style=\"color: #000080;\">Jak zaznaczono, chodzi o zapewnienie, \u017ce ustawa o\u00a0<a style=\"color: #000080;\" title=\"IPN\" href=\"http:\/\/www.dziennik.pl\/tagi\/ipn\"><span style=\"text-decoration: underline;\"><strong>IPN<\/strong><\/span><\/a><span style=\"text-decoration: underline;\"><strong>\u00a0<\/strong><\/span>&#8220;nie stanie si\u0119 podstaw\u0105 jakichkolwiek post\u0119powa\u0144 prawnych dotycz\u0105cych swobody wypowiedzi na temat historii oraz wolno\u015bci bada\u0144 nad wszystkimi aspektami\u00a0<strong>Holokaustu<\/strong>&#8220;. Ponadto &#8211; jak dodano &#8211; &#8220;tego rodzaju polityk\u0119 i spos\u00f3b wyk\u0142adni ustawy przyjmie i b\u0119dzie stosowa\u0107 r\u00f3wnie\u017c IPN&#8221;, za\u015b &#8220;rz\u0105d, w celu wyra\u017cenia powy\u017cszego stanowiska, b\u0119dzie interweniowa\u0107 w post\u0119powaniach wszczynanych przez organizacje pozarz\u0105dowe na podstawie ustawy&#8221;.<\/span><\/p>\n<p style=\"text-align: left;\"><span style=\"color: #000080;\">Stowarzyszenie zwr\u00f3ci\u0142o si\u0119 w zwi\u0105zku z tym do prokuratora generalnego o wydanie &#8211; na podstawie przepis\u00f3w Prawa o prokuraturze &#8211;\u00a0<strong>wytycznych dla prokurator\u00f3w<\/strong>. &#8220;Wytyczne te powinny zawiera\u0107 jasn\u0105 wyk\u0142adni\u0119 niekt\u00f3rych przepis\u00f3w (&#8230;) ustawy zgodnie z tre\u015bci\u0105 Wsp\u00f3lnej Deklaracji, a tak\u017ce, w celu dzia\u0142ania na rzecz wspomnianej wyk\u0142adni, wymaga\u0107 od prokurator\u00f3w udzia\u0142u we wszczynanych przez organizacje pozarz\u0105dowe post\u0119powaniach cywilnych w sprawach dotycz\u0105cych ustawy&#8221; &#8211; wskazano.<\/span><\/p>\n<p style=\"text-align: left;\"><span style=\"color: #000080;\">&#8220;Udzia\u0142 prokurator\u00f3w w tego typu sprawach jest celowy z uwagi na ochron\u0119 praworz\u0105dno\u015bci, praw obywateli oraz interesu spo\u0142ecznego&#8221; &#8211; podkre\u015bli\u0142o IAJLJ.<\/span><\/p>\n<p style=\"text-align: left;\"><span style=\"color: #000080;\">27 czerwca premierzy Mateusz Morawiecki w Warszawie i<strong>\u00a0Benjamin Netanjahu<\/strong>\u00a0w Tel Awiwie og\u0142osili wsp\u00f3ln\u0105, sze\u015bciopunktow\u0105, deklaracj\u0119. Premierzy opowiedzieli si\u0119 w niej m.in. &#8220;za swobod\u0105 wypowiedzi na temat historii oraz wolno\u015bci\u0105 bada\u0144 nad wszystkimi aspektami Holokaustu, tak aby mog\u0142y by\u0107 one prowadzone bez \u017cadnych obaw o przeszkody prawne, mi\u0119dzy innymi przez student\u00f3w, nauczycieli, badaczy, dziennikarzy, jak r\u00f3wnie\u017c z ca\u0142\u0105 pewno\u015bci\u0105 przez Ocalonych i ich rodziny &#8211; nie b\u0119d\u0105 oni podlegali odpowiedzialno\u015bci prawnej z tytu\u0142u korzystania z prawa do wolno\u015bci s\u0142owa i wolno\u015bci akademickiej w odniesieniu do Holokaustu&#8221;. &#8211;\u00a0<em>\u017badne\u00a0<a style=\"color: #000080;\" title=\"Prawo\" href=\"http:\/\/www.dziennik.pl\/tagi\/prawo\">prawo<\/a>\u00a0nie mo\u017ce tego zmieni\u0107 i tego nie zmieni<\/em>\u00a0&#8211; podkre\u015blono.<\/span><\/p>\n<p style=\"text-align: left;\"><span style=\"color: #000080;\">W\u00f3wczas tak\u017ce polski\u00a0<a style=\"color: #000080;\" title=\"Parlament\" href=\"http:\/\/www.dziennik.pl\/tagi\/parlament\"><span style=\"text-decoration: underline;\"><strong>parlament<\/strong><\/span><\/a>\u00a0uchwali\u0142, a prezydent<strong>\u00a0Andrzej Duda<\/strong>\u00a0podpisa\u0142 nowelizacj\u0119 ustawy o IPN, kt\u00f3ra uchyli\u0142a artyku\u0142y przewiduj\u0105ce kary grzywny i wi\u0119zienia za przypisywanie polskiemu narodowi i pa\u0144stwu odpowiedzialno\u015bci m.in. za zbrodnie III Rzeszy i g\u0142osz\u0105ce, \u017ce przepisy karne maj\u0105 si\u0119 stosowa\u0107 do obywatela polskiego oraz cudzoziemca &#8211; &#8220;niezale\u017cnie od przepis\u00f3w obowi\u0105zuj\u0105cych w miejscu pope\u0142nienia czynu&#8221;.<\/span><\/p>\n<p style=\"text-align: left;\"><span style=\"color: #000080;\">&#8220;Za gwarancjami politycznymi premiera Morawieckiego z czerwca 2018 r. powinny i\u015b\u0107 konkretne wytyczne prawne zapewniaj\u0105ce takie same<strong>\u00a0gwarancje<\/strong>\u00a0w toku praktycznego stosowania przepis\u00f3w ustawy o IPN&#8221; &#8211; czytamy w komunikacie IAJLJ przekazanym we wtorek mediom wraz z apelem.<\/span><\/p>\n<p style=\"text-align: left;\"><span style=\"color: #000080;\">Jak zaznaczono w tym komunikacie &#8220;stowarzyszenie z zadowoleniem przyj\u0119\u0142o\u00a0<strong>uchylenie<\/strong>\u00a0przepis\u00f3w karnych ustawy&#8221;. Oceni\u0142o jednak jednocze\u015bnie, \u017ce &#8220;przy braku wdro\u017cenia w \u017cycie deklaracji premiera Morawieckiego z czerwca 2018 r. naukowcy zajmuj\u0105cy si\u0119 Holokaustem, czy osoby, kt\u00f3re publikuj\u0105 swoje wspomnienia przedstawiaj\u0105c odpowiedzialno\u015b\u0107 niekt\u00f3rych Polak\u00f3w, mog\u0105 by\u0107 nadal bezzasadnie pozwani o odszkodowanie w s\u0105dzie cywilnym przez IPN lub organizacje pozarz\u0105dowe&#8221;.<\/span><\/p>\n<p style=\"text-align: left;\"><span style=\"color: #000080;\">&#8220;Mog\u0105 one tak czyni\u0107 wbrew publicznej deklaracji premiera Morawieckiego. Tymczasem, Wsp\u00f3lna Deklaracja premier\u00f3w Polski i Izraela jasno stanowi, \u017ce powy\u017cszy\u00a0<strong>scenariusz<\/strong>\u00a0nie mo\u017ce mie\u0107 miejsca&#8221; &#8211; podkre\u015bla komunikat.<\/span><\/p>\n<p style=\"text-align: left;\"><span style=\"color: #000080;\">Przypomniano w nim jednocze\u015bnie, \u017ce &#8220;to w\u0142a\u015bnie w kompetencji prokuratora generalnego, kt\u00f3ry jednocze\u015bnie pe\u0142ni funkcj\u0119 ministra sprawiedliwo\u015bci, le\u017cy wydawanie zarz\u0105dze\u0144, wytycznych i polece\u0144, co ma miejsce w szeregu innych przypadk\u00f3w&#8221;.<\/span><\/p>\n<hr style=\"background: #d0e6fa; width: 710px; height: 15px;\" \/>\n<div id=\"content\" class=\" content-alignment&lt;br \/&gt;&lt;br \/&gt; \">\n<div id=\"watch-description\" class=\"yt-uix-button-panel\">\n<div id=\"watch-description-text\" style=\"text-align: center;\">\n<p><em>Zawarto\u015b\u0107 publikowanych artyku\u0142\u00f3w i materia\u0142\u00f3w nie reprezentuje pogl\u0105d\u00f3w ani opinii Reunion&#8217;68,<\/em><em><br \/>\nani te\u017c webmastera Blogu Reunion&#8217;68, chyba ze jest to wyra\u017anie zaznaczone.<br \/>\nTwoje uwagi, linki, w\u0142asne artyku\u0142y lub wiadomo\u015bci prze\u015blij na adres:<br \/>\n<\/em><span style=\"color: #000080;\"><strong><em><a style=\"color: #000080;\" href=\"mailto:webmaster@reunion68.com\"><span style=\"text-decoration: underline;\">webmaster@reunion68.com<\/span><\/a><\/em><\/strong><\/span><\/p>\n<\/div>\n<\/div>\n<\/div>\n<p>&nbsp;<\/p>\n<hr style=\"width: 710px;\" \/>\n","protected":false},"excerpt":{"rendered":"<p>\u017bydowscy prawnicy apeluj\u0105 do Morawieckiego i Ziobry o wytyczne ws. ustawy o IPN \u0179r\u00f3d\u0142o: PAP Polska, Izrael i IPN \/ Shutterstock O wydanie wytycznych dotycz\u0105cych stosowania przez prokuratur\u0119 przepis\u00f3w ustawy o IPN zgodnie z tre\u015bci\u0105 czerwcowej deklaracji premier\u00f3w Polski i Izraela zaapelowa\u0142o we wtorek do polskich w\u0142adz Mi\u0119dzynarodowe Stowarzyszenie Adwokat\u00f3w i Prawnik\u00f3w \u017bydowskich (IAJLJ). W [&hellip;]<\/p>\n","protected":false},"author":1,"featured_media":0,"comment_status":"closed","ping_status":"closed","sticky":false,"template":"","format":"standard","meta":[],"categories":[6],"tags":[26,24],"_links":{"self":[{"href":"https:\/\/www.reunion68.se\/index.php?rest_route=\/wp\/v2\/posts\/63770"}],"collection":[{"href":"https:\/\/www.reunion68.se\/index.php?rest_route=\/wp\/v2\/posts"}],"about":[{"href":"https:\/\/www.reunion68.se\/index.php?rest_route=\/wp\/v2\/types\/post"}],"author":[{"embeddable":true,"href":"https:\/\/www.reunion68.se\/index.php?rest_route=\/wp\/v2\/users\/1"}],"replies":[{"embeddable":true,"href":"https:\/\/www.reunion68.se\/index.php?rest_route=%2Fwp%2Fv2%2Fcomments&post=63770"}],"version-history":[{"count":6,"href":"https:\/\/www.reunion68.se\/index.php?rest_route=\/wp\/v2\/posts\/63770\/revisions"}],"predecessor-version":[{"id":63784,"href":"https:\/\/www.reunion68.se\/index.php?rest_route=\/wp\/v2\/posts\/63770\/revisions\/63784"}],"wp:attachment":[{"href":"https:\/\/www.reunion68.se\/index.php?rest_route=%2Fwp%2Fv2%2Fmedia&parent=63770"}],"wp:term":[{"taxonomy":"category","embeddable":true,"href":"https:\/\/www.reunion68.se\/index.php?rest_route=%2Fwp%2Fv2%2Fcategories&post=63770"},{"taxonomy":"post_tag","embeddable":true,"href":"https:\/\/www.reunion68.se\/index.php?rest_route=%2Fwp%2Fv2%2Ftags&post=63770"}],"curies":[{"name":"wp","href":"https:\/\/api.w.org\/{rel}","templated":true}]}}