{"id":63772,"date":"2018-09-08T17:05:36","date_gmt":"2018-09-08T15:05:36","guid":{"rendered":"http:\/\/www.reunion68.se\/?p=63772"},"modified":"2018-09-03T15:52:22","modified_gmt":"2018-09-03T13:52:22","slug":"08-05-37","status":"publish","type":"post","link":"https:\/\/www.reunion68.se\/?p=63772","title":{"rendered":"MOLDOVA SCHOOLS TO TEACH HOLOCAUST STUDIES"},"content":{"rendered":"<h5 style=\"text-align: center;\"><a href=\"https:\/\/www.jpost.com\/\" target=\"_blank\" rel=\"noopener\"><img decoding=\"async\" class=\"center alignleft\" src=\"http:\/\/www.reunion68.com\/Biuletyn\/img\/jpost.png\" alt=\"\" width=\"30%\" \/><\/a><span style=\"text-decoration: underline; color: #000080;\"><span style=\"text-decoration: underline;\"><strong><a style=\"color: #000080; text-decoration: underline;\" href=\"https:\/\/www.jpost.com\/Diaspora\/Moldova-schools-to-teach-Holocaust-studies-565989\" target=\"_blank\" rel=\"noopener\">MOLDOVA SCHOOLS TO TEACH HOLOCAUST STUDIES<\/a><\/strong><\/span><\/span><\/h5>\n<p style=\"text-align: center;\"><span style=\"color: #000000;\"><strong>JEREMY SHARON<\/strong><\/span><\/p>\n<hr style=\"height: 15px; background: #d0e6fa; width: 710px;\" \/>\n<p style=\"text-align: center;\"><strong>\u201cI was extremely impressed how they are embracing the tragedies of the past,\u201d Paul Packer, Chairman of the United States Commission For the Preservation of America&#8217;s Heritage Abroad said.<\/strong><\/p>\n<p style=\"text-align: center;\"><img decoding=\"async\" class=\"aligncenter\" src=\"https:\/\/images.jpost.com\/image\/upload\/f_auto,fl_lossy\/t_Article2016_Control\/132447\" width=\"100%\" \/><span style=\"color: #808080;\"><em>moldova hannukia 248 88. (photo credit: )<\/em><\/span><\/p>\n<p style=\"text-align: left;\"><span style=\"color: #000080;\">The Republic of Moldova has said it is moving ahead with plans to\u00a0<a style=\"color: #000080;\" href=\"https:\/\/www.jpost.com\/Diaspora\/Catholic-educator-makes-Holocaust-Studies-mandatory-in-Kentucky-schools-547237\" target=\"_blank\" rel=\"noopener\">improve Holocaust education\u00a0<\/a>in the country for school pupils and university students, and intends to implement an action plan by next year.<\/span><\/p>\n<p><span style=\"color: #000080;\">It is also advancing plans to fund the restoration of neglected Jewish cemeteries in the country, particularly a large cemetery in the capital Chisinau, and to fund a Holocaust museum in the city.<\/span><\/p>\n<p style=\"text-align: left;\"><span style=\"color: #000080;\">In July 2016, the Moldovan Parliament adopted a political declaration to accept the final report of the International Commission on the Holocaust in Romania, chaired by the late Elie Wiesel, which was published in 2004 and included plans for Holocaust education.<\/span><\/p>\n<p><span style=\"color: #000080;\">Moldova has since authorized an action plan for implementing the Wiesel Commission report, which includes stipulations to update school curricula and text books regarding the Holocaust, and developing a new history course for school pupils and university students on the history of the Holocaust.<\/span><\/p>\n<p style=\"text-align: left;\"><span style=\"color: #000080;\">Implementation for these requirements was supposed to have happened in 2017 but is now slated for the school and academic year beginning in 2019.<\/span><\/p>\n<p><span style=\"color: #000080;\">Paul Packer, the Chairman of the United States Commission for the Preservation of America\u2019s Heritage Abroad, a government agency, was in Moldova last week to discuss the restoration and upkeep of Jewish cemeteries in the country, as well as progress on the implementation of the Wiesel Commission action plan regarding Holocaust education.<\/span><\/p>\n<p><span style=\"color: #000080;\">Packer held meetings with the Moldovan foreign minister and education minister to discuss these issues, and said that the government now planned to go beyond the action plan and make Holocaust education mandatory for school pupils aged 10 and upwards.<\/span><\/p>\n<p><span style=\"color: #000080;\">The Moldovan Education Ministry did not respond to a request for comment regarding the new Holocaust education program.<\/span><\/p>\n<p><span style=\"color: #000080;\">One of Packer\u2019s main goals was to secure an agreement to restore the Jewish Cemetery in the Alunelu Park of Chisinau, which, he said, was terribly neglected and overgrown, as well as other Jewish cemeteries, and to place plaques at sites where Jewish synagogues and cemeteries have been destroyed.<\/span><\/p>\n<p><span style=\"color: #000080;\">The Moldovan government agreed to these requests, and also committed to a project for the promotion and restoration of the Jewish heritage, as well as the launch of a Jewish cultural heritage documentation and research project.<\/span><\/p>\n<p><span style=\"color: #000080;\">Although a time frame for the restoration of the cemeteries is not yet clear, Packer said that he was \u201cvery encouraged\u201d by the government\u2019s eagerness to expedite the restoration work.<\/span><\/p>\n<p><span style=\"color: #000080;\">\u201cI was extremely impressed how they are embracing the tragedies of the past,\u201d Packer told The Jerusalem Post.<\/span><\/p>\n<p><span style=\"color: #000080;\">\u201cI was pleasantly surprised and encouraged that this current government is willing, and assured me it will start, to take steps to right the wrongs of the past, in terms of restoring cemeteries, having a Jewish culture and heritage museum built, and in terms of their coming antisemitism and Holocaust education program.\u201d<\/span><\/p>\n<p><span style=\"color: #000080;\">A representative of the Jewish Community of the Republic of Moldova said, however, that although some efforts have been undertaken to improve Holocaust studies in the country, numerous items in the action plan, including the Holocaust education program, have been stalled for some time.<\/span><\/p>\n<p><span style=\"color: #000080;\">The representative also voiced concern regarding increased antisemitic sentiment voiced in public of late.<\/span><\/p>\n<p><span style=\"color: #000080;\">\u201cThe Jewish community is deeply concerned by the rise of antisemitism in the public discourse of political and opinion leaders, and the lack of adequate reaction and measures taken by the national authorities to counteract and sanction such incidents,\u201d she said. \u201cThe dialogue with the authorities has been started on several dimensions, but the implementation of the practical measures and steps has to follow.\u201d<\/span><\/p>\n<hr style=\"height: 15px; background: #d0e6fa; width: 710px;\" \/>\n<div id=\"content\" class=\" content-alignment&lt;br \/&gt;&lt;br \/&gt; \">\n<div id=\"watch-description\" class=\"yt-uix-button-panel\">\n<div id=\"watch-description-text\" style=\"text-align: center;\">\n<p><em>Zawarto\u015b\u0107 publikowanych artyku\u0142\u00f3w i materia\u0142\u00f3w nie reprezentuje pogl\u0105d\u00f3w ani opinii Reunion&#8217;68,<\/em><em><br \/>\nani te\u017c webmastera Blogu Reunion&#8217;68, chyba ze jest to wyra\u017anie zaznaczone.<br \/>\nTwoje uwagi, linki, w\u0142asne artyku\u0142y lub wiadomo\u015bci prze\u015blij na adres:<br \/>\n<\/em><span style=\"color: #000080;\"><strong><em><a style=\"color: #000080;\" href=\"mailto:webmaster@reunion68.com\"><span style=\"text-decoration: underline;\">webmaster@reunion68.com<\/span><\/a><\/em><\/strong><\/span><\/p>\n<\/div>\n<\/div>\n<\/div>\n<p>&nbsp;<\/p>\n<hr style=\"width: 710px;\" \/>\n","protected":false},"excerpt":{"rendered":"<p>MOLDOVA SCHOOLS TO TEACH HOLOCAUST STUDIES JEREMY SHARON \u201cI was extremely impressed how they are embracing the tragedies of the past,\u201d Paul Packer, Chairman of the United States Commission For the Preservation of America&#8217;s Heritage Abroad said. moldova hannukia 248 88. (photo credit: ) The Republic of Moldova has said it is moving ahead with [&hellip;]<\/p>\n","protected":false},"author":1,"featured_media":0,"comment_status":"closed","ping_status":"closed","sticky":false,"template":"","format":"standard","meta":[],"categories":[6],"tags":[26,24],"_links":{"self":[{"href":"https:\/\/www.reunion68.se\/index.php?rest_route=\/wp\/v2\/posts\/63772"}],"collection":[{"href":"https:\/\/www.reunion68.se\/index.php?rest_route=\/wp\/v2\/posts"}],"about":[{"href":"https:\/\/www.reunion68.se\/index.php?rest_route=\/wp\/v2\/types\/post"}],"author":[{"embeddable":true,"href":"https:\/\/www.reunion68.se\/index.php?rest_route=\/wp\/v2\/users\/1"}],"replies":[{"embeddable":true,"href":"https:\/\/www.reunion68.se\/index.php?rest_route=%2Fwp%2Fv2%2Fcomments&post=63772"}],"version-history":[{"count":3,"href":"https:\/\/www.reunion68.se\/index.php?rest_route=\/wp\/v2\/posts\/63772\/revisions"}],"predecessor-version":[{"id":63778,"href":"https:\/\/www.reunion68.se\/index.php?rest_route=\/wp\/v2\/posts\/63772\/revisions\/63778"}],"wp:attachment":[{"href":"https:\/\/www.reunion68.se\/index.php?rest_route=%2Fwp%2Fv2%2Fmedia&parent=63772"}],"wp:term":[{"taxonomy":"category","embeddable":true,"href":"https:\/\/www.reunion68.se\/index.php?rest_route=%2Fwp%2Fv2%2Fcategories&post=63772"},{"taxonomy":"post_tag","embeddable":true,"href":"https:\/\/www.reunion68.se\/index.php?rest_route=%2Fwp%2Fv2%2Ftags&post=63772"}],"curies":[{"name":"wp","href":"https:\/\/api.w.org\/{rel}","templated":true}]}}