{"id":63774,"date":"2018-09-03T17:00:05","date_gmt":"2018-09-03T15:00:05","guid":{"rendered":"http:\/\/www.reunion68.se\/?p=63774"},"modified":"2018-09-03T15:45:54","modified_gmt":"2018-09-03T13:45:54","slug":"08-00-32","status":"publish","type":"post","link":"https:\/\/www.reunion68.se\/?p=63774","title":{"rendered":"3 wrze\u015bnia. Pierwsza komora Auschwitz. Zgin\u0119li w niej sowieccy je\u0144cy i Polacy"},"content":{"rendered":"<h5 style=\"text-align: center;\"><a href=\"http:\/\/wyborcza.pl\/\" target=\"_blank\" rel=\"noopener\"><img decoding=\"async\" class=\"center alignleft\" src=\"http:\/\/www.reunion68.com\/Biuletyn\/img\/wyborcza-ale.png\" alt=\"\" width=\"30%\" \/><\/a><span style=\"text-decoration: underline; color: #000080;\"><span style=\"text-decoration: underline;\"><strong><a style=\"color: #000080; text-decoration: underline;\" href=\"http:\/\/wyborcza.pl\/alehistoria\/7,162090,23853739,3-wrzesnia-pierwsza-komora-auschwitz-zgineli-w-niej-sowieccy.html\" target=\"_blank\" rel=\"noopener\">3 wrze\u015bnia. Pierwsza komora Auschwitz. Zgin\u0119li w niej sowieccy je\u0144cy i Polacy<\/a><\/strong><\/span><\/span><\/h5>\n<p style=\"text-align: center;\"><span style=\"color: #000000;\"><strong>Igor Rakowski-K\u0142os<\/strong><\/span><\/p>\n<hr style=\"height: 15px; background: #d0e6fa; width: 710px;\" \/>\n<p style=\"text-align: center;\"><img decoding=\"async\" class=\"aligncenter\" src=\"http:\/\/bi.gazeta.pl\/im\/32\/93\/16\/z23673906Q,Muzeum-Auschwitz.jpg\" width=\"100%\" \/><span style=\"color: #808080;\"><em>Muzeum Auschwitz (Fot. Mateusz Skwarczek \/ Agencja Gazeta)<\/em><\/span><\/p>\n<p style=\"text-align: center;\"><strong>3 wrze\u015bnia 1941 r. Pierwsza komora Auschwitz<br \/>\n<\/strong><br \/>\n<img decoding=\"async\" class=\"aligncenter\" src=\"http:\/\/bi.gazeta.pl\/im\/1a\/a8\/15\/z22710042Q,Puszka-z-gazem-Cyklon-B--Byl-to-srodek-owadobojczy.jpg\" width=\"100%\" \/><span style=\"color: #808080;\"><em>Puszka z gazem Cyklon B. By\u0142 to \u015brodek owadob\u00f3jczy stosowany do u\u015bmiercania ludzi w komorach gazowych. Ze zbior\u00f3w Pa\u0144stwowego Muzeum Auschwitz-Birkenau. Pawe\u0142 Sawicki\/Pa\u0144stwowe Muzeum Auschiwtz-Birkenau<\/em><\/span><\/p>\n<p style=\"text-align: left;\"><span style=\"color: #000080;\">Oko\u0142o 600 sowieckich je\u0144c\u00f3w i 250 chorych polskich wi\u0119\u017ani\u00f3w zosta\u0142o zamordowanych w obozie Auschwitz w pierwszej egzekucji przy u\u017cyciu cyklonu B. Po inwazji niemieckiej na ZSRR do obozu masowo zacz\u0119li trafia\u0107 sowieccy je\u0144cy, cz\u0142onkowie partii i komisarze polityczni, kt\u00f3rzy mieli by\u0107 natychmiast straceni. Pocz\u0105tkowo byli rozstrzeliwani, ale przywo\u017cono ich tak wielu, \u017ce egzekucje sta\u0142y si\u0119 dla esesman\u00f3w m\u0119cz\u0105ce. W\u00f3wczas zast\u0119pca komendanta obozu Rudolfa H\u00f6ssa Karl Fritzsch wpad\u0142 na pomys\u0142, \u017ceby u\u017cy\u0107 gazu do dezynsekcji pomieszcze\u0144. Na komor\u0119 zaadaptowa\u0142 piwnic\u0119 bloku 11, tzw. Bloku \u015amierci, gdzie dokona\u0142 pierwszej egzekucji. Po udanych pr\u00f3bach H\u00f6ss kaza\u0142 zaadaptowa\u0107 na komor\u0119 gazow\u0105 kostnic\u0119 znajduj\u0105c\u0105 si\u0119 tu\u017c przy krematorium, gdzie przeprowadza\u0142 kolejne gazowania.<\/span><\/p>\n<hr style=\"height: 15px; background: #d0e6fa; width: 710px;\" \/>\n<div id=\"content\" class=\" content-alignment&lt;br \/&gt;&lt;br \/&gt; \">\n<div id=\"watch-description\" class=\"yt-uix-button-panel\">\n<div id=\"watch-description-text\" style=\"text-align: center;\">\n<p><em>Zawarto\u015b\u0107 publikowanych artyku\u0142\u00f3w i materia\u0142\u00f3w nie reprezentuje pogl\u0105d\u00f3w ani opinii Reunion&#8217;68,<\/em><em><br \/>\nani te\u017c webmastera Blogu Reunion&#8217;68, chyba ze jest to wyra\u017anie zaznaczone.<br \/>\nTwoje uwagi, linki, w\u0142asne artyku\u0142y lub wiadomo\u015bci prze\u015blij na adres:<br \/>\n<\/em><span style=\"color: #000080;\"><strong><em><a style=\"color: #000080;\" href=\"mailto:webmaster@reunion68.com\"><span style=\"text-decoration: underline;\">webmaster@reunion68.com<\/span><\/a><\/em><\/strong><\/span><\/p>\n<\/div>\n<\/div>\n<\/div>\n<p>&nbsp;<\/p>\n<hr style=\"width: 710px;\" \/>\n","protected":false},"excerpt":{"rendered":"<p>3 wrze\u015bnia. Pierwsza komora Auschwitz. Zgin\u0119li w niej sowieccy je\u0144cy i Polacy Igor Rakowski-K\u0142os Muzeum Auschwitz (Fot. Mateusz Skwarczek \/ Agencja Gazeta) 3 wrze\u015bnia 1941 r. Pierwsza komora Auschwitz Puszka z gazem Cyklon B. By\u0142 to \u015brodek owadob\u00f3jczy stosowany do u\u015bmiercania ludzi w komorach gazowych. Ze zbior\u00f3w Pa\u0144stwowego Muzeum Auschwitz-Birkenau. Pawe\u0142 Sawicki\/Pa\u0144stwowe Muzeum Auschiwtz-Birkenau Oko\u0142o [&hellip;]<\/p>\n","protected":false},"author":1,"featured_media":0,"comment_status":"closed","ping_status":"closed","sticky":false,"template":"","format":"standard","meta":[],"categories":[6],"tags":[26,24],"_links":{"self":[{"href":"https:\/\/www.reunion68.se\/index.php?rest_route=\/wp\/v2\/posts\/63774"}],"collection":[{"href":"https:\/\/www.reunion68.se\/index.php?rest_route=\/wp\/v2\/posts"}],"about":[{"href":"https:\/\/www.reunion68.se\/index.php?rest_route=\/wp\/v2\/types\/post"}],"author":[{"embeddable":true,"href":"https:\/\/www.reunion68.se\/index.php?rest_route=\/wp\/v2\/users\/1"}],"replies":[{"embeddable":true,"href":"https:\/\/www.reunion68.se\/index.php?rest_route=%2Fwp%2Fv2%2Fcomments&post=63774"}],"version-history":[{"count":3,"href":"https:\/\/www.reunion68.se\/index.php?rest_route=\/wp\/v2\/posts\/63774\/revisions"}],"predecessor-version":[{"id":63776,"href":"https:\/\/www.reunion68.se\/index.php?rest_route=\/wp\/v2\/posts\/63774\/revisions\/63776"}],"wp:attachment":[{"href":"https:\/\/www.reunion68.se\/index.php?rest_route=%2Fwp%2Fv2%2Fmedia&parent=63774"}],"wp:term":[{"taxonomy":"category","embeddable":true,"href":"https:\/\/www.reunion68.se\/index.php?rest_route=%2Fwp%2Fv2%2Fcategories&post=63774"},{"taxonomy":"post_tag","embeddable":true,"href":"https:\/\/www.reunion68.se\/index.php?rest_route=%2Fwp%2Fv2%2Ftags&post=63774"}],"curies":[{"name":"wp","href":"https:\/\/api.w.org\/{rel}","templated":true}]}}