{"id":63812,"date":"2018-09-15T17:05:03","date_gmt":"2018-09-15T15:05:03","guid":{"rendered":"http:\/\/www.reunion68.se\/?p=63812"},"modified":"2018-09-12T07:08:02","modified_gmt":"2018-09-12T05:08:02","slug":"12-05-32","status":"publish","type":"post","link":"https:\/\/www.reunion68.se\/?p=63812","title":{"rendered":"Senior European Officials Participated in PA Sponsored Anti-Semitic Exhibition"},"content":{"rendered":"<h5 style=\"text-align: center;\"><a href=\"http:\/\/www.jewishpress.com\/\" target=\"_blank\" rel=\"noopener\"><img decoding=\"async\" class=\"center alignleft\" src=\"http:\/\/www.reunion68.com\/Biuletyn\/img\/j-press.png\" alt=\"\" width=\"30%\" \/><\/a><span style=\"text-decoration: underline; color: #000080;\"><strong><a style=\"color: #000080; text-decoration: underline;\" href=\"http:\/\/www.jewishpress.com\/news\/eye-on-palestine\/palestinian-authority\/senior-european-officials-participated-in-pa-sponsored-anti-semitic-exhibition\/2018\/09\/07\/\" target=\"_blank\" rel=\"noopener\">Senior European Officials Participated in PA Sponsored Anti-Semitic Exhibition<\/a><\/strong><\/span><\/h5>\n<p style=\"text-align: center;\"><span style=\"color: #000000;\"><strong>David Israel<\/strong><\/span><\/p>\n<hr style=\"background: #d0e6fa; width: 710px; height: 15px;\" \/>\n<p style=\"text-align: center;\"><img decoding=\"async\" class=\"aligncenter\" src=\"http:\/\/www.jewishpress.com\/wp-content\/uploads\/PA-exhibition-anti-Semitic-pictures-696x423.jpg\" width=\"100%\" \/><span style=\"color: #808080;\"><em>PA exhibition of anti-Semitic pictures<\/em><\/span><\/p>\n<p style=\"text-align: left;\"><span style=\"color: #000080;\">Early last August, the Palestinian Authority launched an exhibition of anti-Semitic images in the Bedouin shantytown of Khan al-Ahmar, an illegal post between Ma\u2019aleh Adumim and Jerusalem, slated for demolition by the High Court of Justice.<\/span><\/p>\n<p style=\"text-align: center;\"><img decoding=\"async\" class=\"aligncenter\" src=\"http:\/\/www.jewishpress.com\/wp-content\/uploads\/European-dignitaries-enjoying-the-PA-exhibition-of-anti-Semitic-pictures.jpg\" width=\"100%\" \/><span style=\"color: #808080;\"><em>European dignitaries enjoying the PA exhibition of anti-Semitic pictures. \/ Photo credit: Image provided by Regavim from the official Facebook page of the PA Ministry of Education.<\/em><\/span><\/p>\n<p style=\"text-align: left;\"><span style=\"color: #000080;\">According to Makor Rishon, the exhibition was attended by PA ministers, representatives from European countries and UN agencies, including Sonia Azzam, the representative of UNESCO in Ramallah, and Genevieve Putin, the UNICEF representative in Ramallah, AY Suliman, the South African ambassador to the Palestinian Authority, representatives from Norway, the UK, the Netherlands, and Germany.<\/span><\/p>\n<p style=\"text-align: left;\"><img decoding=\"async\" class=\"alignright\" src=\"http:\/\/cdn.advertserve.com\/images\/jewishpress.advertserve.com\/servlet\/files\/610\" width=\"50%\" \/><span style=\"color: #000080;\">The exhibition presented Israel as a wicked and terrifying octopus whose arms uproot churches and the al-Aqsa Mosque, strangle an Arab child and destroy schools.<\/span><\/p>\n<p style=\"text-align: left;\"><span style=\"color: #000080;\">Other paintings portrayed IDF soldiers aiming their weapons at Arab girls; a tank wearing an American hat under which peeks President Donald Trump\u2019s blond hair \u2013 with an Israeli soldier leading the tank toward a targeted Arab boy.<\/span><\/p>\n<p><img decoding=\"async\" class=\"alignleft\" src=\"http:\/\/www.jewishpress.com\/wp-content\/uploads\/PA-exhibition-anti-Semitic-picture.jpg\" width=\"50%\" \/><\/p>\n<p>&nbsp;<\/p>\n<p>&nbsp;<\/p>\n<p>&nbsp;<\/p>\n<p style=\"text-align: left;\"><span style=\"color: #808080;\"><em>A picture from the PA exhibition of anti-Semitic images. \/ Photo credit: Image provided by Regavim from the official Facebook page of the PA Ministry of Education.<\/em><\/span><\/p>\n<p style=\"text-align: left;\"><span style=\"color: #000080;\">The anti-Semitic exhibition was placed in the school that was erected in the illegal village, so that the visiting foreign dignitaries could not have missed these artistic offerings.<\/span><\/p>\n<p style=\"text-align: left;\"><span style=\"color: #000080;\">UNICEF responded to the Makor Rishon story, saying that their representative, Genevieve Putin\u2019s impression was \u201cthat the art exhibition was shocking and very inappropriate, even more so because this exhibition was presented in close proximity to a school.\u201d<\/span><\/p>\n<p style=\"text-align: left;\"><span style=\"color: #000080;\">\u201cChildren must be protected from violence and not be exposed to violent representations or messages that promote hate and intolerance,\u201d the UNICEF response continued, adding that Ms. Putin \u201cexpressed her concerns to the organizers of the event.\u201d<\/span><\/p>\n<p style=\"text-align: left;\"><span style=\"color: #000080;\">\u201cOnce again, we see that the alleged humanitarian European involvement in Judea and Samaria is only a cover,\u201d said Yishai Hamo, the Regavim movement\u2019s coordinator of operations in Judea and Samaria. \u201cThis is a new face of the same old anti-Semitism.\u201d<\/span><\/p>\n<p style=\"text-align: left;\"><span style=\"color: #000080;\">\u201cIn such cases, the truth [about the PA] is revealed and we welcome it,\u201d Hamo said.<\/span><\/p>\n<hr style=\"background: #d0e6fa; width: 710px; height: 15px;\" \/>\n<div id=\"content\" class=\" content-alignment&lt;br \/&gt;&lt;br \/&gt; \">\n<div id=\"watch-description\" class=\"yt-uix-button-panel\">\n<div id=\"watch-description-text\" style=\"text-align: center;\">\n<p><em>Zawarto\u015b\u0107 publikowanych artyku\u0142\u00f3w i materia\u0142\u00f3w nie reprezentuje pogl\u0105d\u00f3w ani opinii Reunion&#8217;68,<\/em><em><br \/>\nani te\u017c webmastera Blogu Reunion&#8217;68, chyba ze jest to wyra\u017anie zaznaczone.<br \/>\nTwoje uwagi, linki, w\u0142asne artyku\u0142y lub wiadomo\u015bci prze\u015blij na adres:<br \/>\n<\/em><span style=\"color: #000080;\"><strong><em><a style=\"color: #000080;\" href=\"mailto:webmaster@reunion68.com\"><span style=\"text-decoration: underline;\">webmaster@reunion68.com<\/span><\/a><\/em><\/strong><\/span><\/p>\n<\/div>\n<\/div>\n<\/div>\n<p>&nbsp;<\/p>\n<hr style=\"width: 710px;\" \/>\n","protected":false},"excerpt":{"rendered":"<p>Senior European Officials Participated in PA Sponsored Anti-Semitic Exhibition David Israel PA exhibition of anti-Semitic pictures Early last August, the Palestinian Authority launched an exhibition of anti-Semitic images in the Bedouin shantytown of Khan al-Ahmar, an illegal post between Ma\u2019aleh Adumim and Jerusalem, slated for demolition by the High Court of Justice. European dignitaries enjoying [&hellip;]<\/p>\n","protected":false},"author":1,"featured_media":0,"comment_status":"closed","ping_status":"closed","sticky":false,"template":"","format":"standard","meta":[],"categories":[3],"tags":[26,24],"_links":{"self":[{"href":"https:\/\/www.reunion68.se\/index.php?rest_route=\/wp\/v2\/posts\/63812"}],"collection":[{"href":"https:\/\/www.reunion68.se\/index.php?rest_route=\/wp\/v2\/posts"}],"about":[{"href":"https:\/\/www.reunion68.se\/index.php?rest_route=\/wp\/v2\/types\/post"}],"author":[{"embeddable":true,"href":"https:\/\/www.reunion68.se\/index.php?rest_route=\/wp\/v2\/users\/1"}],"replies":[{"embeddable":true,"href":"https:\/\/www.reunion68.se\/index.php?rest_route=%2Fwp%2Fv2%2Fcomments&post=63812"}],"version-history":[{"count":6,"href":"https:\/\/www.reunion68.se\/index.php?rest_route=\/wp\/v2\/posts\/63812\/revisions"}],"predecessor-version":[{"id":63840,"href":"https:\/\/www.reunion68.se\/index.php?rest_route=\/wp\/v2\/posts\/63812\/revisions\/63840"}],"wp:attachment":[{"href":"https:\/\/www.reunion68.se\/index.php?rest_route=%2Fwp%2Fv2%2Fmedia&parent=63812"}],"wp:term":[{"taxonomy":"category","embeddable":true,"href":"https:\/\/www.reunion68.se\/index.php?rest_route=%2Fwp%2Fv2%2Fcategories&post=63812"},{"taxonomy":"post_tag","embeddable":true,"href":"https:\/\/www.reunion68.se\/index.php?rest_route=%2Fwp%2Fv2%2Ftags&post=63812"}],"curies":[{"name":"wp","href":"https:\/\/api.w.org\/{rel}","templated":true}]}}