{"id":63894,"date":"2018-09-12T17:09:10","date_gmt":"2018-09-12T15:09:10","guid":{"rendered":"http:\/\/www.reunion68.se\/?p=63894"},"modified":"2018-09-12T07:07:37","modified_gmt":"2018-09-12T05:07:37","slug":"15-09-32","status":"publish","type":"post","link":"https:\/\/www.reunion68.se\/?p=63894","title":{"rendered":"Maciej Zaremba-Bielawski &#8211; Je\u015bli nasze \u017cycie jest opowie\u015bci\u0105, to o czym opowiada?"},"content":{"rendered":"<h5 style=\"text-align: center;\"><a href=\"http:\/\/wyborcza.pl\/\" target=\"_blank\" rel=\"noopener\"><img decoding=\"async\" class=\"center alignleft\" src=\"http:\/\/www.reunion68.com\/Biuletyn\/img\/wyborcza.png\" alt=\"\" width=\"30%\" \/><\/a><span style=\"text-decoration: underline; color: #000080;\"><span style=\"text-decoration: underline;\"><strong><a style=\"color: #000080; text-decoration: underline;\" href=\"http:\/\/wyborcza.pl\/10,155173,23872744,jesli-nasze-zycie-jest-opowiescia-to-o-czym-opowiada-maciej.html\" target=\"_blank\" rel=\"noopener\">Je\u015bli nasze \u017cycie jest opowie\u015bci\u0105, to o czym opowiada? Maciej Zaremba-Bielawski go\u015bciem &#8220;Studia Du\u017cego Formatu&#8221;<\/a><\/strong><\/span><\/span><\/h5>\n<p style=\"text-align: center;\"><span style=\"color: #000000;\"><strong>W\u0142odzimierz Nowak<\/strong><\/span><\/p>\n<hr style=\"height: 15px; background: #d0e6fa; width: 710px;\" \/>\n<p style=\"text-align: left;\"><span style=\"color: #000080;\">Czy banan mo\u017ce by\u0107 narz\u0119dziem buntu? Czy jeden skok w dal, w podstaw\u00f3wce, mo\u017ce zmieni\u0107 czyje\u015b \u017cycie? Czy kto\u015b, kto prze\u017cy\u0142 wojn\u0119 w sanatorium, mo\u017ce \u017cy\u0107 z tym, kt\u00f3ry do\u015bwiadczy\u0142 piek\u0142a? Dlaczego mama gardzi\u0142a dziadkiem? Dlaczego powiedzia\u0142a nagle: &#8211; Jestem \u017byd\u00f3wk\u0105, wyje\u017cd\u017camy. Je\u015bli nasze \u017cycie jest opowie\u015bci\u0105, to o czym opowiada i jak je zrozumie\u0107? W Studiu DF go\u015bciem W\u0142odka Nowaka jest Maciej Zaremba-Bielawski, szwedzki i polski reporter. Autor reporta\u017cy, m.in. o przymusowej sterylizacji w Szwecji, problemach globalizacji czy o wojnie w Kosowie. W Szwecji w\u0142a\u015bnie ukaza\u0142a si\u0119 jego najnowsza autobiograficzna ksi\u0105\u017cka, dzi\u0119ki kt\u00f3rej pozna\u0142 swoich przodk\u00f3w.<\/span><\/p>\n<div id=\"content\" class=\" content-alignment&lt;br \/&gt;&lt;br \/&gt; \">\n<div id=\"watch-description\" class=\"yt-uix-button-panel\">\n<div id=\"watch-description-text\" style=\"text-align: center;\">\n<p><video controls=\"controls\" width=\"680\" height=\"400\"><source src=\"https:\/\/videos.files.wordpress.com\/QlbTmhkX\/zareba1_dvd.mp4\" type=\"video\/mp4\" \/><\/video><\/p>\n<p>W\u0142odzimierz Nowak, Maciej Zaremba-Bielawski; Realizacja: Magdalena Felis; Zdj\u0119cia: Marcin Tynkowski, Marcin Urban, Pawe\u0142 G\u0142ogowski; Monta\u017c: Katarzyna Szczepa\u0144ska<\/p>\n<\/div>\n<\/div>\n<\/div>\n<p>&nbsp;<\/p>\n<hr style=\"height: 15px; background: #d0e6fa; width: 710px;\" \/>\n<div id=\"content\" class=\" content-alignment&lt;br \/&gt;&lt;br \/&gt; \">\n<div id=\"watch-description\" class=\"yt-uix-button-panel\">\n<div id=\"watch-description-text\" style=\"text-align: center;\">\n<p><em>Zawarto\u015b\u0107 publikowanych artyku\u0142\u00f3w i materia\u0142\u00f3w nie reprezentuje pogl\u0105d\u00f3w ani opinii Reunion&#8217;68,<\/em><em><br \/>\nani te\u017c webmastera Blogu Reunion&#8217;68, chyba ze jest to wyra\u017anie zaznaczone.<br \/>\nTwoje uwagi, linki, w\u0142asne artyku\u0142y lub wiadomo\u015bci prze\u015blij na adres:<br \/>\n<\/em><span style=\"color: #000080;\"><strong><em><a style=\"color: #000080;\" href=\"mailto:webmaster@reunion68.com\"><span style=\"text-decoration: underline;\">webmaster@reunion68.com<\/span><\/a><\/em><\/strong><\/span><\/p>\n<\/div>\n<\/div>\n<\/div>\n<p>&nbsp;<\/p>\n<hr style=\"width: 710px;\" \/>\n","protected":false},"excerpt":{"rendered":"<p>Je\u015bli nasze \u017cycie jest opowie\u015bci\u0105, to o czym opowiada? Maciej Zaremba-Bielawski go\u015bciem &#8220;Studia Du\u017cego Formatu&#8221; W\u0142odzimierz Nowak Czy banan mo\u017ce by\u0107 narz\u0119dziem buntu? Czy jeden skok w dal, w podstaw\u00f3wce, mo\u017ce zmieni\u0107 czyje\u015b \u017cycie? Czy kto\u015b, kto prze\u017cy\u0142 wojn\u0119 w sanatorium, mo\u017ce \u017cy\u0107 z tym, kt\u00f3ry do\u015bwiadczy\u0142 piek\u0142a? Dlaczego mama gardzi\u0142a dziadkiem? Dlaczego powiedzia\u0142a nagle: [&hellip;]<\/p>\n","protected":false},"author":1,"featured_media":0,"comment_status":"closed","ping_status":"closed","sticky":false,"template":"","format":"standard","meta":[],"categories":[6],"tags":[26,24],"_links":{"self":[{"href":"https:\/\/www.reunion68.se\/index.php?rest_route=\/wp\/v2\/posts\/63894"}],"collection":[{"href":"https:\/\/www.reunion68.se\/index.php?rest_route=\/wp\/v2\/posts"}],"about":[{"href":"https:\/\/www.reunion68.se\/index.php?rest_route=\/wp\/v2\/types\/post"}],"author":[{"embeddable":true,"href":"https:\/\/www.reunion68.se\/index.php?rest_route=\/wp\/v2\/users\/1"}],"replies":[{"embeddable":true,"href":"https:\/\/www.reunion68.se\/index.php?rest_route=%2Fwp%2Fv2%2Fcomments&post=63894"}],"version-history":[{"count":7,"href":"https:\/\/www.reunion68.se\/index.php?rest_route=\/wp\/v2\/posts\/63894\/revisions"}],"predecessor-version":[{"id":63913,"href":"https:\/\/www.reunion68.se\/index.php?rest_route=\/wp\/v2\/posts\/63894\/revisions\/63913"}],"wp:attachment":[{"href":"https:\/\/www.reunion68.se\/index.php?rest_route=%2Fwp%2Fv2%2Fmedia&parent=63894"}],"wp:term":[{"taxonomy":"category","embeddable":true,"href":"https:\/\/www.reunion68.se\/index.php?rest_route=%2Fwp%2Fv2%2Fcategories&post=63894"},{"taxonomy":"post_tag","embeddable":true,"href":"https:\/\/www.reunion68.se\/index.php?rest_route=%2Fwp%2Fv2%2Ftags&post=63894"}],"curies":[{"name":"wp","href":"https:\/\/api.w.org\/{rel}","templated":true}]}}