{"id":64089,"date":"2018-09-22T17:05:22","date_gmt":"2018-09-22T15:05:22","guid":{"rendered":"http:\/\/www.reunion68.se\/?p=64089"},"modified":"2018-09-21T07:20:54","modified_gmt":"2018-09-21T05:20:54","slug":"25-05-28","status":"publish","type":"post","link":"https:\/\/www.reunion68.se\/?p=64089","title":{"rendered":"SWEDISH AMBASSADOR, JEWISH LEADERS DISCUSS RISE IN ANTISEMITISM"},"content":{"rendered":"<h5 style=\"text-align: center;\"><a href=\"tps:\/\/www.jpost.com\/\" target=\"_blank\" rel=\"noopener\"><img decoding=\"async\" class=\"center alignleft\" src=\"http:\/\/www.reunion68.com\/Biuletyn\/img\/jpost.png\" alt=\"\" width=\"30%\" \/><\/a><span style=\"text-decoration: underline; color: #000080;\"><strong><a style=\"color: #000080; text-decoration: underline;\" href=\"https:\/\/www.jpost.com\/Diaspora\/Swedish-ambassador-Jewish-leaders-met-to-discuss-rise-in-antisemitism-567613\" target=\"_blank\" rel=\"noopener\">SWEDISH AMBASSADOR, JEWISH LEADERS DISCUSS RISE IN ANTISEMITISM<\/a><\/strong><\/span><\/h5>\n<p style=\"text-align: center;\"><span style=\"color: #000000;\"><strong>SHANNON PRATHER \/ STAR TRIBUNE<\/strong><\/span><\/p>\n<hr style=\"background: #d0e6fa; width: 710px; height: 15px;\" \/>\n<p style=\"text-align: center;\"><strong>\u201cWe\u2019ve seen a rise of antisemitism in the big cities,\u201d Olofsdotter said. \u201cPeople don\u2019t change when they cross the border. They carry their old values.\u201d<\/strong><\/p>\n<p style=\"text-align: center;\"><img decoding=\"async\" class=\"aligncenter\" src=\"https:\/\/images.jpost.com\/image\/upload\/f_auto,fl_lossy\/t_Article2016_ControlFaceDetect\/418678\" width=\"100%\" \/><span style=\"color: #808080;\"><em>Protesters participate in a demonstration against antisemitism in Parliament Square in London, Britain, March 26, 2018. (photo credit: HENRY NICHOLLS\/REUTERS)<\/em><\/span><\/p>\n<p style=\"text-align: left;\"><span style=\"color: #000080;\">Rising antisemitism in Europe and a surge of it here in America brought together the new Swedish ambassador to the United States and leaders of Minnesota\u2019s Jewish community.<\/span><\/p>\n<p><span style=\"color: #000080;\">(TNS) Ambassador Karin Olofsdotter has sought out meetings with Jewish leaders across the US since taking office a year ago, seeking to address the problem head-on and discuss ways that Sweden is trying to counteract it.<\/span><\/p>\n<p style=\"text-align: left;\"><span style=\"color: #000080;\">On Tuesday \u2014 hours before the start of Judaism\u2019s holiest day, Yom Kippur \u2014 Olofsdotter met with Minneapolis Jewish Federation CEO James Cohen and Steve Hunegs, executive director of the Jewish Community Relations Council of Minnesota and the Dakotas.<\/span><\/p>\n<p><span style=\"color: #000080;\">She said asylum-seekers and refugees from the Middle East who have settled in Sweden sometimes bring anti-Jewish feelings with them.<\/span><\/p>\n<p><span style=\"color: #000080;\">\u201cWe\u2019ve seen a rise of antisemitism in the big cities,\u201d Olofsdotter said. \u201cPeople don\u2019t change when they cross the border. They carry their old values.\u201d<\/span><\/p>\n<div id=\"FIOnDemandWrapper_fiInstance_108769_0_19282968249171972\" class=\"FIOnDemandWrapper\" style=\"text-align: left;\">\n<div class=\"apd_static_banner \">\n<p><span style=\"color: #000080;\">Sweden\u2019s national plan to stamp out antisemitism includes research, education and coordination that reaches into the classroom, the criminal justice system and even on social media. \u201cThat is where a lot of hate flourishes,\u201d she said.<\/span><\/p>\n<p><span style=\"color: #000080;\">Sweden has also increased security around Jewish institutions after an attack on a synagogue in December. In addition, Sweden is planning a Holocaust remembrance conference in 2020 \u2014 similar to one held more than two decades ago, Olofsdotter said.<\/span><\/p>\n<\/div>\n<p><span style=\"color: #000080;\">Olofsdotter\u2019s two-day visit to Minnesota followed the Sept. 9 Swedish national elections in which the far-right, anti-immigrant Sweden Democrats gained ground in the Riksdag, its national legislature, finishing third with 17.6 percent of the vote. The party has its roots in the\u00a0<a style=\"color: #000080;\" href=\"https:\/\/www.jpost.com\/Diaspora\/Antisemitism\/Swedish-Jewish-leaders-call-for-ban-on-neo-Nazi-party-565859\">n<span style=\"text-decoration: underline;\"><strong>eo-Nazi movement<\/strong><\/span><\/a>\u00a0and has been on the rise in recent years.<\/span><\/p>\n<p><span style=\"color: #000080;\">Tuesday\u2019s meeting around a conference table at the American Swedish Institute in Minneapolis was amicable with exchanges of gifts and ideas, but Cohen did press the ambassador on Sweden\u2019s pro-Palestinian politics and questioned whether that could be fueling antisemitism. Sweden was one of the first countries to recognize Palestine as a state.<\/span><\/p>\n<p><span style=\"color: #000080;\">Olofsdotter said the Swedish government\u2019s programs stress that differing political views shouldn\u2019t translate to a dislike of entire groups of people, but she indicated that the government can\u2019t stifle the exchange of ideas.<\/span><\/p>\n<p><span style=\"color: #000080;\">Olofsdotter then turned the question on her American hosts: \u201cHow is antisemitism here?\u201d<\/span><\/p>\n<p><span style=\"color: #000080;\">After years of decline, reports of antisemitic incidents spiked nearly 60 percent last year to 1,986, according to the Anti-Defamation League\u2019s annual audit. This was the second-highest number reported since the league started tracking it in 1979.<\/span><span style=\"color: #000080;\">Hunegs and Cohen described US educational efforts, including a traveling exhibit called \u201cTransfer of Memory,\u201d which includes portraits and the stories of Holocaust survivors who settled in Minnesota.<\/span><\/p>\n<p><span style=\"color: #000080;\">One of those survivors, Judy Baron, flanked by her two adult children, met with Olofsdotter.<\/span><\/p>\n<p><span style=\"color: #000080;\">Baron, a Jew originally from Hungary, was imprisoned at Auschwitz and later at another Nazi concentration camp, Bergen-Belsen. When she was liberated, she was taken in critical condition to an emergency hospital in Sweden. She recovered there and met her husband and fellow survivor, Fred Baron. They eventually settled in Minnesota.<\/span><\/p>\n<p><span style=\"color: #000080;\">Baron, 90, presented the ambassador with a published book of her watercolor paintings and thanked her for the aid Sweden provided to her and her husband 70 years ago.<\/span><\/p>\n<p><span style=\"color: #000080;\">Baron\u2019s son, Gary, said it\u2019s meaningful that the ambassador is meeting with Jewish leaders and Holocaust survivors against the backdrop of rising antisemitism in Europe.<\/span><\/p>\n<p><span style=\"color: #000080;\">He said his mother and his late father always held Sweden in the highest regard.<\/span><\/p>\n<p><span style=\"color: #000080;\">\u201cThey didn\u2019t encounter any antisemitism there. Quite the opposite,\u201d he said.<\/span><\/p>\n<hr \/>\n<p><span style=\"color: #808080;\"><em>\u00a92018 the Star Tribune (Minneapolis). Distributed by Tribune Content Agency.<\/em><\/span><\/p>\n<\/div>\n<hr style=\"background: #d0e6fa; width: 710px; height: 15px;\" \/>\n<div id=\"content\" class=\" content-alignment&lt;br \/&gt;&lt;br \/&gt; \">\n<div id=\"watch-description\" class=\"yt-uix-button-panel\">\n<div id=\"watch-description-text\" style=\"text-align: center;\">\n<p><em>Zawarto\u015b\u0107 publikowanych artyku\u0142\u00f3w i materia\u0142\u00f3w nie reprezentuje pogl\u0105d\u00f3w ani opinii Reunion&#8217;68,<\/em><em><br \/>\nani te\u017c webmastera Blogu Reunion&#8217;68, chyba ze jest to wyra\u017anie zaznaczone.<br \/>\nTwoje uwagi, linki, w\u0142asne artyku\u0142y lub wiadomo\u015bci prze\u015blij na adres:<br \/>\n<\/em><span style=\"color: #000080;\"><strong><em><a style=\"color: #000080;\" href=\"mailto:webmaster@reunion68.com\"><span style=\"text-decoration: underline;\">webmaster@reunion68.com<\/span><\/a><\/em><\/strong><\/span><\/p>\n<\/div>\n<\/div>\n<\/div>\n<p>&nbsp;<\/p>\n<hr style=\"width: 710px;\" \/>\n","protected":false},"excerpt":{"rendered":"<p>SWEDISH AMBASSADOR, JEWISH LEADERS DISCUSS RISE IN ANTISEMITISM SHANNON PRATHER \/ STAR TRIBUNE \u201cWe\u2019ve seen a rise of antisemitism in the big cities,\u201d Olofsdotter said. \u201cPeople don\u2019t change when they cross the border. They carry their old values.\u201d Protesters participate in a demonstration against antisemitism in Parliament Square in London, Britain, March 26, 2018. (photo [&hellip;]<\/p>\n","protected":false},"author":1,"featured_media":0,"comment_status":"closed","ping_status":"closed","sticky":false,"template":"","format":"standard","meta":[],"categories":[3],"tags":[26,24],"_links":{"self":[{"href":"https:\/\/www.reunion68.se\/index.php?rest_route=\/wp\/v2\/posts\/64089"}],"collection":[{"href":"https:\/\/www.reunion68.se\/index.php?rest_route=\/wp\/v2\/posts"}],"about":[{"href":"https:\/\/www.reunion68.se\/index.php?rest_route=\/wp\/v2\/types\/post"}],"author":[{"embeddable":true,"href":"https:\/\/www.reunion68.se\/index.php?rest_route=\/wp\/v2\/users\/1"}],"replies":[{"embeddable":true,"href":"https:\/\/www.reunion68.se\/index.php?rest_route=%2Fwp%2Fv2%2Fcomments&post=64089"}],"version-history":[{"count":5,"href":"https:\/\/www.reunion68.se\/index.php?rest_route=\/wp\/v2\/posts\/64089\/revisions"}],"predecessor-version":[{"id":64096,"href":"https:\/\/www.reunion68.se\/index.php?rest_route=\/wp\/v2\/posts\/64089\/revisions\/64096"}],"wp:attachment":[{"href":"https:\/\/www.reunion68.se\/index.php?rest_route=%2Fwp%2Fv2%2Fmedia&parent=64089"}],"wp:term":[{"taxonomy":"category","embeddable":true,"href":"https:\/\/www.reunion68.se\/index.php?rest_route=%2Fwp%2Fv2%2Fcategories&post=64089"},{"taxonomy":"post_tag","embeddable":true,"href":"https:\/\/www.reunion68.se\/index.php?rest_route=%2Fwp%2Fv2%2Ftags&post=64089"}],"curies":[{"name":"wp","href":"https:\/\/api.w.org\/{rel}","templated":true}]}}