{"id":64109,"date":"2018-09-23T17:05:24","date_gmt":"2018-09-23T15:05:24","guid":{"rendered":"http:\/\/www.reunion68.se\/?p=64109"},"modified":"2018-09-23T09:28:06","modified_gmt":"2018-09-23T07:28:06","slug":"26-00-29","status":"publish","type":"post","link":"https:\/\/www.reunion68.se\/?p=64109","title":{"rendered":"Jacob &#8220;Kobi&#8221; Weitzner. Po\u017cegnanie (1951-2018)"},"content":{"rendered":"<h5 style=\"text-align: center;\"><a href=\"http:\/\/www.e-teatr.pl\/\" target=\"_blank\" rel=\"noopener\"><img decoding=\"async\" class=\"alignleft\" src=\"http:\/\/www.e-teatr.pl\/pl\/img\/color6\/e-teatr.pl.gif\" \/><\/a><span style=\"text-decoration: underline; color: #000080;\"><strong><a style=\"color: #000080; text-decoration: underline;\" href=\"http:\/\/www.e-teatr.pl\/pl\/artykuly\/264340.html\" target=\"_blank\" rel=\"noopener\">Jacob &#8220;Kobi&#8221; Weitzner. Po\u017cegnanie (1951-2018)<\/a><\/strong><\/span><\/h5>\n<p style=\"text-align: center;\"><span style=\"color: #000000;\"><strong>Rafa\u0142 Dajbor<\/strong><\/span><\/p>\n<hr style=\"background: #d0e6fa; width: 710px; height: 15px;\" \/>\n<p style=\"text-align: center;\"><img decoding=\"async\" class=\"aligncenter\" src=\"http:\/\/www.e-teatr.pl\/pl\/zdjecia\/warszawa\/spektakle\/1sezon2006-7\/zydowski\/weitzner_fot_marta_kusmierz.jpg\" width=\"100%\" \/><span style=\"color: #808080;\"><em>zdj. Marta Ku\u015bmierz<\/em><\/span><\/p>\n<p style=\"text-align: left;\"><strong>W nocy z 19 na 20 wrze\u015bnia zmar\u0142 nagle Jacob Weitzner. A raczej po prostu Kobi. Kim by\u0142 Kobi? Kim\u015b, kogo okre\u015bla\u0142o si\u0119 kiedy\u015b mianem &#8220;cz\u0142owieka renesansu&#8221; &#8211; pisze Rafa\u0142 Dajbor.<\/strong><\/p>\n<p style=\"text-align: left;\"><span style=\"color: #000080;\">Teatrologiem, jidyszyst\u0105, dziennikarzem prasowym i radiowym, animatorem kultury, aktorem, naukowcem, pedagogiem, t\u0142umaczem, literatem, kierownikiem literackim Teatru \u017bydowskiego, redaktorem dzia\u0142u jidysz miesi\u0119cznika &#8220;S\u0142owo \u017bydowskie&#8221;, wyk\u0142adowc\u0105 Uniwersytetu Warszawskiego. Kim\u015b, kto maj\u0105c za sob\u0105 karier\u0119 naukow\u0105 na uniwersytetach w Tel-Awiwie, Jerozolimie i Nowym Jorku, jako swoje miejsce na ziemi wybra\u0142 Polsk\u0119, kt\u00f3r\u0105 pozna\u0142 odbywaj\u0105c przed laty jeden ze swoich sta\u017cy na planie filmu Jerzego Kawalerowicza &#8220;Austeria&#8221;. A do tego &#8211; m\u0119\u017cem, ojcem i \u015bwietnym kumplem. Jego prostolinijno\u015b\u0107 i skromno\u015b\u0107 by\u0142y niesamowite. W rozmowie sprawia\u0142 nieraz wra\u017cenie kogo\u015b wr\u0119cz zagubionego, niepewnego siebie. St\u0105d wiele os\u00f3b nie zdawa\u0142o sobie nawet sprawy jakiego formatu postaci\u0105 jest Kobi. Ponadto cudownie wr\u0119cz boryka\u0142 si\u0119 z j\u0119zykiem polskim, kt\u00f3ry dla niego, znaj\u0105cego perfekcyjnie angielszczyzn\u0119 oraz j\u0119zyki hebrajski i jidysz, nie by\u0142 j\u0119zykiem \u0142atwym. Pami\u0119tam, jak w czasie pr\u00f3b do przedstawienia &#8220;W nocy na starym rynku&#8221; w re\u017cyserii Szymona Szurmieja (pr\u00f3by pocz\u0105tkowo odbywa\u0142y si\u0119 w jidysz, cho\u0107 ostatecznie przedstawienie zagrane by\u0142o po polsku), t\u0142umaczy\u0142 co\u015b kole\u017cance graj\u0105cej matk\u0119 zmar\u0142ego dziecka. Nie mog\u0105c ogarn\u0105\u0107 w g\u0142owie jak to wszystko wypowiedzie\u0107 w jednym j\u0119zyku, powiedzia\u0142: &#8220;Fersztejen? Mia\u0142a\u015b bejbi, a masz g\u00f3wno&#8221;. Tego rodzaju cudownych powiedzonek Kobi tworzy\u0142 mn\u00f3stwo, ka\u017cdego dnia, w codziennych rozmowach. S\u0105dz\u0119, a nawet jestem pewien, \u017ce wielu spo\u015br\u00f3d nich nie powstydzi\u0142by si\u0119 sam legendarny Henryk Szlachet!<\/span><\/p>\n<p style=\"text-align: left;\"><span style=\"color: #000080;\">W 2012 roku mia\u0142em przyjemno\u015b\u0107 bli\u017cej wsp\u00f3\u0142pracowa\u0107 z Kobim, gdy zaproponowa\u0142 mi udzia\u0142 w swoim autorskim przedstawieniu aktorsko-lalkowym opartym na starotestamentalnej historii J\u00f3zefa i jego braci. Spektakl, w kt\u00f3rym grali Olga Avigail (w\u00f3wczas jeszcze jako Olga Mieleszczuk), Dorota Salamon, jej c\u00f3rka Ola, Hadrian Filip Tab\u0119cki, ja i Kobi &#8211; pomys\u0142odawca, autor scenariusza, re\u017cyser i aktor w jednej osobie &#8211; przygotowali\u015bmy na festiwal \u017cydowski w Oslo. Przedstawienie, grane w kilku j\u0119zykach, przyj\u0119to w Norwegii znakomicie, widzowie p\u0119kali ze \u015bmiechu (bo Kobi napisa\u0142 scenariusz bardzo dowcipnie, z wieloma nawi\u0105zaniami do \u00f3wczesnych bie\u017c\u0105cych wydarze\u0144), a Kobi pokaza\u0142 si\u0119 jako pe\u0142nokrwisty aktor. P\u00f3\u017aniej zagra\u0142 tak\u017ce epizod uczestnika wycieczki z Izraela w jednej z ostatnich scen filmu &#8220;Pok\u0142osie&#8221; W\u0142adys\u0142awa Pasikowskiego.<\/span><\/p>\n<p style=\"text-align: left;\"><span style=\"color: #000080;\">Opisanie kariery naukowej Kobiego przekracza\u0142oby ramy tego kr\u00f3tkiego tekstu. Wyk\u0142ada\u0142 na \u015bwiatowej s\u0142awy uczelniach, pisa\u0142, t\u0142umaczy\u0142, uczy\u0142 adept\u00f3w Studia Aktorskiego przy Teatrze \u017bydowskim, student\u00f3w UW, prowadzi\u0142 warsztaty na festiwalu Warszawa Singera By\u0142 wspania\u0142ym naukowcem i znakomitym artyst\u0105 w jednej osobie.<\/span><\/p>\n<p style=\"text-align: left;\"><span style=\"color: #000080;\">\u017begnaj Kobi. A mo\u017ce &#8211; do zobaczenia. Trudno mi bardzo uwierzy\u0107, \u017ce ju\u017c Ci\u0119 nie zobacz\u0119 i nie us\u0142ysz\u0119, jak m\u00f3wisz do mnie &#8220;Rafalczik&#8221;, bo tak zawsze si\u0119 do mnie zwraca\u0142e\u015b. By\u0142e\u015b \u015bwietnym cz\u0142owiekiem i &#8211; wbrew r\u00f3\u017cnym przyziemnym konfliktom i antagonizmom &#8211; po prostu robi\u0142e\u015b swoje wsz\u0119dzie tam, gdzie Ci\u0119 chciano i potrzebowano. By\u0142e\u015b kim\u015b, kogo nie trzeba widywa\u0107 codziennie, by go nigdy nie zapomnie\u0107. To naprawd\u0119 nie do poj\u0119cia, \u017ce ju\u017c Ci\u0119 nie ma!<\/span><\/p>\n<p style=\"text-align: right;\"><span style=\"color: #000080;\"><em>&#8220;Jacob &#8220;Kobi&#8221; Weitzner. Po\u017cegnanie (1951-2018)&#8221;<\/em><\/span><br \/>\n<span style=\"color: #000080;\"><em>Rafa\u0142 Dajbor<\/em><\/span><br \/>\n<span style=\"color: #000080;\"><em>Materia\u0142 nades\u0142any<\/em><\/span><br \/>\n<span style=\"color: #000080;\"><em>21-09-2018<\/em><\/span><\/p>\n<p><img decoding=\"async\" class=\"center aligncenter\" src=\"http:\/\/www.reunion68.com\/Biuletyn\/img\/break.png\" alt=\"\" \/><\/p>\n<h5 style=\"text-align: center;\"><a href=\"http:\/\/nekrologi.wyborcza.pl\/\" target=\"_blank\" rel=\"noopener\"><img decoding=\"async\" class=\"center alignleft\" src=\"http:\/\/www.reunion68.com\/Biuletyn\/img\/wyborcza-s.png\" alt=\"\" width=\"20%\" \/><\/a><\/h5>\n<h5 style=\"text-align: center;\"><span style=\"text-decoration: underline; color: #000080;\"><span style=\"text-decoration: underline;\"><strong><a style=\"color: #000080; text-decoration: underline;\" href=\"http:\/\/nekrologi.wyborcza.pl\/0,11,,430122,Jacob-Weitzner-kondolencje.html\" target=\"_blank\" rel=\"noopener\">Jacob Weitzner<\/a><\/strong><\/span><\/span><\/h5>\n<hr style=\"height: 15px; background: #d0e6fa; width: 710px;\" \/>\n<p>&nbsp;<\/p>\n<div id=\"sS\">\n<div id=\"k123\">\n<div class=\"k12tmbk3\">\n<div class=\"k12tmb\">\n<div id=\"k12t\">\n<div class=\"NKnekrolog\">\n<div id=\"ogl\" style=\"background: url('\/\/bi.gazeta.pl\/i\/obrazki\/wyborcza\/nekrologi\/tlo.jpg') left top; margin: auto; padding: 0px; border: currentColor; width: 580px; text-align: center; display: block;\">\n<div class=\"gora\" style=\"background: url('\/\/bi.gazeta.pl\/i\/obrazki\/wyborcza\/nekrologi\/top.jpg') no-repeat left top; margin: 0px; padding: 0px; height: 22px; text-align: center;\"><\/div>\n<div class=\"srodek\">\n<div class=\"header\" style=\"font: 14px\/normal 'Times New Roman', serif; margin: 3px 0px; padding: 0px; text-align: center; color: #000000; font-size-adjust: none; font-stretch: normal;\">\n<p>Dnia 20 wrze\u015bnia 2018 roku odszed\u0142 od nas<\/p>\n<\/div>\n<div class=\"header\" style=\"font: 14px\/normal 'Times New Roman', serif; margin: 3px 0px; padding: 0px; text-align: center; color: #000000; font-size-adjust: none; font-stretch: normal;\">\n<div class=\"_image\"><img decoding=\"async\" id=\"55054\" src=\"http:\/\/nekrologi.wyborcza.pl\/ogloszenia\/obrazki_stale\/lib\/nekrologi\/09.jpg\" \/><\/div>\n<\/div>\n<div class=\"nazwisko_16\" style=\"font: italic bold 22px\/normal 'Times New Roman', serif; margin: 12px 0px; padding: 0px; text-align: center; color: #000000; font-size-adjust: none; font-stretch: normal;\">bp dr<\/div>\n<div class=\"tekst\" style=\"font: 14px\/normal 'Times New Roman', serif; margin: 12px 0px; padding: 0px; text-align: center; color: #000000; font-size-adjust: none; font-stretch: normal;\"><\/div>\n<div class=\"nazwisko_24\" style=\"font: italic bold 30px\/normal 'Times New Roman', serif; margin: 12px 0px; padding: 0px; text-align: center; color: #000000; font-size-adjust: none; font-stretch: normal;\">Jacob Weitzner<\/div>\n<div class=\"header\" style=\"font: 14px\/normal 'Times New Roman', serif; margin: 3px 0px; padding: 0px; text-align: center; color: #000000; font-size-adjust: none; font-stretch: normal;\">Z ogromnym \u017calem \u017cegnamy wspania\u0142ego przyjaciela,<\/div>\n<div class=\"header\" style=\"font: 14px\/normal 'Times New Roman', serif; margin: 3px 0px; padding: 0px; text-align: center; color: #000000; font-size-adjust: none; font-stretch: normal;\">dobrego cz\u0142owieka, uwielbianego wyk\u0142adowc\u0119<\/div>\n<div class=\"header\" style=\"font: 14px\/normal 'Times New Roman', serif; margin: 3px 0px; padding: 0px; text-align: center; color: #000000; font-size-adjust: none; font-stretch: normal;\">\n<p>i wyj\u0105tkowego kierownika literackiego Teatru \u017bydowskiego.<\/p>\n<\/div>\n<div class=\"header\" style=\"font: 14px\/normal 'Times New Roman', serif; margin: 3px 0px; padding: 0px; text-align: center; color: #000000; font-size-adjust: none; font-stretch: normal;\">Kobi,\u00a0 smutno b\u0119dzie bez Ciebie.<\/div>\n<div class=\"komu\" style=\"font: italic 22px\/normal 'Times New Roman', serif; margin: 12px 0px; padding: 0px; text-align: center; color: #000000; font-size-adjust: none; font-stretch: normal;\">Olu,<\/div>\n<div class=\"tekst\" style=\"font: 14px\/normal 'Times New Roman', serif; margin: 12px 0px; padding: 0px; text-align: center; color: #000000; font-size-adjust: none; font-stretch: normal;\">\n<p>jeste\u015bmy z Tob\u0105 i Waszymi Dzie\u0107mi.<\/p>\n<\/div>\n<div class=\"podpis\" style=\"font: italic 14px\/normal 'Times New Roman', serif; margin: 12px 0px; padding: 0px; text-align: center; color: #000000; font-size-adjust: none; font-stretch: normal;\">Go\u0142da Tencer i zesp\u00f3\u0142 Teatru \u017bydowskiego w Warszawie<\/div>\n<div class=\"footer\" style=\"font: 14px\/normal 'Times New Roman', serif; margin: 3px 0px; padding: 0px; text-align: center; color: #000000; font-size-adjust: none; font-stretch: normal;\"><\/div>\n<\/div>\n<div class=\"dol\" style=\"background: url('\/\/bi.gazeta.pl\/i\/obrazki\/wyborcza\/nekrologi\/footer.jpg') no-repeat left top; margin: 0px; padding: 0px; height: 19px; text-align: center;\"><\/div>\n<\/div>\n<\/div>\n<\/div>\n<div id=\"k1mk2m\">\n<div id=\"k1m\"><\/div>\n<p>&nbsp;   <\/p>\n<hr style=\"background: #d0e6fa; width: 710px; height: 15px;\" \/>\n<div id=\"content\" class=\" content-alignment&lt;br \/&gt;&lt;br \/&gt; \">\n<div id=\"watch-description\" class=\"yt-uix-button-panel\">\n<div id=\"watch-description-text\" style=\"text-align: center;\">\n<p><em>Zawarto\u015b\u0107 publikowanych artyku\u0142\u00f3w i materia\u0142\u00f3w nie reprezentuje pogl\u0105d\u00f3w ani opinii Reunion&#8217;68,<\/em><em><br \/>\nani te\u017c webmastera Blogu Reunion&#8217;68, chyba ze jest to wyra\u017anie zaznaczone.<br \/>\nTwoje uwagi, linki, w\u0142asne artyku\u0142y lub wiadomo\u015bci prze\u015blij na adres:<br \/>\n<\/em><span style=\"color: #000080;\"><strong><em><a style=\"color: #000080;\" href=\"mailto:webmaster@reunion68.com\"><span style=\"text-decoration: underline;\">webmaster@reunion68.com<\/span><\/a><\/em><\/strong><\/span><\/p>\n<\/div>\n<\/div>\n<\/div>\n<p>&nbsp;<\/p>\n<hr style=\"width: 710px;\" \/>\n<\/div>\n<\/div>\n<\/div>\n<\/div>\n<\/div>\n","protected":false},"excerpt":{"rendered":"<p>Jacob &#8220;Kobi&#8221; Weitzner. Po\u017cegnanie (1951-2018) Rafa\u0142 Dajbor zdj. Marta Ku\u015bmierz W nocy z 19 na 20 wrze\u015bnia zmar\u0142 nagle Jacob Weitzner. A raczej po prostu Kobi. Kim by\u0142 Kobi? Kim\u015b, kogo okre\u015bla\u0142o si\u0119 kiedy\u015b mianem &#8220;cz\u0142owieka renesansu&#8221; &#8211; pisze Rafa\u0142 Dajbor. Teatrologiem, jidyszyst\u0105, dziennikarzem prasowym i radiowym, animatorem kultury, aktorem, naukowcem, pedagogiem, t\u0142umaczem, literatem, kierownikiem [&hellip;]<\/p>\n","protected":false},"author":1,"featured_media":0,"comment_status":"closed","ping_status":"closed","sticky":false,"template":"","format":"standard","meta":[],"categories":[6],"tags":[26,24],"_links":{"self":[{"href":"https:\/\/www.reunion68.se\/index.php?rest_route=\/wp\/v2\/posts\/64109"}],"collection":[{"href":"https:\/\/www.reunion68.se\/index.php?rest_route=\/wp\/v2\/posts"}],"about":[{"href":"https:\/\/www.reunion68.se\/index.php?rest_route=\/wp\/v2\/types\/post"}],"author":[{"embeddable":true,"href":"https:\/\/www.reunion68.se\/index.php?rest_route=\/wp\/v2\/users\/1"}],"replies":[{"embeddable":true,"href":"https:\/\/www.reunion68.se\/index.php?rest_route=%2Fwp%2Fv2%2Fcomments&post=64109"}],"version-history":[{"count":13,"href":"https:\/\/www.reunion68.se\/index.php?rest_route=\/wp\/v2\/posts\/64109\/revisions"}],"predecessor-version":[{"id":64118,"href":"https:\/\/www.reunion68.se\/index.php?rest_route=\/wp\/v2\/posts\/64109\/revisions\/64118"}],"wp:attachment":[{"href":"https:\/\/www.reunion68.se\/index.php?rest_route=%2Fwp%2Fv2%2Fmedia&parent=64109"}],"wp:term":[{"taxonomy":"category","embeddable":true,"href":"https:\/\/www.reunion68.se\/index.php?rest_route=%2Fwp%2Fv2%2Fcategories&post=64109"},{"taxonomy":"post_tag","embeddable":true,"href":"https:\/\/www.reunion68.se\/index.php?rest_route=%2Fwp%2Fv2%2Ftags&post=64109"}],"curies":[{"name":"wp","href":"https:\/\/api.w.org\/{rel}","templated":true}]}}