{"id":64130,"date":"2018-09-24T17:09:43","date_gmt":"2018-09-24T15:09:43","guid":{"rendered":"http:\/\/www.reunion68.se\/?p=64130"},"modified":"2018-09-24T07:35:29","modified_gmt":"2018-09-24T05:35:29","slug":"27-09-30","status":"publish","type":"post","link":"https:\/\/www.reunion68.se\/?p=64130","title":{"rendered":"Jan Tomasz Gross: W polskim spo\u0142ecze\u0144stwie norm\u0105 jest niewiedza na temat Zag\u0142ady"},"content":{"rendered":"<h5 style=\"text-align: center;\"><a href=\"https:\/\/ksiazki.wp.pl\/\" target=\"_blank\" rel=\"noopener\"><img decoding=\"async\" class=\"center alignleft\" src=\"http:\/\/www.reunion68.com\/Biuletyn\/img\/wp-ksiazki.png\" alt=\"\" width=\"25%\" \/><\/a><span style=\"text-decoration: underline; color: #000080;\"><strong><a style=\"color: #000080; text-decoration: underline;\" href=\"https:\/\/ksiazki.wp.pl\/jan-tomasz-gross-w-polskim-spoleczenstwie-norma-jest-niewiedza-na-temat-zaglady-2-6294483745716353a\" target=\"_blank\" rel=\"noopener\">Jan Tomasz Gross: W polskim spo\u0142ecze\u0144stwie norm\u0105 jest niewiedza na temat Zag\u0142ady<\/a><\/strong><\/span><\/h5>\n<p style=\"text-align: center;\"><span style=\"color: #000000;\"><strong>Aleksandra Pawlicka<\/strong><\/span><\/p>\n<hr style=\"background: #d0e6fa; width: 710px; height: 15px;\" \/>\n<p style=\"text-align: center;\"><img decoding=\"async\" src=\"https:\/\/v.wpimg.pl\/MDEyOTQ3JC1qNmBmYgd7PHRKfWR-V2MzNRAiM39DIWt0Sn1laAJ7dnRPYmxgB3txfU5_eztSI2kxFiI1IklgIzcWPCd_WT0j\" width=\"100%\" \/><span style=\"color: #808080;\"><em>Jan Tomasz Gross<\/em><\/span><\/p>\n<p style=\"text-align: left;\"><span style=\"color: #000080;\">Polak, \u017byd, badacz zbrodni Polak\u00f3w na \u017bydach w trakcie Holokaustu. Prowokator stawiaj\u0105cy ostre tezy, krytykowany nawet przez przyjaci\u00f3\u0142. Aleksandra Pawlicka zrobi\u0142a wywiad-rzek\u0119 z Janem Tomaszem Grossem. Cz\u0142owiekiem, bez kt\u00f3rego Polacy nadal by my\u015bleli, \u017ce byli w II wojnie tylko ofiarami, a nie tak\u017ce oprawcami.<\/span><\/p>\n<p><span style=\"color: #000080;\">&#8220;POLAKO\u017bERCA BEZ MEDALU&#8221; &#8211; fragment ksi\u0105\u017cki &#8220;&#8230;bardzo dawno temu, mniej wi\u0119cej w zesz\u0142y pi\u0105tek&#8221; &#8211; wywiadu-rzeki Aleksandry Pawlickiej z Janem Tomaszem Grossem (wyd. WAB).<\/span><\/p>\n<p><strong>We wrze\u015bniu 2015 roku napisa\u0142e\u015b tekst &#8220;Eastern Europe\u2019s Crisis of Shame&#8221; (ang. Wstydliwy Kryzys Europy Wschodniej \u2013 red.) opublikowany przez niemieck\u0105 gazet\u0119 &#8220;Die Welt, kt\u00f3ry w Polsce wywo\u0142a\u0142 burz\u0119.<\/strong><\/p>\n<p><span style=\"color: #000080;\">No w\u0142a\u015bnie, ty te\u017c mi dowalasz tym niemieckim obuchem. Napisa\u0142em ten tekst po angielsku dla Project Syndicate i ka\u017cda gazeta mog\u0142a go przedrukowa\u0107. Wydrukowa\u0142o go przesz\u0142o 30 gazet na ca\u0142ym \u015bwiecie. Perfidia nagle rozp\u0119tanej dyskusji w Polsce polega\u0142a na tym, \u017ce nikt tego tekstu po polsku nie wydrukowa\u0142, kiedy o nim m\u00f3wiono. Nawet &#8220;Gazeta Wyborcza&#8221;, w kt\u00f3rej pracuj\u0105 moi przyjaciele, ca\u0142y czas odwo\u0142ywa\u0142a si\u0119 do stereotypu, na kt\u00f3rym Kaczy\u0144ski robi swoje interesy, czyli antyniemiecko\u015bci \u2013 &#8220;Die Welt&#8221; i Gross, Gross i &#8220;Die Welt&#8221;\u2026 [\u2026]<\/span><\/p>\n<p style=\"text-align: center;\"><img decoding=\"async\" class=\"aligncenter\" src=\"https:\/\/v.wpimg.pl\/MDEyOTQ3JC1qNmBtaQM1cXxAYDB_RD0tKB5hJD0cdX1wQHdmYAdgcHNKeW1jAHR2ahMuOnxHIikkCjV5NkEiNzZXJSQ2\" width=\"100%\" \/><span style=\"color: #808080;\"><em>\u0179r\u00f3d\u0142o: Agencja Gazeta<\/em><\/span><\/p>\n<p><strong>Aleksander Smolar w jednym z wywiad\u00f3w powiedzia\u0142: &#8220;Jestem oburzony twoimi uog\u00f3lnieniami, ty nie dyskutujesz, ty si\u0119 m\u015bcisz&#8221;.<\/strong><\/p>\n<p><span style=\"color: #000080;\">Nie pami\u0119tam akurat tego sformu\u0142owania, ale s\u0142ysza\u0142em, jak wyst\u0119powa\u0142 w radiu u\u00a0<a style=\"color: #000080;\" href=\"https:\/\/wiadomosci.wp.pl\/monika-olejnik-6030131139310721c\"><span style=\"text-decoration: underline;\"><strong>Moniki Olejnik<\/strong><\/span><\/a>\u00a0\u2013 widzia\u0142em to potem w internecie \u2013 w kt\u00f3rej to audycji Olejnik posz\u0142a do niego takim tekstem: &#8220;Gross si\u0119 zha\u0144bi\u0142\u2026&#8221;, po czym huzia na J\u00f3zia. A Alik nic na to \u2013 nie wsta\u0142, nie wyszed\u0142 z redakcji, nie zaoponowa\u0142\u2026<\/span><\/p>\n<p><span style=\"color: #000080;\">Z wielu stron us\u0142ysza\u0142em w\u00f3wczas: &#8220;Zwariowa\u0142e\u015b? Znowu o \u017bydach? Co maj\u0105 \u017bydzi do uchod\u017ac\u00f3w? Wszystko ci si\u0119 kojarzy z d\u2026\u0105&#8221;. Par\u0119 miesi\u0119cy wcze\u015bniej na sesji upami\u0119tniaj\u0105cej stulecie urodzin Karskiego wyg\u0142osi\u0142em referat, a potem zapropono\u00adwa\u0142em jego publikacj\u0119 &#8220;Gazecie Wyborczej&#8221;. Wydrukowa\u0142a go z komentarzem\u00a0<a style=\"color: #000080;\" href=\"https:\/\/wiadomosci.wp.pl\/adam-michnik-6139936531064449c\"><span style=\"text-decoration: underline;\"><strong>Adama Michnika<\/strong><\/span><\/a>\u00a0mniej wi\u0119cej takiej tre\u015bci: m\u00f3j bliski przyjaciel Janek Gross, kt\u00f3rego bardzo lubi\u0119, ale on patrzy &#8220;przez \u017cydowskie okulary&#8221; i chc\u0119, \u017ceby by\u0142o wiadomo, \u017ce nie zgadzam si\u0119 z tym, co m\u00f3wi.<\/span><\/p>\n<p><span style=\"color: #000080;\">Ludzie nie musz\u0105 si\u0119 ze sob\u0105 zgadza\u0107 i ja rzeczywi\u015bcie nosz\u0119 okulary. Ale one nie s\u0105 \u017cydowskie, tylko optyczne. Taki frazes w ustach Adama to by\u0142o de facto przyzwolenie dla innych, aby wali\u0107 we mnie jak w b\u0119ben. Skoro przyjaciele z &#8220;Gazety&#8221;\u2026<\/span><\/p>\n<p style=\"text-align: left;\"><strong>Rzecznik\u00a0<\/strong><a href=\"https:\/\/wiadomosci.wp.pl\/msz-ministerstwo-spraw-zagranicznych-6032700066247809c\"><strong><span style=\"color: #000000;\">MSZ<\/span><\/strong><\/a><strong><span style=\"color: #000000;\">\u00a0<\/span>Marcin Wojciechowski napisa\u0142 wtedy na Twitterze: &#8220;Tekst nieprawdziwy historycznie, szkodliwy i obra\u017caj\u0105cy PL&#8221;.<\/strong><\/p>\n<p><span style=\"color: #000080;\">Pami\u0119tam taki moment, gdy wraca\u0142em z Warszawy poci\u0105giem do Berlina, [\u2026] kiedy pierwszy raz w \u017cyciu odczu\u0142em ulg\u0119, wyje\u017cd\u017caj\u0105c z Polski, i mia\u0142em poczucie, \u017ce wracam do domu. I nagle my\u015bl\u0119 w tym poci\u0105gu: &#8220;Chyba zwariowa\u0142em. Jad\u0119 z Warszawy do Berlina i czuj\u0119 si\u0119, jakbym wraca\u0142 do siebie?&#8221;. Co\u015b niedobrego musia\u0142o si\u0119 sta\u0107. [\u2026]<\/span><\/p>\n<p style=\"text-align: left;\"><strong>W Polsce rabanu narobi\u0142o jedno zdanie z twojego tekstu. Twoje stwierdzenie, \u017ce Polacy zabili w czasie wojny wi\u0119cej \u017byd\u00f3w ni\u017c Niemc\u00f3w.<\/strong><\/p>\n<p><span style=\"color: #000080;\">A nie zabili? Nie zabili?<\/span><\/p>\n<p><span style=\"color: #000080;\">W czasie wojny w Polsce pod okupacj\u0105 zgin\u0119\u0142o jakie\u015b 2000 Niemc\u00f3w. Dodaj do tego 17 000 Niemc\u00f3w zabitych w czasie kampanii wrze\u015bniowej w walkach z polsk\u0105 armi\u0105. Zaokr\u0105glaj\u0105c, razem 20 000. Nie\u017cydowscy Polacy zabili lub wydali na \u015bmier\u0107 w czasie okupacji \u2013 wedle ostro\u017cnych szacunk\u00f3w \u2013 200 000 \u017cydowskich Polak\u00f3w. Nie trzeba mie\u0107 wy\u017cszych studi\u00f3w z matematyki, \u017ceby m\u00f3c te dwie liczby por\u00f3wna\u0107.<\/span><\/p>\n<p><span style=\"color: #000080;\">Ale po kolei. Ten tekst powsta\u0142 w kulminacyjnym momencie kryzysu uchod\u017aczego. Uwa\u017ca\u0142em, \u017ce kraje Europy Wschodniej, z Polsk\u0105 w\u0142\u0105cznie, obla\u0142y test na\u00a0<a style=\"color: #000080;\" href=\"https:\/\/wiadomosci.wp.pl\/nszz-solidarnosc-6119314253526657c\"><span style=\"text-decoration: underline;\"><strong>solidarno\u015b\u0107<\/strong><\/span><\/a>\u00a0i sprzeniewierzy\u0142y si\u0119 pami\u0119ci o swoim w\u0142asnym losie. Polska od stuleci jest krajem emigrant\u00f3w, kt\u00f3rzy uciekali z ojczyzny przed prze\u015bladowaniami albo n\u0119dz\u0105. Wystarczy pomieszka\u0107 chwil\u0119 w Ameryce, \u017ceby si\u0119 o tym przekona\u0107, albo zgo\u0142a w Londynie.<\/span><\/p>\n<p><span style=\"color: #000080;\">Pisa\u0142em o krajach Europy Wschodniej, \u017ce &#8220;okaza\u0142y si\u0119 nietolerancyjne, nieliberalne, ksenofobiczne i niezdolne do pami\u0119ci o duchu solidarno\u015bci, kt\u00f3ry przyni\u00f3s\u0142 im wolno\u015b\u0107 \u0107wier\u0107 wieku temu (\u2026). Korzenie postawy wschodniej Europy, kt\u00f3ra teraz pokazuje swoje ohydne oblicze, bior\u0105 si\u0119 bezpo\u015brednio z II wojny \u015bwiatowej i z czas\u00f3w tu\u017c po jej zako\u0144czeniu&#8221;.<\/span><\/p>\n<p><span style=\"color: #000080;\">My\u015bl\u0119, \u017ce to, co si\u0119 wydarzy\u0142o p\u00f3\u017aniej w Polsce, potwierdza t\u0119 moj\u0105 diagnoz\u0119. W ci\u0105gu roku ksenofobiczna propaganda\u00a0<a style=\"color: #000080;\" href=\"https:\/\/wiadomosci.wp.pl\/pis-prawo-i-sprawiedliwosc-6032701425284225c\"><span style=\"text-decoration: underline;\"><strong>PiS<\/strong><\/span><\/a>\u00a0podnios\u0142a liczb\u0119 Polak\u00f3w przeciwnych wpuszczaniu do kraju jakichkolwiek uciekinier\u00f3w z 25 do 75 procent.<\/span><\/p>\n<p><span style=\"color: #000080;\">A od kiedy Polacy maj\u0105 zdecydowane pogl\u0105dy na temat Syryjczyk\u00f3w? Co kogo w Polsce obchodzi islam? To w bajorze antysemityzmu PiS ka\u017ce si\u0119 nam tapla\u0107, strasz\u0105c uchod\u017acami roznosz\u0105cymi zarazki i uruchamiaj\u0105c w ten spos\u00f3b zapasy nienawi\u015bci rasowej zmagazynowane w polskim spo\u0142ecze\u0144stwie. Kiedy minister\u00a0<a style=\"color: #000080;\" href=\"https:\/\/wiadomosci%3cbr%20\/%3E.wp.pl\/patryk-jaki-6030175423648897c\"><span style=\"text-decoration: underline;\"><strong>Patryk Jaki<\/strong><\/span><\/a>postanowi\u0142 zrewidowa\u0107 histori\u0119 Zag\u0142ady za pomoc\u0105 nowelizacji ustawy o IPN-ie i odezwa\u0142y si\u0119 g\u0142osy protestu w Ameryce i w Izraelu, fala hejtu antysemickiego rozla\u0142a si\u0119 w polskich mediach spo\u0142eczno\u015bciowych i w telewizji pa\u0144stwowej z dnia na dzie\u0144.<\/span><\/p>\n<p style=\"text-align: center;\"><img decoding=\"async\" class=\"aligncenter\" src=\"https:\/\/v.wpimg.pl\/MDEyOTQ3JC1qNmBtaQM1cnVJYDB_RD0tKB5hJD0cfHJ3S3ptZgF6dmhBeGVpBnl3cEBgPjBdYDAqFC4nKx4qNioKPHo7Qyo=\" width=\"100%\" \/><span style=\"color: #808080;\"><em>\u0179r\u00f3d\u0142o: Agencja Gazeta \/ Z lewej Adam Michnik, drugi od prawej Jan Tomasz Gross<\/em><\/span><\/p>\n<p style=\"text-align: left;\"><strong>Zdanie, o kt\u00f3re stoczono bitw\u0119, nast\u0119powa\u0142o po stwierdzeniu, \u017ce &#8220;Polacy, kt\u00f3rzy zas\u0142u\u017cenie s\u0105 dumni z oporu ich spo\u0142ecze\u0144stwa wobec nazist\u00f3w, faktycznie zabili w czasie wojny wi\u0119cej \u017byd\u00f3w ni\u017c Niemc\u00f3w&#8221;.<\/strong><\/p>\n<p style=\"text-align: left;\"><span style=\"color: #000080;\">No bo po prostu w Polsce, pod okupacj\u0105, tak by\u0142o.<\/span><\/p>\n<p style=\"text-align: left;\"><strong>IPN napisa\u0142 w odpowiedzi: &#8220;Dok\u0142adne liczby nie s\u0105 znane. Nie wiemy, ilu \u017byd\u00f3w zgin\u0119\u0142o z r\u0105k Polak\u00f3w, a ilu zosta\u0142o zadenuncjowanych. Trudno te\u017c oszacowa\u0107 liczb\u0119 Niemc\u00f3w zabitych przez Polak\u00f3w na frontach II wojny \u015bwiatowej oraz w okupowanym kraju. Ca\u0142a nasza wiedza historyczna wskazuje jednak, \u017ce straty zadane przez Polak\u00f3w Niemcom s\u0105 zdecydowanie wy\u017csze ni\u017c ofiary zbrodni na \u017cydowskich wsp\u00f3\u0142obywatelach&#8221;. Wi\u0119c jak to jest z tymi liczbami?<\/strong><\/p>\n<p style=\"text-align: left;\"><span style=\"color: #000080;\">Rzeczywi\u015bcie, zniuansowana i subtelna odpowied\u017a: a wi\u0119c wed\u0142ug IPN Polak wzywaj\u0105cy niemieckiego \u017candarma, \u017ceby zabi\u0142 \u017byda, nie jest morderc\u0105?<\/span><\/p>\n<p style=\"text-align: left;\"><span style=\"color: #000080;\">Moje por\u00f3wnanie dotyczy tego, co si\u0119 dzia\u0142o na obszarze okupacji, a nie front\u00f3w II wojny \u015bwiatowej. To w Polsce pod okupacj\u0105 Polacy zabijali \u017byd\u00f3w i polskie spo\u0142ecze\u0144stwo stawia\u0142o op\u00f3r nazistom. W takim sensie u\u017cy\u0142 tego por\u00f3wnania profesor Marcin Zaremba, od kt\u00f3rego je zapo\u017cyczy\u0142em, w recenzji ze Z\u0142otych \u017cniw napisanej przez niego wiele lat temu w &#8220;Gazecie Wyborczej&#8221;. &#8220;Ca\u0142a wiedza historyczna&#8221; dzisiejszego IPN-u na ten temat \u2013 za prezesury doktora Szarka, kt\u00f3rego zdaniem nawet \u017byd\u00f3w w Jedwabnem wymordowali Niemcy \u2013 jest funta k\u0142ak\u00f3w nie warta. [&#8230;]<\/span><\/p>\n<p style=\"text-align: left;\"><strong>Po debacie w &#8220;Krytyce Politycznej&#8221; poszli\u015bcie ze Smolarem i z Sierakowskim na kolacj\u0119.<\/strong><\/p>\n<p style=\"text-align: left;\"><span style=\"color: #000080;\">I by\u0142o mi\u0142o. Rozmawiali\u015bmy o dzieciach, wnukach, polityce, ale nie o powodzie tego spotkania. O tym, \u017ce moj\u0105 intencj\u0105 nie jest obra\u017canie narodu, ale u\u015bwiadomienie, \u017ce ta straszna cz\u0119\u015b\u0107 historii jest polsk\u0105 histori\u0105 i nie ma od tego ucieczki. Po prostu nie ma.<\/span><\/p>\n<p style=\"text-align: left;\"><strong>Polska historia to \u201ekamienie rzucane na szaniec\u201d, a ty m\u00f3wisz, \u017ce my\u015bmy tymi kamieniami rzucali w innych.<\/strong><\/p>\n<p style=\"text-align: left;\"><span style=\"color: #000080;\">\u015awietnie to sformu\u0142owa\u0142a\u015b!<\/span><\/p>\n<p style=\"text-align: left;\"><span style=\"color: #000080;\">Trzeba sobie wreszcie przyswoi\u0107 t\u0119 prawd\u0119 historyczn\u0105, \u017ce byli w czasie okupacji bohaterowie na barykadach, ale by\u0142 te\u017c t\u0142um wsp\u00f3\u0142obywateli, kt\u00f3rych zamordowano z pomoc\u0105 naszych przodk\u00f3w. Powiedzmy to wreszcie g\u0142o\u015bno. Wpiszmy do podr\u0119cznik\u00f3w historii. I \u017caden sufit si\u0119 nam z tego powodu na g\u0142ow\u0119 nie zawali.<\/span><\/p>\n<p style=\"text-align: left;\"><span style=\"color: #000080;\">Wszystko straszne, co si\u0119 mog\u0142o wydarzy\u0107 w tej sprawie, ju\u017c si\u0119 wydarzy\u0142o; ju\u017c nic na to nie poradzimy; niczego w tej koszmarnej przesz\u0142o\u015bci nie da si\u0119 poprawi\u0107. I mo\u017cemy teraz albo komplikowa\u0107 sobie \u017cycie bez ko\u0144ca i wystawia\u0107 na po\u015bmiewisko, k\u0142ami\u0105c na temat w\u0142asnej historii \u2013 vide reakcja na \u015bwiecie na poprawki do ustawy o IPN-ie \u2013 albo otwarcie w przestrzeni publicznej m\u00f3wi\u0107 prawd\u0119 i si\u0119 wreszcie, \u017ce tak powiem, uspokoi\u0107. Tym bardziej \u017ce z t\u0105 prawd\u0105 o okresie okupacji mo\u017cna si\u0119 w Polsce \u0142atwo zapozna\u0107 dzi\u0119ki gronu wspania\u0142ych historyk\u00f3w i humanist\u00f3w, kt\u00f3rzy te zasz\u0142o\u015bci dok\u0142adnie opisali!<\/span><\/p>\n<p style=\"text-align: left;\"><span style=\"color: #000080;\">Ca\u0142e mn\u00f3stwo spo\u0142ecze\u0144stw na \u015bwiecie ma ciemne plamy we w\u0142asnej historii i nie ma nic obra\u017aliwego w przyj\u0119ciu do wiadomo\u015bci, \u017ce Polacy s\u0105 takimi samymi lud\u017ami jak inni. Dok\u0142adnie na odwr\u00f3t. Dopiero pozowanie na anielsko\u015b\u0107 \u2013 to, co robi\u0105 panowie\u00a0<a style=\"color: #000080;\" href=\"https:\/\/wiadomosci.wp.pl\/jaroslaw-kaczynski-6030131180507777c\"><span style=\"text-decoration: underline;\"><strong>Jaros\u0142aw Kaczy\u0144ski<\/strong><\/span><\/a>, Maciej \u015awirski czy\u00a0<span style=\"text-decoration: underline;\"><strong><a style=\"color: #000080; text-decoration: underline;\" href=\"https:\/\/wiadomosci.wp.pl\/antoni-macierewicz-6030155876631169c\">Antoni Macierewicz<\/a><\/strong><\/span>\u00a0\u2013 przyprawia Polsce &#8220;g\u0119b\u0119&#8221; na \u015bwiecie. [\u2026]<\/span><\/p>\n<p style=\"text-align: center;\"><img decoding=\"async\" class=\"aligncenter\" src=\"https:\/\/v.wpimg.pl\/MDEyOTQ3JC1qNmBtaQM1cnVJYDB_RD0tKB5hJD0ceHdySH1nYwB7aWhIfmxnB3x9cU96eztSI2kxFiI1IklgIzcWPCd_WT0j\" width=\"100%\" \/><span style=\"color: #808080;\"><em>\u0179r\u00f3d\u0142o: Agencja Gazeta<\/em><\/span><\/p>\n<p style=\"text-align: left;\"><strong><span style=\"font-family: Arial; font-size: large;\">W 2015 PiS wygrywa wybory i po przej\u0119ciu w\u0142adzy postanawia rozprawi\u0107 si\u0119 z Grossem. Pojawia si\u0119 idea odebrania ci medalu \u2013 Krzy\u017ca Kawalerskiego Orderu Zas\u0142ugi Rzeczpospolitej Polskiej przyznanego przez prezydenta\u00a0<\/span><span style=\"text-decoration: underline;\"><a href=\"https:\/\/wiadomosci.wp.pl\/aleksander-kwasniewski-6030157430920321c\">Aleksandra Kwa\u015bniewskiego<\/a><\/span><span style=\"font-family: Arial; font-size: large;\">\u00a0w 1996 roku.<\/span><\/strong><\/p>\n<p style=\"text-align: left;\"><span style=\"color: #000080;\">Akcja z medalem to pomys\u0142 Macieja \u015awirskiego z Fundacji Reduty Dobrego Imienia \u2013 Polskiej Ligi przeciw Znies\u0142awieniom (dzisiaj zawiaduje Polsk\u0105 Fundacj\u0105 Narodow\u0105).<\/span><\/p>\n<p style=\"text-align: left;\"><span style=\"color: #000080;\">&#8220;Bo\u017ce, chro\u0144 mnie od przyjaci\u00f3\u0142, od wrog\u00f3w obroni\u0119 si\u0119 sam&#8221;, m\u00f3wi znane porzekad\u0142o. Maj\u0105c takich obro\u0144c\u00f3w, Polska zaiste nie potrzebuje nieprzyjaci\u00f3\u0142.<\/span><\/p>\n<p style=\"text-align: left;\"><strong>Maciej \u015awirski argumentowa\u0142: &#8220;Gross to oszczerca wyj\u0105tkowo szkodliwy, kt\u00f3ry pod pozorem uprawiania pracy naukowej prowadzi kampani\u0119 znies\u0142awie\u0144 i zniewag przeciwko Polsce&#8221;.<\/strong><\/p>\n<p style=\"text-align: left;\"><span style=\"color: #000080;\">Daj spok\u00f3j. \u017badnych znies\u0142awie\u0144 i zniewag w moich ksi\u0105\u017ckach nie ma. Jest za to wysi\u0142ek opowiedzenia dramatycznej prawdy historycznej, bez zrozumienia i zaakceptowania kt\u00f3rej polskie spo\u0142ecze\u0144stwo nie dojdzie ze sob\u0105 do \u0142adu.<\/span><\/p>\n<p style=\"text-align: left;\"><span style=\"color: #000080;\">Wojna to mieszanina gest\u00f3w heroicznych i g\u0142\u0119boko nieetycznych. I nie ma w tym \u017cadnej polskiej specyfiki. Takie rzeczy dziej\u0105 si\u0119 wsz\u0119dzie, gdzie dochodzi do ludob\u00f3jstwa. Wi\u0119c nie ma co ple\u015b\u0107 andron\u00f3w, \u017ce Polacy s\u0105 \u015bwi\u0119ci i tylko jeden Gross z\u0142y.<\/span><\/p>\n<p style=\"text-align: left;\"><strong>Dorzuc\u0119 wi\u0119c jeszcze opini\u0119 \u00f3wczesnego wiceministra spraw zagranicznych Jana Dziedziczaka, argumentuj\u0105cego konieczno\u015b\u0107 odebrania ci pa\u0144stwowego odznaczenia: &#8220;Taki gest pokaza\u0142by opinii publicznej w kraju i za granic\u0105, \u017ce Gross jest wrogiem Polski. Jako by\u0142ego polskiego obywatela nale\u017cy go \u2013 w stylistyce XXI wieku \u2013 nazwa\u0107 zdrajc\u0105 ojczyzny&#8221;.<\/strong><\/p>\n<p style=\"text-align: left;\"><span style=\"color: #000080;\">PiS uzna\u0142, \u017ce wraz z wyborczym zwyci\u0119stwem, w kt\u00f3rym 19 procent uprawnionych do g\u0142osowania popar\u0142o t\u0119 parti\u0119, sta\u0142 si\u0119 w\u0142a\u015bcicielem Polski i wszystko mu wolno. Zaw\u0142aszcza dobra, kt\u00f3re zupe\u0142nie do niego nie nale\u017c\u0105 \u2013 zasady pa\u0144stwa demokratycznego, histori\u0119, dobre imi\u0119 Polski w \u015bwiecie. Medal Grossa w tej lawinie rujnuj\u0105cej kraj to naprawd\u0119 ma\u0142o istotny kamyczek. [\u2026]<\/span><\/p>\n<p style=\"text-align: left;\"><strong>Gdy rozmawiali\u015bmy wtedy, w \u015brodku awantury o medal, powiedzia\u0142e\u015b mi: &#8220;Je\u015bli dostan\u0119 powa\u017cne pismo wystosowane na eleganckiej papeterii od pana prezydenta, \u017ce mam odda\u0107 odznaczenie, to oprawi\u0119 je sobie w ramki, powiesz\u0119 na \u015bcianie i b\u0119dzie to najbardziej intryguj\u0105cy dokument w\u015br\u00f3d rozmaitych odznacze\u0144 i dyplom\u00f3w, kt\u00f3re w \u017cyciu dosta\u0142em&#8221;.<\/strong><\/p>\n<p style=\"text-align: left;\"><span style=\"color: #000080;\">No tak, bo to jednak by\u0142oby do\u015b\u0107 kuriozalne posuni\u0119cie. W podobnym stylu co tytu\u0142, kt\u00f3rym mnie obdarzy\u0142 inny prezes IPN-u z wcze\u015bniejszego PiS-owskiego nadania, Janusz Kurtyka, m\u00f3wi\u0105c, \u017ce jestem &#8220;wampirem historiografii&#8221;.<\/span><\/p>\n<p style=\"text-align: left;\"><strong>Wr\u00f3g, zdrajca, donosiciel, oszczerca, anty-Polak, polako\u017cerca, wampir \u2013 bol\u0105 ci\u0119 takie okre\u015blenia?<\/strong><\/p>\n<p style=\"text-align: left;\"><span style=\"color: #000080;\">To j\u0119zyk ignorancji. Polacy, co wiemy z bada\u0144 opinii publicznej, s\u0105 w wi\u0119kszo\u015bci przekonani, \u017ce ucierpieli w czasie wojny bardziej lub przynajmniej r\u00f3wnie mocno, co \u017bydzi. Inaczej m\u00f3wi\u0105c, norm\u0105 w polskim spo\u0142ecze\u0144stwie jest po prostu niewiedza na temat tego, czym by\u0142a Zag\u0142ada.<\/span><\/p>\n<p style=\"text-align: left;\"><strong>Pyta\u0142am, czy ci\u0119 to boli?<\/strong><\/p>\n<p style=\"text-align: left;\"><span style=\"color: #000080;\">Jak ka\u017cdy cz\u0142owiek, kt\u00f3ry wchodzi w obieg publiczny: polityk, artysta, tw\u00f3rca, dziennikarz \u2013 nie mog\u0119 mie\u0107 pretensji, \u017ce ludzie, cho\u0107 nie maj\u0105 zielonego poj\u0119cia o tym, co napisa\u0142em, czuj\u0105 si\u0119 uprawnieni do wypowiadania si\u0119 na m\u00f3j temat. Taka jest cena bycia osob\u0105 publiczn\u0105. W tym sensie mam to zracjonalizowane. Ale nie popadajmy w przesadn\u0105 wiktymologi\u0119, bo znacznie cz\u0119\u015bciej spotykam si\u0119 z zupe\u0142nie inn\u0105 reakcj\u0105 otoczenia. Dochodzi do mnie mn\u00f3stwo bardzo wzruszaj\u0105cych g\u0142os\u00f3w z ca\u0142ego \u015bwiata &#8211; bo moje ksi\u0105\u017cki zosta\u0142y przet\u0142umaczone na wiele j\u0119zyk\u00f3w &#8211; i w Polsce te\u017c mam du\u017ce grono oddanych czytelnik\u00f3w, wdzi\u0119cznych za to, co napisa\u0142em.<\/span><\/p>\n<p style=\"text-align: left;\"><span style=\"color: #000080;\">Jest jeszcze inny, intymny wymiar tej ca\u0142ej sprawy, kt\u00f3ry si\u0119 st\u0105d bierze, \u017ce pisanie na temat Zag\u0142ady dotyka otch\u0142ani ludzkiego nieszcz\u0119\u015bcia. Wi\u0119c jest si\u0119 w ten temat g\u0142\u0119boko zaanga\u017cowanym. I dlatego, gdy wali we mnie radio Rydzyka, to sp\u0142ywa po mnie jak woda po kaczce, ale kiedy robi\u0105 co\u015b podobnego przyjaciele, czuj\u0119 si\u0119 \u017ale. Bo taka reakcja ze strony ludzi, z kt\u00f3rymi \u0142\u0105czy mnie d\u0142uga tradycja odbioru zjawisk spo\u0142ecznych na tych samych falach, przywi\u0105zanie do tych samych warto\u015bci i do tych samych kryteri\u00f3w w rozumieniu tego, co si\u0119 wok\u00f3\u0142 dzieje &#8211; wywo\u0142uje niepok\u00f3j i smutek.<\/span><\/p>\n<p style=\"text-align: center;\"><img decoding=\"async\" class=\"aligncenter\" src=\"https:\/\/v.wpimg.pl\/MDEyOTQ3JC1qNmBtaQM1cnVJYDB_RD0tKB5hJD0cfHZyTX9tZQd8d2hUfmFnBnV0cE94ZH5ZLCpoDSA5MEA3aSILICciHSc0Ig==\" width=\"100%\" \/><span style=\"color: #808080;\"><em>\u0179r\u00f3d\u0142o: mat. wyd. W.A.B. \/ Ok\u0142adka ksi\u0105\u017cki Aleksandry Pawlickiej i Jana Tomasza Grossa<\/em><\/span><\/p>\n<hr \/>\n<p style=\"text-align: left;\"><span style=\"color: #808080;\"><strong><em>Jan Tomasz Gross.<\/em><\/strong><em> Socjolog i historyk urodzony w polsko-\u017cydowskiej rodzinie. W 1968 r. wzi\u0105\u0142 udzia\u0142 w protestach studenckich, za co trafi\u0142 do wi\u0119zienia na pi\u0119\u0107 miesi\u0119cy. Rok p\u00f3\u017aniej wraz z rodzicami wyemigrowa\u0142 do USA, gdzie kontynuowa\u0142 karier\u0119 naukow\u0105. W 1975 r. obroni\u0142 doktorat na Uniwersytecie Yale, a kilkana\u015bcie lat p\u00f3\u017aniej zosta\u0142 mianowany profesorem Wydzia\u0142u Historii Uniwersytetu Princeton. W latach 90. Gross zosta\u0142 odznaczony przez prezydenta Aleksandra Kwa\u015bniewskiego Krzy\u017cem Kawalerskim Orderu Zas\u0142ugi Rzeczypospolitej Polskiej. Specjalizuje si\u0119 w historii XX wieku i historii Zag\u0142ady. G\u0142oszone przez niego tezy spotykaj\u0105 si\u0119 z dezaprobat\u0105 innych historyk\u00f3w i wywo\u0142uj\u0105 publiczne polemiki. Autor ksi\u0105\u017cki &#8220;S\u0105siedzi&#8221; o mordzie w Jedwabnem, a tak\u017ce ksi\u0105\u017cki pt. \u201cStrach\u201d, kt\u00f3ra dotyczy problemu pogromu kieleckiego, krakowskiego i rzeszowskiego. G\u0142oszone przez Grossa tezy o tym, \u017ce w trakcie II wojny \u015bwiatowej Polacy zabili wi\u0119cej \u017byd\u00f3w, ni\u017c Niemc\u00f3w, budz\u0105 ostre kontrowersje w \u015brodowisku naukowym.<\/em><\/span><\/p>\n<p style=\"text-align: left;\"><span style=\"color: #808080;\"><em>Al<strong>eksandra Pawlicka<\/strong>. Dziennikarka Newsweeka, wcze\u015bniej pracowa\u0142a we Wprost, Przekroju, polskiej sekcji BBC. Prywatnie podr\u00f3\u017cniczka. Napisa\u0142a ksi\u0105\u017cki &#8220;\u015awiatoholicy&#8221; &#8211; o swoich podr\u00f3\u017cach do 60 kraj\u00f3w ze zdj\u0119ciami m\u0119\u017ca Jacka Pawlickiego, szefa dzia\u0142u zagranicznego &#8220;Newsweeka&#8221;, wywiad- rzek\u0119 z prof. Magdalen\u0105 \u015arod\u0105 &#8220;Ta straszna \u015aroda&#8221;, ksi\u0105\u017ck\u0119 o I Kongresie Kobiet &#8220;Czas na kobiety&#8221;, sag\u0119 rodzinn\u0105 Jerzego Stuhra &#8220;Historie rodzinne&#8221; oraz wywiad-rzek\u0119 z Janem Tomaszem Grossem p.t. &#8220;&#8230;bardzo dawno temu, mniej wi\u0119cej w zesz\u0142y pi\u0105tek&#8221; (Wyd. W.A.B.)<\/em><\/span><\/p>\n<p style=\"text-align: right;\"><span style=\"color: #808080;\"><em>WP Ksi\u0105\u017cki<\/em><\/span><br \/>\n<span style=\"color: #808080;\"><em>Polub WP Ksi\u0105\u017cki<\/em><\/span><\/p>\n<hr style=\"background: #d0e6fa; width: 710px; height: 15px;\" \/>\n<div id=\"content\" class=\" content-alignment&lt;br \/&gt;&lt;br \/&gt; \">\n<div id=\"watch-description\" class=\"yt-uix-button-panel\">\n<div id=\"watch-description-text\" style=\"text-align: center;\">\n<p><em>Zawarto\u015b\u0107 publikowanych artyku\u0142\u00f3w i materia\u0142\u00f3w nie reprezentuje pogl\u0105d\u00f3w ani opinii Reunion&#8217;68,<\/em><em><br \/>\nani te\u017c webmastera Blogu Reunion&#8217;68, chyba ze jest to wyra\u017anie zaznaczone.<br \/>\nTwoje uwagi, linki, w\u0142asne artyku\u0142y lub wiadomo\u015bci prze\u015blij na adres:<br \/>\n<\/em><span style=\"color: #000080;\"><strong><em><a style=\"color: #000080;\" href=\"mailto:webmaster@reunion68.com\"><span style=\"text-decoration: underline;\">webmaster@reunion68.com<\/span><\/a><\/em><\/strong><\/span><\/p>\n<\/div>\n<\/div>\n<\/div>\n<p>&nbsp;<\/p>\n<hr style=\"width: 710px;\" \/>\n","protected":false},"excerpt":{"rendered":"<p>Jan Tomasz Gross: W polskim spo\u0142ecze\u0144stwie norm\u0105 jest niewiedza na temat Zag\u0142ady Aleksandra Pawlicka Jan Tomasz Gross Polak, \u017byd, badacz zbrodni Polak\u00f3w na \u017bydach w trakcie Holokaustu. Prowokator stawiaj\u0105cy ostre tezy, krytykowany nawet przez przyjaci\u00f3\u0142. Aleksandra Pawlicka zrobi\u0142a wywiad-rzek\u0119 z Janem Tomaszem Grossem. Cz\u0142owiekiem, bez kt\u00f3rego Polacy nadal by my\u015bleli, \u017ce byli w II wojnie [&hellip;]<\/p>\n","protected":false},"author":1,"featured_media":0,"comment_status":"closed","ping_status":"closed","sticky":false,"template":"","format":"standard","meta":[],"categories":[6],"tags":[26,24],"_links":{"self":[{"href":"https:\/\/www.reunion68.se\/index.php?rest_route=\/wp\/v2\/posts\/64130"}],"collection":[{"href":"https:\/\/www.reunion68.se\/index.php?rest_route=\/wp\/v2\/posts"}],"about":[{"href":"https:\/\/www.reunion68.se\/index.php?rest_route=\/wp\/v2\/types\/post"}],"author":[{"embeddable":true,"href":"https:\/\/www.reunion68.se\/index.php?rest_route=\/wp\/v2\/users\/1"}],"replies":[{"embeddable":true,"href":"https:\/\/www.reunion68.se\/index.php?rest_route=%2Fwp%2Fv2%2Fcomments&post=64130"}],"version-history":[{"count":14,"href":"https:\/\/www.reunion68.se\/index.php?rest_route=\/wp\/v2\/posts\/64130\/revisions"}],"predecessor-version":[{"id":64148,"href":"https:\/\/www.reunion68.se\/index.php?rest_route=\/wp\/v2\/posts\/64130\/revisions\/64148"}],"wp:attachment":[{"href":"https:\/\/www.reunion68.se\/index.php?rest_route=%2Fwp%2Fv2%2Fmedia&parent=64130"}],"wp:term":[{"taxonomy":"category","embeddable":true,"href":"https:\/\/www.reunion68.se\/index.php?rest_route=%2Fwp%2Fv2%2Fcategories&post=64130"},{"taxonomy":"post_tag","embeddable":true,"href":"https:\/\/www.reunion68.se\/index.php?rest_route=%2Fwp%2Fv2%2Ftags&post=64130"}],"curies":[{"name":"wp","href":"https:\/\/api.w.org\/{rel}","templated":true}]}}