{"id":6429,"date":"2014-10-01T08:47:22","date_gmt":"2014-10-01T06:47:22","guid":{"rendered":"http:\/\/www.reunion68.se\/?p=6429"},"modified":"2014-10-01T08:47:22","modified_gmt":"2014-10-01T06:47:22","slug":"pelne-wystapienie-premiera-netanjahu-w-onz","status":"publish","type":"post","link":"https:\/\/www.reunion68.se\/?p=6429","title":{"rendered":"Pe\u0142ne wyst\u0105pienie premiera Netanjahu w ONZ"},"content":{"rendered":"<h4 style=\"text-align: center;\"><a href=\"http:\/\/izrael.org.il\/\" target=\"_blank\"><img decoding=\"async\" class=\"alignleft\" src=\"http:\/\/www.reunion68.com\/Biuletyn\/img\/erec.png\" alt=\"\" width=\"200\" \/><\/a><span style=\"text-decoration: underline; color: #000080;\"><strong><a style=\"color: #000080; text-decoration: underline;\" href=\"http:\/\/izrael.org.il\/opinie\/4375-bibi-onz-przemowienie-2014.html\" target=\"_blank\">Pe\u0142ne wyst\u0105pienie premiera Netanjahu w ONZ<\/a><\/strong><\/span><\/h4>\n<p style=\"text-align: center;\"><span style=\"color: #999999;\"><strong>T\u0142umaczenie: Redakcja Erec Israel<\/strong><\/span><\/p>\n<div id=\"content\" class=\"  content-alignment&lt;br \/&gt;&lt;br \/&gt; \">\n<div id=\"watch-description\" class=\"yt-uix-button-panel\">\n<div id=\"watch-description-text\"><center><br \/>\n<iframe loading=\"lazy\" src=\"\/\/www.youtube.com\/embed\/Cl1YsJ5V-6w?feature=player_embedded\" width=\"640\" height=\"360\" frameborder=\"0\" allowfullscreen=\"allowfullscreen\"><\/iframe><\/center><\/div>\n<\/div>\n<\/div>\n<p>&nbsp;<\/p>\n<p style=\"text-align: left;\"><span style=\"color: #000080;\">Dzi\u0119kuj\u0119 Panie Przewodnicz\u0105cy, dostojni go\u015bcie, przyjecha\u0142em tutaj z Jerozolimy, \u017ceby przemawia\u0107 w imieniu mojego narodu, narodu Izraela. Przyjecha\u0142em tutaj, by m\u00f3wi\u0107 o zagro\u017ceniach, z kt\u00f3rymi si\u0119 mierzymy oraz o szansach, kt\u00f3re widzimy. Przyjecha\u0142em tutaj, \u017ceby zdemaskowa\u0107 bezczelne k\u0142amstwa wypowiadane w\u0142a\u015bnie z tego podium, a skierowane przeciwko mojemu krajowi oraz dzielnym \u017co\u0142nierzom, kt\u00f3rzy go broni\u0105.<\/span><\/p>\n<p style=\"text-align: left;\"><span style=\"color: #000080;\">Panie i panowie, nar\u00f3d Izraela modli si\u0119 o pok\u00f3j.<\/span><\/p>\n<p style=\"text-align: left;\"><span style=\"color: #000080;\">Jednak nasze nadzieje na pok\u00f3j oraz nadzieje na pok\u00f3j innych ludzi na \u015bwiecie s\u0105 w niebezpiecze\u0144stwie. Bo gdziekolwiek by\u015bmy nie spojrzeli, tam wojuj\u0105cy islam jest w natarciu.<\/span><\/p>\n<p style=\"text-align: left;\"><span style=\"color: #000080;\">To nie s\u0105 wojownicy. To nie jest islam. To wojuj\u0105cy islam. Nie powinno dziwi\u0107, \u017ce jego pierwszymi ofiarami staj\u0105 si\u0119 inni muzu\u0142manie, ale wojuj\u0105cy islam nie oszcz\u0119dza nikogo. Chrze\u015bcijanie, \u017bydzi, wyznawcy jazydyzmu, Kurdowie &#8211; nie ma takiego wyznania, wiary czy grupy etnicznej, kt\u00f3ra by\u0142aby poza zainteresowaniem islamist\u00f3w. I oni si\u0119 szybko rozprzestrzeniaj\u0105 w ka\u017cdym zak\u0105tku \u015bwiata. Znacie s\u0142ynne ameryka\u0144skie powiedzenie &#8220;ca\u0142a polityka jest lokalna&#8221;? Dla wojuj\u0105cych islamist\u00f3w &#8220;ca\u0142a polityka jest globalna&#8221;. Poniewa\u017c ich ostatecznym celem jest zdominowanie \u015bwiata.<\/span><\/p>\n<p style=\"text-align: left;\"><span style=\"color: #000080;\">Obecnie to zagro\u017cenie mo\u017ce si\u0119 wyda\u0107 niekt\u00f3rym przesadzone, ale ono si\u0119 rozwija jak rak, kt\u00f3ry atakuje poszczeg\u00f3lne cz\u0119\u015bci cia\u0142a. Je\u015bli ten rak pozostanie niewykryty, to pojawi\u0105 si\u0119 przerzuty w coraz to innych miejscach. \u017beby zapewni\u0107 pok\u00f3j i bezpiecze\u0144stwo na \u015bwiecie, to musimy usun\u0105\u0107 ten nowotwor zanim nie b\u0119dzie za p\u00f3\u017ano. W zesz\u0142ym tygodniu wiele kraj\u00f3w obecnych tutaj s\u0142usznie oklaskiwa\u0142o prezydenta Obam\u0119 za jego wysi\u0142ki na rzecz zwalczenia Pa\u0144stwa Islamskiego. Ale tygodnie wcze\u015bniej niekt\u00f3re z tych kraj\u00f3w, kt\u00f3re teraz popieraj\u0105 konfrontacj\u0119 z Pa\u0144stwem Islamskim, przeciwstawia\u0142y si\u0119 izraelskiej rozprawie z Hamasem. Te kraje ewidentnie nie zrozumia\u0142y, \u017ce Pa\u0144stwo Islamskie i Hamas s\u0105 ga\u0142\u0119ziami tego samego truj\u0105cego drzewa.<\/span><\/p>\n<p style=\"text-align: left;\"><span style=\"color: #000080;\">Pa\u0144stwo Islamskie i Hamas \u0142\u0105czy fanatyczna wiara, kt\u00f3r\u0105 obie organizacje chc\u0105 narzuci\u0107 poza terenem, kt\u00f3re kontroluj\u0105.<\/span><\/p>\n<p style=\"text-align: left;\"><span style=\"color: #000080;\">Pos\u0142uchajcie samozwa\u0144czego kalifa Pa\u0144stwa Islamskiego. Abu Bakr Al-Baghdadi powiedzia\u0142 2 miesi\u0105ce temu: wkr\u00f3tce nadejdzie dzie\u0144, kiedy muzu\u0142manin b\u0119dzie wsz\u0119dzie chodzi\u0142 jako w\u0142adca&#8230; Muzu\u0142manie sprawi\u0105, \u017ce \u015bwiat us\u0142yszy i zrozumie znaczenie terroryzmu i obal\u0105 bo\u017cka demokracji.<\/span><\/p>\n<p style=\"text-align: left;\"><span style=\"color: #000080;\">A teraz pos\u0142uchajcie Chaleda Maszala, przyw\u00f3dcy Hamasu. On przedstawi\u0142 podobn\u0105 wizj\u0119 przysz\u0142o\u015bci: m\u00f3wimy to do \u015bwiata zachodniego. Z moc\u0105 Allaha zostaniecie pokonani. Jutro nasz nar\u00f3d zasi\u0105dzie na tronie \u015bwiata.<\/span><\/p>\n<p style=\"text-align: left;\"><span style=\"color: #000080;\">Statut Hamasu stawia spraw\u0119 jasno &#8211; bezpo\u015brednim celem Hamasu jest zniszczenie Izraela, ale Hamas ma szersze cele. Oni r\u00f3wnie\u017c chc\u0105 kalifatu. Hamas r\u00f3wnie\u017c ma globalne ambicje tak jak inni wojuj\u0105cy islami\u015bci. To dlatego zwolennicy Hamasu w dziki spos\u00f3b \u015bwi\u0119towali na ulicach Gazy, kiedy Amerykanie zostali zamordowani w atakach z 11 wrze\u015bnia. I to dlatego przyw\u00f3dcy Hamasu pot\u0119pili USA za zabicie Osamy Bin Ladena, kt\u00f3rego oni uwa\u017cali za \u015bwi\u0119tego wojownika.<\/span><\/p>\n<p style=\"text-align: left;\"><span style=\"color: #000080;\">Zatem kiedy chodzi o ostateczne cele, to Hamas jest Pa\u0144stwem Islamskim, a Pa\u0144stwo Islamskie jest Hamasem.<\/span><\/p>\n<p style=\"text-align: left;\"><span style=\"color: #000080;\">A to, co ich \u0142\u0105czy, \u0142\u0105czy r\u00f3wnie\u017c wszystkich wojuj\u0105cych islamist\u00f3w: Boko Haram w Nigerii; Ash-Shabab w Somalii; Hezbollah w Libanie; An-Nusrah w Syrii; Armi\u0119 Mahdiego w Iraku; oraz oddzia\u0142y Al Kaidy w Jemenie, Libii, Filipinach, Indiach i w innych miejscach.<\/span><\/p>\n<p style=\"text-align: left;\"><span style=\"color: #000080;\">Niekt\u00f3rzy s\u0105 radykalnymi sunnitami, a niekt\u00f3rzy s\u0105 radykalnymi szyitami. Niekt\u00f3rzy chc\u0105 przywr\u00f3ci\u0107 przed\u015bredniowieczny kalifat z VII wieku. Inni chc\u0105 wywo\u0142a\u0107 apokaliptyczny powr\u00f3t imama z IX wieku. Dzia\u0142aj\u0105 na r\u00f3\u017cnych terytoriach, atakuj\u0105 rozmaite ofiary, a nawet zabijaj\u0105 samych siebie w walce o zwierzchnictwo. Ale \u0142\u0105czy ich wszystkich fanatyczna ideologia. Oni wszyscy chc\u0105 powi\u0119ksza\u0107 wyspy wojuj\u0105cego islamu, gdzie nie ma wolno\u015bci i tolerancji, gdzie kobiety s\u0105 traktowane jak ruchomy maj\u0105tek, chrze\u015bcijanie s\u0105 dziesi\u0105tkowani, a mniejszo\u015bci podporz\u0105dkowywane. Czasami otrzymuj\u0105 ostre ultimatum: nawr\u00f3\u0107 si\u0119 albo umieraj. Dla nich ka\u017cdy mo\u017ce by\u0107 niewiernym, nawet inny muzu\u0142manin.<\/span><\/p>\n<p style=\"text-align: left;\"><span style=\"color: #000080;\">Panie i panowie, ambicje wojuj\u0105cego islamu, \u017ceby zdominowa\u0107 \u015bwiat, wydaj\u0105 si\u0119 szalone. Ale podobnie by\u0142o z globalnymi ambicjami innej fanatycznej ideologii, kt\u00f3ra dosz\u0142a do w\u0142adzy 80 lat temu.<\/span><\/p>\n<p style=\"text-align: right;\"><span style=\"color: #000080;\">Czytaj dalej tu: <span style=\"text-decoration: underline;\"><strong><a style=\"color: #000080; text-decoration: underline;\" href=\"http:\/\/izrael.org.il\/opinie\/4375-bibi-onz-przemowienie-2014.html\" target=\"_blank\">Pe\u0142ne wyst\u0105pienie premiera Netanjahu w ONZ<\/a><\/strong><\/span><\/span><\/p>\n<p>&nbsp;<\/p>\n<div id=\"content\" class=\"  content-alignment&lt;br \/&gt;&lt;br \/&gt; \">\n<div id=\"watch-description\" class=\"yt-uix-button-panel\">\n<div id=\"watch-description-text\">\n<p style=\"text-align: center;\"><span style=\"color: #808080;\"> twoje uwagi, linki, wlasne artykuly, lub wiadomosci przeslij do: <strong><span style=\"text-decoration: underline;\"><span style=\"color: #808080; text-decoration: underline;\"><a href=\"mailto:webmaster@reunion68.com\">webmaster@reunion68.com<\/a><\/span><\/span><\/strong><\/span><\/p>\n<\/div>\n<\/div>\n<\/div>\n<p>&nbsp;<\/p>\n<hr style=\"width: 700px;\" \/>\n","protected":false},"excerpt":{"rendered":"<p>Pe\u0142ne wyst\u0105pienie premiera Netanjahu w ONZ T\u0142umaczenie: Redakcja Erec Israel &nbsp; Dzi\u0119kuj\u0119 Panie Przewodnicz\u0105cy, dostojni go\u015bcie, przyjecha\u0142em tutaj z Jerozolimy, \u017ceby przemawia\u0107 w imieniu mojego narodu, narodu Izraela. Przyjecha\u0142em tutaj, by m\u00f3wi\u0107 o zagro\u017ceniach, z kt\u00f3rymi si\u0119 mierzymy oraz o szansach, kt\u00f3re widzimy. Przyjecha\u0142em tutaj, \u017ceby zdemaskowa\u0107 bezczelne k\u0142amstwa wypowiadane w\u0142a\u015bnie z tego podium, a [&hellip;]<\/p>\n","protected":false},"author":1,"featured_media":0,"comment_status":"closed","ping_status":"closed","sticky":false,"template":"","format":"standard","meta":[],"categories":[3],"tags":[24],"_links":{"self":[{"href":"https:\/\/www.reunion68.se\/index.php?rest_route=\/wp\/v2\/posts\/6429"}],"collection":[{"href":"https:\/\/www.reunion68.se\/index.php?rest_route=\/wp\/v2\/posts"}],"about":[{"href":"https:\/\/www.reunion68.se\/index.php?rest_route=\/wp\/v2\/types\/post"}],"author":[{"embeddable":true,"href":"https:\/\/www.reunion68.se\/index.php?rest_route=\/wp\/v2\/users\/1"}],"replies":[{"embeddable":true,"href":"https:\/\/www.reunion68.se\/index.php?rest_route=%2Fwp%2Fv2%2Fcomments&post=6429"}],"version-history":[{"count":15,"href":"https:\/\/www.reunion68.se\/index.php?rest_route=\/wp\/v2\/posts\/6429\/revisions"}],"predecessor-version":[{"id":6444,"href":"https:\/\/www.reunion68.se\/index.php?rest_route=\/wp\/v2\/posts\/6429\/revisions\/6444"}],"wp:attachment":[{"href":"https:\/\/www.reunion68.se\/index.php?rest_route=%2Fwp%2Fv2%2Fmedia&parent=6429"}],"wp:term":[{"taxonomy":"category","embeddable":true,"href":"https:\/\/www.reunion68.se\/index.php?rest_route=%2Fwp%2Fv2%2Fcategories&post=6429"},{"taxonomy":"post_tag","embeddable":true,"href":"https:\/\/www.reunion68.se\/index.php?rest_route=%2Fwp%2Fv2%2Ftags&post=6429"}],"curies":[{"name":"wp","href":"https:\/\/api.w.org\/{rel}","templated":true}]}}