{"id":6474,"date":"2014-10-01T17:45:55","date_gmt":"2014-10-01T15:45:55","guid":{"rendered":"http:\/\/www.reunion68.se\/?p=6474"},"modified":"2014-10-01T17:45:55","modified_gmt":"2014-10-01T15:45:55","slug":"centrum-badan-nad-zaglada-zydow-ifis-pan-zaprasza-na-otwarte-seminarium-naukowe","status":"publish","type":"post","link":"https:\/\/www.reunion68.se\/?p=6474","title":{"rendered":"Centrum Bada\u0144 nad Zag\u0142ad\u0105 \u017byd\u00f3w IFiS PAN   zaprasza na otwarte seminarium naukowe"},"content":{"rendered":"<h4 style=\"text-align: center;\"><a href=\"http:\/\/www.holocaustresearch.pl\/\" target=\"_blank\"><img decoding=\"async\" class=\"center aligncenter\" src=\"http:\/\/www.reunion68.com\/Biuletyn\/img\/centrum.jpg\" alt=\"\" width=\"700\" \/><\/a><span style=\"text-decoration: underline;\"><span style=\"color: #000080; text-decoration: underline;\"><strong><a style=\"color: #000080; text-decoration: underline;\" href=\"http:\/\/www.holocaustresearch.pl\/index.php?show=16\" target=\"_blank\">Centrum Bada\u0144 nad Zag\u0142ad\u0105 \u017byd\u00f3w IFiS PAN zaprasza na otwarte seminarium naukowe<\/a><\/strong><\/span><\/span><\/h4>\n<p style=\"text-align: center;\"><strong><span style=\"color: #000080;\">9 pa\u017adziernika 2014<\/span><\/strong><br \/>\n<span style=\"color: #000080;\">W Jedwabnem: 1984 &#8211; 2001- 2013.<\/span><\/p>\n<p style=\"text-align: center;\"><span style=\"color: #000080;\"><strong>Marta Kurkowska-Budzan<\/strong>\u00a0prowadzenie <strong>Barbara Engelking<\/strong><\/span><\/p>\n<p style=\"text-align: center;\"><span style=\"color: #000080;\">seminarium odb\u0119dzie si\u0119 <strong>9 pa\u017adziernika 2014 r. w sali 154 (Nowy \u015awiat 72) o godz. 10.00<\/strong><\/span><\/p>\n<p style=\"text-align: left;\"><span style=\"color: #000080;\">W moim referacie i dyskusji z Pa\u0144stwem chc\u0119 podzieli\u0107 si\u0119 do\u015bwiadczeniami badawczymi z Jedwabnego, kt\u00f3re nierozerwalnie \u0142\u0105cz\u0105 si\u0119 z moimi do\u015bwiadczeniami biograficznymi. W tym miasteczku urodzi\u0142am si\u0119 i mieszka\u0142am do roku 1984. Wr\u00f3ci\u0142am do\u0144 na d\u0142u\u017cej jesieni\u0105 2001 r. z intencj\u0105 bada\u0144 terenowych skupionych na temacie pami\u0119ci o tym, co sta\u0142o si\u0119 w lipcu 1941 r. Ostatni powr\u00f3t do Jedwabnego mia\u0142 miejsce w 2013 r.<\/span><\/p>\n<p style=\"text-align: left;\"><span style=\"color: #000080;\">W swoim wyst\u0105pieniu przedstawiam \u015bwiat spo\u0142eczny Jedwabnego tworzony w relacji do wydarze\u0144 z przesz\u0142o\u015bci &#8211; jego aktor\u00f3w, warto\u015bci, j\u0119zyk i dzia\u0142ania w przekroju czasowym (do 1989 r, w 2001 \u2013 2002, 2013). Czyni\u0119 to z perspektywy \u2018badacza-tubylca\u2019 staj\u0105c wobec Jedwabnego i w Jedwabnem &#8211; wobec symbolu a zarazem w realnym miejscu, kt\u00f3rego namacaln\u0105 przestrze\u0144 znam na pami\u0119\u0107.<\/span><\/p>\n<p style=\"text-align: left;\"><span style=\"color: #000080;\">Czy ta sytuacja jest poznawczo bardziej owocna ni\u017c sytuacja ka\u017cdego innego badacza prowadz\u0105cego prac\u0119 w terenie? Co si\u0119 zmieni\u0142o w Jedwabnem mi\u0119dzy 2001 a 2013 rokiem?<\/span><\/p>\n<p style=\"text-align: left;\"><span style=\"color: #000080;\">Marta Kurkowska-Budzan &#8211; Adiunkt w Instytucie Historii Uniwersytetu Jagiello\u0144skiego. W roku 2001 uzyska\u0142a tytu\u0142 doktora nauk humanistycznych. W tym samym roku przebywa\u0142a na sta\u017cu w Remarque Institute for European Studies na Uniwersytecie Nowojorskim pod opiek\u0105 naukow\u0105 Tony\u2019ego Judta. Kolejny sta\u017c odby\u0142a w roku 2002 w Center for Advanced Holocaust Studies \/ United States Holocaust Memorial Museum, w Waszyngtonie. W 2011 roku uzyska\u0142a tytu\u0142 doktora habilitowanego. Jej zainteresowania badawcze dotycz\u0105 socjologii wiedzy, teorii historii, antropologii historycznej, zagadnie\u0144 j\u0119zykowego obrazu \u015bwiata. Obecnie pracuje nad projektem \u201eSport na polskiej prowincji (1944 \u2013 1989): znaczenia i to\u017csamo\u015b\u0107i. Studium z antropologii historycznej\u201d. Cz\u0142onek redakcji \u201eOral history Review\u201d w latach 2008- 2012, sekretarz redakcji pism: \u201eRocznik Antropologii Historii\u201d i \u201eHistoryka. Studia Metodologiczne\u201d.<\/span><\/p>\n<hr style=\"height: 15px; background: #d0e6fa; width: 700px;\" \/>\n<div id=\"content\" class=\"  content-alignment&lt;br \/&gt;&lt;br \/&gt; \">\n<div id=\"watch-description\" class=\"yt-uix-button-panel\">\n<div id=\"watch-description-text\">\n<p style=\"text-align: center;\"><span style=\"color: #808080;\"> twoje uwagi, linki, wlasne artykuly, lub wiadomosci przeslij do: <strong><span style=\"text-decoration: underline;\"><span style=\"color: #808080; text-decoration: underline;\"><a href=\"mailto:webmaster@reunion68.com\">webmaster@reunion68.com<\/a><\/span><\/span><\/strong><\/span><\/p>\n<\/div>\n<\/div>\n<\/div>\n<p>&nbsp;<\/p>\n<hr style=\"width: 700px;\" \/>\n","protected":false},"excerpt":{"rendered":"<p>Centrum Bada\u0144 nad Zag\u0142ad\u0105 \u017byd\u00f3w IFiS PAN zaprasza na otwarte seminarium naukowe 9 pa\u017adziernika 2014 W Jedwabnem: 1984 &#8211; 2001- 2013. Marta Kurkowska-Budzan\u00a0prowadzenie Barbara Engelking seminarium odb\u0119dzie si\u0119 9 pa\u017adziernika 2014 r. w sali 154 (Nowy \u015awiat 72) o godz. 10.00 W moim referacie i dyskusji z Pa\u0144stwem chc\u0119 podzieli\u0107 si\u0119 do\u015bwiadczeniami badawczymi z Jedwabnego, [&hellip;]<\/p>\n","protected":false},"author":1,"featured_media":0,"comment_status":"closed","ping_status":"closed","sticky":false,"template":"","format":"standard","meta":[],"categories":[4],"tags":[24],"_links":{"self":[{"href":"https:\/\/www.reunion68.se\/index.php?rest_route=\/wp\/v2\/posts\/6474"}],"collection":[{"href":"https:\/\/www.reunion68.se\/index.php?rest_route=\/wp\/v2\/posts"}],"about":[{"href":"https:\/\/www.reunion68.se\/index.php?rest_route=\/wp\/v2\/types\/post"}],"author":[{"embeddable":true,"href":"https:\/\/www.reunion68.se\/index.php?rest_route=\/wp\/v2\/users\/1"}],"replies":[{"embeddable":true,"href":"https:\/\/www.reunion68.se\/index.php?rest_route=%2Fwp%2Fv2%2Fcomments&post=6474"}],"version-history":[{"count":10,"href":"https:\/\/www.reunion68.se\/index.php?rest_route=\/wp\/v2\/posts\/6474\/revisions"}],"predecessor-version":[{"id":6484,"href":"https:\/\/www.reunion68.se\/index.php?rest_route=\/wp\/v2\/posts\/6474\/revisions\/6484"}],"wp:attachment":[{"href":"https:\/\/www.reunion68.se\/index.php?rest_route=%2Fwp%2Fv2%2Fmedia&parent=6474"}],"wp:term":[{"taxonomy":"category","embeddable":true,"href":"https:\/\/www.reunion68.se\/index.php?rest_route=%2Fwp%2Fv2%2Fcategories&post=6474"},{"taxonomy":"post_tag","embeddable":true,"href":"https:\/\/www.reunion68.se\/index.php?rest_route=%2Fwp%2Fv2%2Ftags&post=6474"}],"curies":[{"name":"wp","href":"https:\/\/api.w.org\/{rel}","templated":true}]}}