{"id":6535,"date":"2014-10-03T06:48:22","date_gmt":"2014-10-03T04:48:22","guid":{"rendered":"http:\/\/www.reunion68.se\/?p=6535"},"modified":"2014-10-03T06:48:22","modified_gmt":"2014-10-03T04:48:22","slug":"polska-zydowska-ziemia-obiecana-czy-znow-powinnismy-zamieszkac-razem-czytaj-wiecej-httpwww-polskatimes-plartykul3589629polska-zydowska-ziemia-obiecana-czy-znow-powinnismy-zamieszkac-razem","status":"publish","type":"post","link":"https:\/\/www.reunion68.se\/?p=6535","title":{"rendered":"Polska &#8211; \u017cydowska ziemia obiecana. Czy zn\u00f3w powinni\u015bmy zamieszka\u0107 razem?  Czytaj wi\u0119cej: http:\/\/www.polskatimes.pl\/artykul\/3589629,polska-zydowska-ziemia-obiecana-czy-znow-powinnismy-zamieszkac-razem,id,t.html"},"content":{"rendered":"<h4 style=\"text-align: center;\"><img decoding=\"async\" class=\"alignleft\" src=\"http:\/\/s.polskatimes.pl\/g\/logo_naglowek\/polska.png?10540330\" alt=\"\" width=\"250\" \/><span style=\"text-decoration: underline; color: #000080;\"><strong><a style=\"color: #000080; text-decoration: underline;\" href=\"http:\/\/www.polskatimes.pl\/artykul\/3589629,polska-zydowska-ziemia-obiecana-czy-znow-powinnismy-zamieszkac-razem,id,t.html\" target=\"_blank\">Polska &#8211; \u017cydowska ziemia obiecana. Czy zn\u00f3w powinni\u015bmy zamieszka\u0107 razem?<\/a><\/strong><\/span><\/h4>\n<div style=\"width: 360px\" class=\"wp-caption alignright\"><a href=\"http:\/\/d.polskatimes.pl\/k\/r\/1\/5e\/23\/5427d77d5a2b1_p.jpg?1411898345\"><img decoding=\"async\" src=\"http:\/\/d.polskatimes.pl\/k\/r\/1\/5e\/23\/5427d77d5a2b1_p.jpg?1411898345\" alt=\"\" width=\"350\" \/><\/a><p class=\"wp-caption-text\">(\u00a9 AP Photo\/Virginia Mayo)<\/p><\/div>\n<p>&nbsp;<\/p>\n<p><span style=\"color: #808080;\"><strong>W obliczu rosn\u0105cego antysemityzmu w Europie jako najbezpieczniejsze dla \u017byd\u00f3w miejsce na kontynencie jawi si\u0119 dzi\u015b Polska. Mo\u017ce zn\u00f3w powinni\u015bmy zamieszka\u0107 razem?<\/strong><\/span><\/p>\n<p style=\"text-align: left;\"><span style=\"color: #000080;\">Prze\u017cy\u0142em Holokaust, ukrywaj\u0105c si\u0119 w pewnej piwnicy w Tarnopolu, mie\u015bcie na dzisiejszej zachodniej Ukrainie, kt\u00f3re w\u00f3wczas, opr\u00f3cz Polak\u00f3w i Ukrai\u0144c\u00f3w, zamieszkiwa\u0142a znakomicie prosperuj\u0105ca spo\u0142eczno\u015b\u0107 \u017cydowska. Po wojnie, zanim przyby\u0142em do Stan\u00f3w Zjednoczonych, dorasta\u0142em we Francji rz\u0105dzonej przez Pierre&#8217;a Mendesa France&#8217;a, drugiego ju\u017c w historii tego kraju premiera \u017byda. Ludzie pochodzenia \u017cydowskiego wnie\u015bli istotny wk\u0142ad w dorobek duchowy tego kraju, poczynaj\u0105c od Montaigne&#8217;a, ojca kultury francuskiej, poprzez kompozytor\u00f3w tak r\u00f3\u017cnych jak Giacomo Meyerbeer i Jacques Offenbach, malarza Camille&#8217;a Pissarro, tw\u00f3rc\u0119 socjologii Emile&#8217;a Durkheima, pisarza Marcela Prousta, filozofa Henriego Bergsona, aktork\u0119 Sarah Bernhardt, po wszechstronnie utalentowanego Serge&#8217;a Gainsbourga &#8211; \u017ce wymieni\u0119 tylko niekt\u00f3rych.<\/span><\/p>\n<p style=\"text-align: left;\"><span style=\"color: #000080;\">Dzi\u015b mam wra\u017cenie, \u017ce Francja zapomnia\u0142a o swych kulturalnych \u017cydowskich korzeniach. Kiedy ogl\u0105dam w telewizji co si\u0119 dzieje na ulicach Pary\u017ca i Marsylii, odczuwam smutek i konsternacj\u0119. W po\u0142owie lipca tysi\u0105ce muzu\u0142man\u00f3w, kt\u00f3rym towarzyszy\u0142a pewna liczba nastawionych antysemicko francuskich chrze\u015bcijan, maszerowa\u0142y przez centrum Pary\u017ca, wznosz\u0105c okrzyki: &#8220;\u015amier\u0107 \u017bydom!&#8221;. Demonstranci podpalali samochody, demolowali \u017cydowskie sklepy i &#8211; jak podawa\u0142a prasa &#8211; cz\u0119\u015b\u0107 z nich, uzbrojona w no\u017ce, obrzuci\u0142a kamieniami i butelkami synagog\u0119 Izaaka Abravanela niedaleko Bastylii. Czyta\u0142em sonda\u017ce, z kt\u00f3rych wynika, \u017ce a\u017c czterdzie\u015bci procent francuskich \u017byd\u00f3w ukrywa \u017cydowskie symbole. Trudno si\u0119 temu dziwi\u0107, skoro ka\u017cdego dnia dochodzi we Francji do tylu antysemickich eksces\u00f3w.<\/span><\/p>\n<p style=\"text-align: left;\"><span style=\"color: #000080;\">Nie lepiej sprawa wygl\u0105da w innych cz\u0119\u015bciach zachodniej Europy. W Wuppertalu w Niemczech pod\u0142o\u017cono bomb\u0119 w nowo zbudowanej synagodze, na sklepach w \u017cydowskiej dzielnicy Rzymu kto\u015b wymalowa\u0142 swastyki, w Austrii dosz\u0142o do ataku na izraelskich pi\u0142karzy. To kilka przyk\u0142ad\u00f3w reali\u00f3w, z kt\u00f3rymi maj\u0105 do czynienia europejscy \u017bydzi. I nie jest to tylko chwilowa erupcja antysemityzmu w \u015brodowisku muzu\u0142ma\u0144skich imigrant\u00f3w wywo\u0142ana przez dzia\u0142ania Izraela w Strefie Gazy. Nienawi\u015b\u0107 do \u017byd\u00f3w narasta w zachodniej Europie od wielu lat.<\/span><\/p>\n<p style=\"text-align: left;\"><span style=\"color: #000080;\">Coraz cz\u0119\u015bciej daj\u0105 jej wyraz przedstawiciele elit oraz wykszta\u0142conych klas \u015brednich. Najpopularniejszy w\u0142oski filozof Gianni Vattimo powiedzia\u0142 w wywiadzie dla tamtejszej stacji Radio 24, \u017ce Europejczycy powinni &#8220;kupi\u0107 Hamasowi troch\u0119 rakiet&#8221;, \u017ceby &#8220;mia\u0142 z czego strzela\u0107 do tych drani syjonist\u00f3w&#8221;, poniewa\u017c arsena\u0142, kt\u00f3rym w tej chwili Hamas dysponuje, to tylko &#8220;rakiety-zabawki, z kt\u00f3rych tak naprawd\u0119 nikogo nie da si\u0119 zabi\u0107&#8221;. Jeden z najpopularniejszych hiszpa\u0144skich dramaturg\u00f3w Antonio Gala opublikowa\u0142 artyku\u0142, w kt\u00f3rym usprawiedliwia\u0142 wyp\u0119dzenie \u017byd\u00f3w przed wiekami z sugesti\u0105, \u017ce Europa powinna zn\u00f3w sta\u0107 si\u0119 Judenrein, aby ukara\u0107 Izrael za rzekome rzezie na niewinnych Palesty\u0144czykach.<\/span><\/p>\n<p style=\"text-align: left;\"><span style=\"color: #000080;\"> \u015awiatowe media dostrzeg\u0142y problem, publikacje po\u015bwi\u0119cone aktualnej sytuacji europejskiego \u017cydostwa i jego perspektywom na przysz\u0142o\u015b\u0107 utrzymane s\u0105 w wyj\u0105tkowo ponurej tonacji. Pisano, \u017ce ro\u015bnie gro\u017aba nowej Kristallnacht (&#8220;Newsweek&#8221;) lub \u017ce atmosfera w Pary\u017cu zaczyna przypomina\u0107 t\u0119 w Jerycha i Ramallah (&#8220;The Economist&#8221;). Skoro historia si\u0119 powtarza, w sytuacji fizycznego zagro\u017cenia, ponowny exodus \u017byd\u00f3w z Europy Zachodniej nie jest czym\u015b nie do pomy\u015blenia. Chc\u0119 postawi\u0107 hipotetyczne pytanie: je\u015bli wszyscy \u017bydzi zn\u00f3w b\u0119d\u0105 musieli opu\u015bci\u0107 zachodni\u0105 Europ\u0119, w kt\u00f3r\u0105 stron\u0119 powinni si\u0119 uda\u0107? I gdzie natrafi\u0105 na najbardziej go\u015bcinne przyj\u0119cie? Zak\u0142adam tu czysto teoretycznie, \u017ce nie zdecyduj\u0105 si\u0119 na wyjazd do pozostaj\u0105cego w stanie nieustannej wojny i zagro\u017cenia z zewn\u0105trz, przeludnionego Izraela.<\/span><\/p>\n<p style=\"text-align: right;\"><span style=\"color: #000080;\">Czytaj wi\u0119cej: <span style=\"text-decoration: underline;\"><strong><a style=\"color: #000080; text-decoration: underline;\" href=\"http:\/\/www.polskatimes.pl\/artykul\/3589629,polska-zydowska-ziemia-obiecana-czy-znow-powinnismy-zamieszkac-razem,id,t.html\" target=\"_blank\">Polska &#8211; \u017cydowska ziemia&#8230;<\/a><\/strong><\/span><\/span><\/p>\n<hr style=\"height: 15px; background: #d0e6fa; width: 700px;\" \/>\n<div id=\"content\" class=\"  content-alignment&lt;br \/&gt;&lt;br \/&gt; \">\n<div id=\"watch-description\" class=\"yt-uix-button-panel\">\n<div id=\"watch-description-text\">\n<p style=\"text-align: center;\"><span style=\"color: #808080;\"> twoje uwagi, linki, wlasne artykuly, lub wiadomosci przeslij do: <strong><span style=\"text-decoration: underline;\"><span style=\"color: #808080; text-decoration: underline;\"><a href=\"mailto:webmaster@reunion68.com\">webmaster@reunion68.com<\/a><\/span><\/span><\/strong><\/span><\/p>\n<\/div>\n<\/div>\n<\/div>\n<p>&nbsp;<\/p>\n<hr style=\"width: 700px;\" \/>\n","protected":false},"excerpt":{"rendered":"<p>Polska &#8211; \u017cydowska ziemia obiecana. Czy zn\u00f3w powinni\u015bmy zamieszka\u0107 razem? &nbsp; W obliczu rosn\u0105cego antysemityzmu w Europie jako najbezpieczniejsze dla \u017byd\u00f3w miejsce na kontynencie jawi si\u0119 dzi\u015b Polska. Mo\u017ce zn\u00f3w powinni\u015bmy zamieszka\u0107 razem? Prze\u017cy\u0142em Holokaust, ukrywaj\u0105c si\u0119 w pewnej piwnicy w Tarnopolu, mie\u015bcie na dzisiejszej zachodniej Ukrainie, kt\u00f3re w\u00f3wczas, opr\u00f3cz Polak\u00f3w i Ukrai\u0144c\u00f3w, zamieszkiwa\u0142a znakomicie [&hellip;]<\/p>\n","protected":false},"author":1,"featured_media":0,"comment_status":"closed","ping_status":"closed","sticky":false,"template":"","format":"standard","meta":[],"categories":[4],"tags":[24],"_links":{"self":[{"href":"https:\/\/www.reunion68.se\/index.php?rest_route=\/wp\/v2\/posts\/6535"}],"collection":[{"href":"https:\/\/www.reunion68.se\/index.php?rest_route=\/wp\/v2\/posts"}],"about":[{"href":"https:\/\/www.reunion68.se\/index.php?rest_route=\/wp\/v2\/types\/post"}],"author":[{"embeddable":true,"href":"https:\/\/www.reunion68.se\/index.php?rest_route=\/wp\/v2\/users\/1"}],"replies":[{"embeddable":true,"href":"https:\/\/www.reunion68.se\/index.php?rest_route=%2Fwp%2Fv2%2Fcomments&post=6535"}],"version-history":[{"count":16,"href":"https:\/\/www.reunion68.se\/index.php?rest_route=\/wp\/v2\/posts\/6535\/revisions"}],"predecessor-version":[{"id":6551,"href":"https:\/\/www.reunion68.se\/index.php?rest_route=\/wp\/v2\/posts\/6535\/revisions\/6551"}],"wp:attachment":[{"href":"https:\/\/www.reunion68.se\/index.php?rest_route=%2Fwp%2Fv2%2Fmedia&parent=6535"}],"wp:term":[{"taxonomy":"category","embeddable":true,"href":"https:\/\/www.reunion68.se\/index.php?rest_route=%2Fwp%2Fv2%2Fcategories&post=6535"},{"taxonomy":"post_tag","embeddable":true,"href":"https:\/\/www.reunion68.se\/index.php?rest_route=%2Fwp%2Fv2%2Ftags&post=6535"}],"curies":[{"name":"wp","href":"https:\/\/api.w.org\/{rel}","templated":true}]}}