{"id":6552,"date":"2014-10-03T07:18:41","date_gmt":"2014-10-03T05:18:41","guid":{"rendered":"http:\/\/www.reunion68.se\/?p=6552"},"modified":"2014-10-03T07:18:41","modified_gmt":"2014-10-03T05:18:41","slug":"barbara-torunczyk-o-pokoleniu68","status":"publish","type":"post","link":"https:\/\/www.reunion68.se\/?p=6552","title":{"rendered":"Barbara Toru\u0144czyk o pokoleniu&#8217;68"},"content":{"rendered":"<h4 style=\"text-align: center;\"><a href=\"http:\/\/zeszytyliterackie.pl\/\" target=\"_blank\"><img decoding=\"async\" class=\"center alignleft\" src=\"http:\/\/www.reunion68.com\/Biuletyn\/img\/zeszyty.png\" alt=\"\" width=\"250\" \/><\/a><span style=\"text-decoration: underline;\"><span style=\"color: #000080; text-decoration: underline;\"><strong><a style=\"color: #000080; text-decoration: underline;\" href=\"http:\/\/zeszytyliterackie.pl\/varia\/B_Torunczyk\/Wstep.html\" target=\"_blank\">Barbara Toru\u0144czyk o pokoleniu&#8217;68<\/a><\/strong><\/span><\/span><\/h4>\n<div style=\"width: 360px\" class=\"wp-caption alignright\"><img decoding=\"async\" style=\"max-height: 893px; max-width: 1559px;\" src=\"http:\/\/upload.wikimedia.org\/wikipedia\/commons\/c\/ca\/Roberto_Salvadori_and_Barbara_Torunczyk.JPG\" alt=\"\" width=\"350\" \/><p class=\"wp-caption-text\">Roberto Salvadori i Barbara Toru\u0144czyk (Warszawa, 2004) CC BY-SA 2.5 Mariusz Kubik, http:\/\/www.mariuszkubik.pl &#8211; own work, http:\/\/commons.wikimedia.org\/wiki\/User:Kmarius<\/p><\/div>\n<p style=\"text-align: left;\"><span style=\"color: #808080;\"><strong>Do zainteresowanego Czytelnika<\/strong><\/span><\/p>\n<p style=\"text-align: left;\"><span style=\"color: #000080;\">Ponad rok temu z\u0142o\u017cy\u0142am w \u201eKrytyce Politycznej\u201d opowie\u015b\u0107 o pokoleniu 1968. Napisa\u0142am j\u0105 z my\u015bl\u0105 o m\u0142odych ze \u015brodowiska \u201eKrytyki Politycznej\u201d w 40. rocznic\u0119 tzw. wydarze\u0144 marcowych. Chcia\u0142am opisa\u0107 dla nich nasze do\u015bwiadczenia. Nazywano nas komandosami. Nasze drogi \u017cyciowe zbieg\u0142y si\u0119 ze szlakiem generacji 1968 na Wschodzie i na Zachodzie. Ale pobieg\u0142y dalej innym tropem. Chcia\u0142am podzieli\u0107 si\u0119 swoimi przemy\u015bleniami, podsumowa\u0107 do\u015bwiadczenia, przedstawi\u0107 ludzi, kt\u00f3rzy wywarli na nas wp\u0142yw. W \u201eKrytyce Politycznej\u201d 2008 nr 15 (lato) wydrukowano pierwsz\u0105 cz\u0119\u015b\u0107 mojej opowie\u015bci. Zadedykowa\u0142am j\u0105 S\u0142awomirowi Sierakowskiemu i zatytu\u0142owa\u0142am Opowie\u015b\u0107 o pokoleniu kontestator\u00f3w 1968. Kim byli\u015bmy, kim jeste\u015bmy, sk\u0105d i dok\u0105d zd\u0105\u017camy. Cz\u0119\u015b\u0107 I: Polski Marzec, Praska Wiosna, Paryski Maj, Moskiewski Sierpie\u0144&#8230; By\u0142a to zarazem pr\u00f3ba czego\u015b w rodzaju autobiografii umys\u0142u i duchowo\u015bci tego pokolenia, a w ka\u017cdym razie mojej w\u0142asnej. Ukaza\u0142a si\u0119 pod zmienionym tytu\u0142em Opowie\u015b\u0107 o pokoleniu Marca: Przes\u0142anie dla nowej lewicy &#8211; cz\u0119\u015b\u0107 pierwsza. Cz\u0119\u015bci drugiej, ani nawet nast\u0119pnego numeru pisma nie uda\u0142o si\u0119 redakcji og\u0142osi\u0107. Mija rok od chwili, kiedy z\u0142o\u017cy\u0142am ten szkic do druku. W obawie, \u017ce zdezaktualizuje si\u0119 on, a tak\u017ce w poczuciu, \u017ce nie spotka\u0142 si\u0119 ze zrozumieniem adresata, zawiadomi\u0142am w dniu 28 maja 2009 redaktora S\u0142awomira Sierakowskiego, \u017ce rezygnuj\u0119 z druku na \u0142amach wydawanego przez niego pisma.<\/span><\/p>\n<p style=\"text-align: left;\"><span style=\"color: #000080;\">Po opublikowaniu pierwszej cz\u0119\u015bci szkicu dobieg\u0142y mnie g\u0142osy czytelnik\u00f3w, zapytuj\u0105cych o jego ci\u0105g dalszy. Niniejszym przyst\u0119puj\u0119 do druku drugiej cz\u0119\u015bci tego szkicu na \u0142amach naszej strony internetowej. Rozdzialiki I-XI og\u0142osi\u0142a \u201eKrytyka Polityczna\u201d. Kolejne fragmenty, poczynaj\u0105c od XII, uka\u017c\u0105 si\u0119 w rytmie dwutygodniowym, rozpoczynaj\u0105c zarazem wsp\u00f3\u0142prac\u0119 naszego kwartalnika z \u201eDwutygodnikiem\u201d, pismem internetowym, ukazuj\u0105cym si\u0119 od kwietnia 2009 pod redakcj\u0105 Tomasza Cyza (www.dwutygodnik.com).<\/span><\/p>\n<p style=\"text-align: left;\"><span style=\"color: #000080;\">Przywracam zarazem w\u0142asny tytu\u0142 tej opowie\u015bci.<\/span><\/p>\n<p style=\"text-align: left;\"><span style=\"color: #000080;\">Po\u015bwi\u0119cam j\u0105 pami\u0119ci Jacka Kuronia.<\/span><\/p>\n<p style=\"text-align: right;\"><span style=\"color: #000080;\">Reszte mozna zamowic tu: <strong><a style=\"color: #000080; text-decoration: underline;\" href=\"http:\/\/zeszytyliterackie.pl\/varia\/B_Torunczyk\/Wstep.html\" target=\"_blank\">Barbara Toru\u0144czyk o pokoleniu&#8217;68<\/a><\/strong><\/span><\/p>\n<hr style=\"height: 15px; background: #d0e6fa; width: 700px;\" \/>\n<div id=\"content\" class=\"  content-alignment&lt;br \/&gt;&lt;br \/&gt; \">\n<div id=\"watch-description\" class=\"yt-uix-button-panel\">\n<div id=\"watch-description-text\">\n<p style=\"text-align: center;\"><span style=\"color: #808080;\"> twoje uwagi, linki, wlasne artykuly, lub wiadomosci przeslij do: <strong><span style=\"text-decoration: underline;\"><span style=\"color: #808080; text-decoration: underline;\"><a href=\"mailto:webmaster@reunion68.com\">webmaster@reunion68.com<\/a><\/span><\/span><\/strong><\/span><\/p>\n<\/div>\n<\/div>\n<\/div>\n<p>&nbsp;<\/p>\n<hr style=\"width: 700px;\" \/>\n","protected":false},"excerpt":{"rendered":"<p>Barbara Toru\u0144czyk o pokoleniu&#8217;68 Do zainteresowanego Czytelnika Ponad rok temu z\u0142o\u017cy\u0142am w \u201eKrytyce Politycznej\u201d opowie\u015b\u0107 o pokoleniu 1968. Napisa\u0142am j\u0105 z my\u015bl\u0105 o m\u0142odych ze \u015brodowiska \u201eKrytyki Politycznej\u201d w 40. rocznic\u0119 tzw. wydarze\u0144 marcowych. Chcia\u0142am opisa\u0107 dla nich nasze do\u015bwiadczenia. Nazywano nas komandosami. Nasze drogi \u017cyciowe zbieg\u0142y si\u0119 ze szlakiem generacji 1968 na Wschodzie i [&hellip;]<\/p>\n","protected":false},"author":1,"featured_media":0,"comment_status":"closed","ping_status":"closed","sticky":false,"template":"","format":"standard","meta":[],"categories":[6],"tags":[24],"_links":{"self":[{"href":"https:\/\/www.reunion68.se\/index.php?rest_route=\/wp\/v2\/posts\/6552"}],"collection":[{"href":"https:\/\/www.reunion68.se\/index.php?rest_route=\/wp\/v2\/posts"}],"about":[{"href":"https:\/\/www.reunion68.se\/index.php?rest_route=\/wp\/v2\/types\/post"}],"author":[{"embeddable":true,"href":"https:\/\/www.reunion68.se\/index.php?rest_route=\/wp\/v2\/users\/1"}],"replies":[{"embeddable":true,"href":"https:\/\/www.reunion68.se\/index.php?rest_route=%2Fwp%2Fv2%2Fcomments&post=6552"}],"version-history":[{"count":13,"href":"https:\/\/www.reunion68.se\/index.php?rest_route=\/wp\/v2\/posts\/6552\/revisions"}],"predecessor-version":[{"id":6565,"href":"https:\/\/www.reunion68.se\/index.php?rest_route=\/wp\/v2\/posts\/6552\/revisions\/6565"}],"wp:attachment":[{"href":"https:\/\/www.reunion68.se\/index.php?rest_route=%2Fwp%2Fv2%2Fmedia&parent=6552"}],"wp:term":[{"taxonomy":"category","embeddable":true,"href":"https:\/\/www.reunion68.se\/index.php?rest_route=%2Fwp%2Fv2%2Fcategories&post=6552"},{"taxonomy":"post_tag","embeddable":true,"href":"https:\/\/www.reunion68.se\/index.php?rest_route=%2Fwp%2Fv2%2Ftags&post=6552"}],"curies":[{"name":"wp","href":"https:\/\/api.w.org\/{rel}","templated":true}]}}