{"id":6566,"date":"2014-10-04T08:17:46","date_gmt":"2014-10-04T06:17:46","guid":{"rendered":"http:\/\/www.reunion68.se\/?p=6566"},"modified":"2014-10-04T08:19:17","modified_gmt":"2014-10-04T06:19:17","slug":"chciwy-polak-patrzy-na-getto","status":"publish","type":"post","link":"https:\/\/www.reunion68.se\/?p=6566","title":{"rendered":"Chciwy Polak patrzy na getto"},"content":{"rendered":"<h4 style=\"text-align: center;\"><a href=\"http:\/\/www.newsweek.pl\/\" target=\"_blank\"><img decoding=\"async\" class=\"center alignleft\" src=\"http:\/\/www.reunion68.com\/Biuletyn\/img\/newsweek.jpg\" alt=\"\" width=\"250\" \/><\/a><span style=\"text-decoration: underline; color: #000080;\"><span style=\"text-decoration: underline;\"><strong><a style=\"color: #000080; text-decoration: underline;\" href=\"http:\/\/historia.newsweek.pl\/chciwy-polak-patrzy-na-getto-udzial-polakow-w-zagladzie-zydow,artykuly,346761,1.html\" target=\"_blank\">Chciwy Polak patrzy na getto<\/a><\/strong><\/span><\/span><\/h4>\n<p style=\"text-align: center;\"><strong><span style=\"color: #808080;\">Rafa\u0142 Kalukin <\/span><\/strong><span style=\"color: #808080;\">&#8211; Dziennikarz dzia\u0142u Kr<\/span><span style=\"color: #808080;\">aj<\/span><\/p>\n<div style=\"width: 360px\" class=\"wp-caption alignright\"><a href=\"http:\/\/www.newsweek.pl\/g\/i.aspx\/670\/0\/newsweek\/635478035056603496.jpg\"><img decoding=\"async\" class=\"articleImg\" title=\"Mur oddzielaj\u0105cy getto od reszty Warszawy\" src=\"http:\/\/www.newsweek.pl\/g\/i.aspx\/670\/0\/newsweek\/635478035056603496.jpg\" alt=\"Warszawa getto \u017cydzi\" width=\"350\" border=\"0\" \/><\/a><p class=\"wp-caption-text\">&#8220;Mur oddzielaj\u0105cy getto od reszty Warszawy&#8221; fot. Bundesarchiv, Bild 101I-134-0791-29A \/ Knobloch, Ludwig \/ CC-BY-SA<\/p><\/div>\n<p style=\"text-align: center;\"><span style=\"color: #808080;\"><strong>Niemcy wzi\u0119li \u017cydowskie banki, Polakom zostawili liche stragany. I tak w cieniu Zag\u0142ady zacz\u0119\u0142a si\u0119 polska droga ku nowoczesno\u015bci.<\/strong><\/span><\/p>\n<p style=\"text-align: left;\"><span style=\"color: #000080;\">Lemingu z Miasteczka Wilan\u00f3w, s\u0142oiku haruj\u0105cy w korporacji, cz\u0142owieku m\u0142ody, wykszta\u0142cony i z wielkiego miasta (cho\u0107 niekoniecznie w kt\u00f3rym\u015b tam pokoleniu). W ksi\u0119garniach jest ksi\u0105\u017cka, kt\u00f3r\u0105 powiniene\u015b si\u0119 zainteresowa\u0107.<\/span><\/p>\n<p style=\"text-align: left;\"><span style=\"color: #000080;\">Jej tytu\u0142 to \u201eKlucze i kasa\u201d. Oto dwa najwa\u017cniejsze atrybuty wygodnego \u017cycia ka\u017cdego mieszczucha. Niezale\u017cnie od epoki. Klucze do mieszkania stanowi\u0105 wyznacznik r\u00f3wnie\u017c twojej pozycji spo\u0142ecznej, nawet je\u015bli okupujesz to ci\u0119\u017carem comiesi\u0119cznej raty kredytu we frankach. Tak samo jak kasa, kt\u00f3ra potwierdza twoje miejsce w klasie \u015bredniej.<\/span><\/p>\n<p style=\"text-align: left;\"><span style=\"color: #000080;\">Jednak \u201eKlucze i kasa\u201d s\u0105 tylko po\u015brednio ksi\u0105\u017ck\u0105 o twoich kluczach i twojej kasie. Jej podtytu\u0142 brzmi: \u201eO mieniu <strong>\u017cydowskim<\/strong> w Polsce pod <strong>okupacj\u0105<\/strong> niemieck\u0105 i we wczesnych latach <strong>powojennych<\/strong> 1939&#8211;1950\u201d.<\/span><\/p>\n<h1 style=\"text-align: center;\"><strong><span style=\"color: #999999;\">1<\/span><\/strong><\/h1>\n<p style=\"text-align: left;\"><span style=\"color: #000080;\">Trzeba przyzna\u0107, \u017ce nie jest to lekka lektura. \u201eKlucze i kasa\u201d (pod redakcj\u0105 Jana Grabowskiego i Dariusza Libionki) kompiluj\u0105 kilkana\u015bcie artyku\u0142\u00f3w r\u00f3\u017cnych historyk\u00f3w, kt\u00f3re dotykaj\u0105 na r\u00f3\u017cne sposoby tematu wielkiej grabie\u017cy mienia \u017cydowskiego w czasie wojny i w pierwszych latach po niej. Brakuje tej pozycji sp\u00f3jnego wywodu i syntetyzuj\u0105cych ca\u0142o\u015b\u0107 wniosk\u00f3w. Ale i tak to praca na polskim gruncie pionierska.<\/span><\/p>\n<p style=\"text-align: left;\"><span style=\"color: #000080;\">Zacznijmy jednak od innej ksi\u0105\u017cki. Od wydanej kilka miesi\u0119cy temu \u201ePrze\u015bnionej rewolucji\u201d Andrzeja Ledera, socjologiczno-publicystycznej analizy rewolucji spo\u0142ecznej, jaka dokona\u0142a si\u0119 w Polsce po 1939 r. Jej klarowne tezy teraz znajduj\u0105 potwierdzenie w opublikowanym materiale historycznym<\/span><\/p>\n<p style=\"text-align: left;\"><span style=\"color: #000080;\">Konstruuje tam autor tak\u0105 oto opowie\u015b\u0107: \u201eM\u00f3j dziadek by\u0142 ch\u0142opem, przed wojn\u0105 pracowa\u0142 na cudzym, sko\u0144czy\u0142 cztery klasy. Zna\u0142 pewnego \u017byda, kt\u00f3ry mia\u0142 dom i ma\u0142y sklep na skraju pobliskiego miasteczka. W czterdziestym roku zacz\u0105\u0142 temu \u017bydowi w sklepie pomaga\u0107, potem ju\u017c tylko dziadek tam sprzedawa\u0142, a potem \u017byda i jego rodzin\u0119 Niemcy gdzie\u015b wywie\u017ali. Brat tego \u017byda ukrywa\u0142 si\u0119 w lesie i czasem bra\u0142 od dziadka jedzenie, ale dziadek powiedzia\u0142 o tym przy w\u00f3dce granatowemu policjantowi i ten tego drugiego \u017byda zastrzeli\u0142. Potem dziadek w tym sklepie handlowa\u0142, pozna\u0142 babci\u0119, kt\u00f3ra mu pomaga\u0142a w handlu, i urodzi\u0142 si\u0119 m\u00f3j ojciec. Potem przyszli Ruscy i dziadek by\u0142 ju\u017c tylko kierownikiem sklepu. Ale ojca pos\u0142a\u0142 na studia\u201d.<\/span><\/p>\n<p style=\"text-align: left;\"><span style=\"color: #000080;\">Jak \u0142atwo si\u0119 domy\u015bli\u0107, narrator tej opowie\u015bci jest fikcyjny. Leder s\u0142usznie zauwa\u017ca, \u017ce \u201etego powiedzie\u0107 si\u0119 nie da\u201d. W imi\u0119 zdrowia psychicznego zbiorowo\u015bci ci\u0105g\u0142o\u015b\u0107 pokoleniowej pami\u0119ci musia\u0142a zosta\u0107 przerwana. Lecz ta wymy\u015blona opowie\u015b\u0107 jest przechowywana w utajonym genotypie tysi\u0119cy polskich rodzin.<\/span><\/p>\n<p style=\"text-align: left;\"><span style=\"color: #000080;\">Jak zauwa\u017ca Leder, przed 1939 rokiem nowoczesno\u015b\u0107 dopiero puka\u0142a do polskich drzwi. Byli\u015bmy spo\u0142ecze\u0144stwem opartym na porz\u0105dkach feudalnych. Nieliczne wielkomiejskie wyspy postszlacheckiej inteligencji otoczone by\u0142y ch\u0142opskimi masami, kt\u00f3re sw\u0105 polsko\u015b\u0107 wywodzi\u0142y z przynale\u017cno\u015bci etnicznej i wiary katolickiej, a nie \u015bwiadomego obywatelstwa. Pod rozbiorami nie mog\u0142a si\u0119 dokona\u0107 rewolucja bur\u017cuazyjna, kt\u00f3ra w krajach zachodnich wywr\u00f3ci\u0142a do g\u00f3ry nogami ca\u0142\u0105 struktur\u0119 spo\u0142eczn\u0105. Nie by\u0142o mieszcza\u0144stwa, kt\u00f3re gdzie indziej stanowi\u0142o g\u0142\u00f3wn\u0105 si\u0142\u0119 nap\u0119dow\u0105 gospodarki kapitalistycznej.<\/span><\/p>\n<p style=\"text-align: left;\"><span style=\"color: #000080;\">T\u0119 luk\u0119 wype\u0142ni\u0142a blisko czteromilionowa mniejszo\u015b\u0107 \u017cydowska. Fantazmat \u201ez polsk\u0105 szlacht\u0105 polski lud\u201d by\u0142 jej obcy, bo nie by\u0142a ani ze szlachty, ani z ludu. Zbudowa\u0142a si\u0119 obok. Lecz nie odwzorowa\u0142a r\u00f3wnie\u017c zachodniej bur\u017cuazji, by\u0142a wewn\u0119trznie zbyt zr\u00f3\u017cnicowana. N\u0119dzy zaznawa\u0142a znacznie cz\u0119\u015bciej ni\u017c bogactwa. Jak pisa\u0142 (cytowany przez Ledera) Ksawery Pruszy\u0144ski: \u201eArystokracja tego narodu zasiada w wielkich bankach, klasa \u015brednia zasiada w sklepach, proletariat ma stragan\u201d.<\/span><\/p>\n<p style=\"text-align: left;\"><span style=\"color: #000080;\">Jednak tak bogaty \u017cydowski bankier, jak i straganowy biedak \u2013 ka\u017cdy na sw\u0105 skal\u0119 \u2013 zajmowa\u0142 spo\u0142eczn\u0105 pozycj\u0119 z rozwojowym potencja\u0142em. Gdy nadesz\u0142a wojna, te potencja\u0142y niemal z dnia na dzie\u0144 zmieni\u0142y w\u0142a\u015bciciela.<\/span><\/p>\n<h1 style=\"text-align: center;\"><strong><span style=\"color: #808080;\">2<\/span><\/strong><\/h1>\n<p style=\"text-align: left;\"><span style=\"color: #000080;\">Po deportacji krakowskich \u017byd\u00f3w do Be\u0142\u017cca do getta na Podg\u00f3rzu&#8230;<\/span><\/p>\n<p style=\"text-align: right;\"><span style=\"color: #000080;\">Czytaj dalej tu: <span style=\"text-decoration: underline;\"><strong><a style=\"color: #000080; text-decoration: underline;\" href=\"http:\/\/historia.newsweek.pl\/chciwy-polak-patrzy-na-getto-udzial-polakow-w-zagladzie-zydow,artykuly,346761,1.html\" target=\"_blank\">Chciwy Polak patrzy na getto<\/a><\/strong><\/span><\/span><\/p>\n<p>&nbsp;<br \/>\n<div style=\"width: 160px\" class=\"wp-caption alignleft\"><img decoding=\"async\" class=\"center\" src=\"http:\/\/www.reunion68.com\/Biuletyn\/img\/ewelina.jpg\" alt=\"\" width=\"150\" \/><p class=\"wp-caption-text\">Artykul poleca Ewelina Blyskowska<\/p><\/div><\/p>\n<p><center><\/p>\n<hr style=\"height: 15px; background: #d0e6fa; width: 400px;\" \/>\n<p style=\"text-align: center;\"><span style=\"color: #000080;\">Na ten sam temat publikowane wczesniej na blogu<\/span><\/p>\n<p style=\"text-align: center;\"><span style=\"text-decoration: underline;\"><strong><span style=\"color: #000080;\"> <a style=\"color: #000080; text-decoration: underline;\" href=\"http:\/\/www.reunion68.se\/?p=4867\" target=\"_blank\">KLUCZE I KASA.<\/a><\/span><\/strong><\/span><br \/>\n<span style=\"text-decoration: underline;\"><strong><span style=\"color: #000080;\"> <a style=\"color: #000080; text-decoration: underline;\" href=\"http:\/\/www.reunion68.se\/?p=6217\" target=\"_blank\">Na Niemc\u00f3w wina i zbrodnia, dla nas klucze i kasa<\/a><\/span><\/strong><\/span><\/p>\n<hr style=\"height: 15px; background: #d0e6fa; width: 400px;\" \/>\n<\/center><br \/>\n&nbsp;<\/p>\n<p>&nbsp;<\/p>\n<div id=\"content\" class=\"  content-alignment&lt;br \/&gt;&lt;br \/&gt; \">\n<div id=\"watch-description\" class=\"yt-uix-button-panel\">\n<div id=\"watch-description-text\">\n<p style=\"text-align: center;\"><span style=\"color: #808080;\"> twoje uwagi, linki, wlasne artykuly, lub wiadomosci przeslij do: <strong><span style=\"text-decoration: underline;\"><span style=\"color: #808080; text-decoration: underline;\"><a href=\"mailto:webmaster@reunion68.com\">webmaster@reunion68.com<\/a><\/span><\/span><\/strong><\/span><\/p>\n<\/div>\n<\/div>\n<\/div>\n<p>&nbsp;<\/p>\n<hr style=\"width: 700px;\" \/>\n","protected":false},"excerpt":{"rendered":"<p>Chciwy Polak patrzy na getto Rafa\u0142 Kalukin &#8211; Dziennikarz dzia\u0142u Kraj Niemcy wzi\u0119li \u017cydowskie banki, Polakom zostawili liche stragany. I tak w cieniu Zag\u0142ady zacz\u0119\u0142a si\u0119 polska droga ku nowoczesno\u015bci. Lemingu z Miasteczka Wilan\u00f3w, s\u0142oiku haruj\u0105cy w korporacji, cz\u0142owieku m\u0142ody, wykszta\u0142cony i z wielkiego miasta (cho\u0107 niekoniecznie w kt\u00f3rym\u015b tam pokoleniu). W ksi\u0119garniach jest ksi\u0105\u017cka, [&hellip;]<\/p>\n","protected":false},"author":1,"featured_media":0,"comment_status":"closed","ping_status":"closed","sticky":false,"template":"","format":"standard","meta":[],"categories":[4],"tags":[24],"_links":{"self":[{"href":"https:\/\/www.reunion68.se\/index.php?rest_route=\/wp\/v2\/posts\/6566"}],"collection":[{"href":"https:\/\/www.reunion68.se\/index.php?rest_route=\/wp\/v2\/posts"}],"about":[{"href":"https:\/\/www.reunion68.se\/index.php?rest_route=\/wp\/v2\/types\/post"}],"author":[{"embeddable":true,"href":"https:\/\/www.reunion68.se\/index.php?rest_route=\/wp\/v2\/users\/1"}],"replies":[{"embeddable":true,"href":"https:\/\/www.reunion68.se\/index.php?rest_route=%2Fwp%2Fv2%2Fcomments&post=6566"}],"version-history":[{"count":40,"href":"https:\/\/www.reunion68.se\/index.php?rest_route=\/wp\/v2\/posts\/6566\/revisions"}],"predecessor-version":[{"id":6607,"href":"https:\/\/www.reunion68.se\/index.php?rest_route=\/wp\/v2\/posts\/6566\/revisions\/6607"}],"wp:attachment":[{"href":"https:\/\/www.reunion68.se\/index.php?rest_route=%2Fwp%2Fv2%2Fmedia&parent=6566"}],"wp:term":[{"taxonomy":"category","embeddable":true,"href":"https:\/\/www.reunion68.se\/index.php?rest_route=%2Fwp%2Fv2%2Fcategories&post=6566"},{"taxonomy":"post_tag","embeddable":true,"href":"https:\/\/www.reunion68.se\/index.php?rest_route=%2Fwp%2Fv2%2Ftags&post=6566"}],"curies":[{"name":"wp","href":"https:\/\/api.w.org\/{rel}","templated":true}]}}