{"id":6698,"date":"2014-10-06T08:17:48","date_gmt":"2014-10-06T06:17:48","guid":{"rendered":"http:\/\/www.reunion68.se\/?p=6698"},"modified":"2014-10-06T10:26:59","modified_gmt":"2014-10-06T08:26:59","slug":"nagroda-literacka-nike-dla-karola-modzelewskiego","status":"publish","type":"post","link":"https:\/\/www.reunion68.se\/?p=6698","title":{"rendered":"Nagroda Literacka Nike dla Karola Modzelewskiego"},"content":{"rendered":"<h4 style=\"text-align: center;\"><a href=\"http:\/\/www.newsweek.pl\/\" target=\"_blank\"><img decoding=\"async\" class=\"center alignleft\" src=\"http:\/\/www.reunion68.com\/Biuletyn\/img\/newsweek.jpg\" alt=\"\" \/><\/a><span style=\"text-decoration: underline; color: #000080;\"><span style=\"text-decoration: underline;\"><strong><a style=\"color: #000080; text-decoration: underline;\" href=\"http:\/\/kultura.newsweek.pl\/nagrody-literackiej-nike-2014-karol-modzelewski-ksiazki-newsweek-pl,artykuly,349187,1.html\" target=\"_blank\">Nagroda Literacka Nike dla Karola Modzelewskiego<\/a><\/strong><\/span><\/span><\/h4>\n<p>&nbsp;<\/p>\n<hr style=\"height: 15px; background: #d0e6fa; width: 710px;\" \/>\n<div style=\"width: 338px\" class=\"wp-caption alignright\"><img decoding=\"async\" loading=\"lazy\" class=\"articleImg\" title=\"Karol Modzelewski - laureat tegorocznej Nagrody Literackiej Nike. Pisarza nagrodzono za autobiografi\u0119 &quot;Zaje\u017adzimy koby\u0142\u0119 historii. Wspomnienia poobijanego je\u017ad\u017aca&quot;\" src=\"http:\/\/www.newsweek.pl\/g\/i.aspx\/328\/0\/newsweek\/635481371133838271.jpg\" alt=\"Karol Modzelewski Nagroda Literacka Nike 2014 ksi\u0105\u017cki literatura\" width=\"328\" height=\"492\" border=\"0\" \/><p class=\"wp-caption-text\">Karol Modzelewski fot. Radek Pietruszka \/ \u017ar\u00f3d\u0142o: PAP<\/p><\/div>\n<p style=\"text-align: left;\"><strong><span style=\"color: #999999;\">Tegorocznym laureatem Nagrody Literackiej Nike zosta\u0142 Karol Modzelewski za autobiografi\u0119 &#8220;Zaje\u017adzimy koby\u0142\u0119 historii. Wspomnienia poobijanego je\u017ad\u017aca&#8221; &#8211; og\u0142oszono w niedziel\u0119 wieczorem na gali w Bibliotece Uniwersytetu Warszawskiego<\/span><\/strong>.<\/p>\n<p style=\"text-align: left;\"><span style=\"color: #000080;\">Poza nagrodzon\u0105 ksi\u0105\u017ck\u0105, wydan\u0105 przez Iskry, w finale nagrody znalaz\u0142y si\u0119 powie\u015bci: &#8220;O\u015bci&#8221; Ignacego Karpowicza (Wydawnictwo Literackie) o wsp\u00f3\u0142czesnej Warszawie i zagmatwanej naturze relacji mi\u0119dzyludzkich, &#8220;Wiele demon\u00f3w&#8221; Jerzego Pilcha (Wielka Litera), czyli historia konfrontacji ma\u0142ej, protestanckiej spo\u0142eczno\u015bci z pokusami wielkiego \u015bwiata, &#8220;Nocne zwierz\u0119ta&#8221; Patrycji Pustkowiak (W.A.B.), debiutancka powie\u015b\u0107 o nocnych przygodach samotnej kobiety w wielkim mie\u015bcie, a tak\u017ce &#8220;Niebko&#8221; Brygidy Helbig (W.A.B.) o powik\u0142anych losach polsko-niemieckiej rodziny.<\/span><\/p>\n<p style=\"text-align: left;\"><span style=\"color: #000080;\">Nominowano tak\u017ce tomy wierszy &#8220;Nadje\u017cd\u017ca&#8221; Szymona S\u0142omczy\u0144skiego (Biuro Literackie) i &#8220;Jeden&#8221; Marcina \u015awietlickiego (EMG).<\/span><\/p>\n<p style=\"text-align: left;\"><span style=\"color: #000080;\">Nike jest nagrod\u0105 za najlepsz\u0105 ksi\u0105\u017ck\u0119 roku. Przyznawana jest corocznie w pa\u017adzierniku za najlepsz\u0105 ksi\u0105\u017ck\u0119 roku poprzedniego. Nagrody nie mo\u017cna podzieli\u0107 ani nie przyzna\u0107. Wykluczone z konkursu s\u0105 opracowania oraz prace zbiorowe.<\/span><br \/>\n<span style=\"color: #000080;\"> Zwyci\u0119zca wy\u0142aniany jest w trzyetapowym konkursie. Pierwszy etap to przyznanie przez jury 20 nominacji, kt\u00f3re og\u0142aszane s\u0105 w maju, drugi to wyb\u00f3r siedmiu finalist\u00f3w podawany do wiadomo\u015bci we wrze\u015bniu. Decyzj\u0119 o przyznaniu nagrody jury podejmuje w dniu jej og\u0142oszenia i wr\u0119czenia. Do tego momentu ani laureat, ani finali\u015bci obecni na sali nie znaj\u0105 wyniku konkursu. Zwyci\u0119zca otrzymuje 100 tys. z\u0142 oraz statuetk\u0119 Nike d\u0142uta Gustawa Zem\u0142y.<\/span><\/p>\n<p style=\"text-align: left;\"><span style=\"color: #000080;\">W tym roku jury nagrody pod przewodnictwem Tadeusza Nyczka zasiadaj\u0105: Marek Beylin, Piotr Bratkowski, Miko\u0142aj Grabowski, Irena Grudzi\u0144ska-Gross, Ryszard Kozio\u0142ek, Rafa\u0142 Marsza\u0142ek, Stanis\u0142aw Obirek oraz Maria Poprz\u0119cka.<\/span><\/p>\n<p style=\"text-align: left;\"><span style=\"color: #000080;\">W\u015br\u00f3d dotychczasowych laureat\u00f3w nagrody s\u0105 m.in. Czes\u0142aw Mi\u0142osz, Wies\u0142aw My\u015bliwski, Jerzy Pilch, Andrzej Stasiuk, Joanna Bator, Dorota Mas\u0142owska.<\/span><\/p>\n<p style=\"text-align: left;\"><span style=\"color: #000080;\">Fundatorami Nagrody Literackiej Nike s\u0105 \u201eGazeta Wyborcza\u201d i Fundacja Agory.<\/span><br \/>\n<img decoding=\"async\" class=\"alignright\" src=\"http:\/\/www.newsweek.pl\/resources\/images\/logo_PAP.jpeg\" alt=\"\" \/><\/p>\n<hr style=\"height: 15px; background: #d0e6fa; width: 710px;\" \/>\n<h4><span style=\"text-decoration: underline; color: #000080;\"><strong><a style=\"color: #000080; text-decoration: underline;\" href=\"http:\/\/sv.wikipedia.org\/wiki\/Karol_Modzelewski\" target=\"_blank\">Wikipedia &#8211; Karol Modzelewski<\/a><\/strong><\/span><\/h4>\n<p style=\"text-align: left;\"><span style=\"color: #000080;\">Karol Modzelewski, f\u00f6dd den 23 november 1937 i Moskva, \u00e4r en polsk historiker, skriftst\u00e4llare och politiker, son till Zygmunt Modzelewski.<\/span><\/p>\n<p style=\"text-align: left;\"><span style=\"color: #000080;\">Efter studentexamen 1954 studerade Modzelewski historia (med s\u00e4rskild inriktning p\u00e5 medeltiden) vid universitetet i Warszawa, f\u00f6r bland andra Aleksander Gieysztor. Som professor vid universiteten i Wroc\u0142aw och Warszawa var han medlem i Polska f\u00f6renade arbetarpartiet, men blev utesluten 1964 p\u00e5 grund av opposition mot partiets politik. Tillsammans med Jacek Kuro\u0144 skrev han ett \u00f6ppet brev till partiet, f\u00f6r vilket han h\u00f6lls f\u00e4ngslad i 3 \u00e5r. Han deltog ocks\u00e5 i marsoroligheterna 1968 i Polen och d\u00f6mdes p\u00e5 nytt till 3 \u00e5rs internering.<\/span><\/p>\n<p style=\"text-align: left;\"><span style=\"color: #000080;\">Under augustistrejken 1980 i Polen var Modzelewski den som kom p\u00e5 namnet Solidarno\u015b\u0107 (Solidaritet) f\u00f6r den nya fackf\u00f6reningen. Efter general Jaruzelskis kupp f\u00e4ngslades han p\u00e5 nytt. \u00c5ren 1987-92 arbetade han f\u00f6r Instytut Historii PAN i Wroc\u0142aw. Som medlem av Sejmen fr\u00e5n 1991 underst\u00f6dde han Unia Pracy och W\u0142odzimierz Cimoszewicz<\/span><\/p>\n<hr style=\"height: 15px; background: #d0e6fa; width: 710px;\" \/>\n<div id=\"content\" class=\"  content-alignment&lt;br \/&gt;&lt;br \/&gt; \">\n<div id=\"watch-description\" class=\"yt-uix-button-panel\">\n<div id=\"watch-description-text\">\n<p style=\"text-align: center;\"><span style=\"color: #808080;\"> twoje uwagi, linki, wlasne artykuly, lub wiadomosci przeslij do: <strong><span style=\"text-decoration: underline;\"><span style=\"color: #808080; text-decoration: underline;\"><a href=\"mailto:webmaster@reunion68.com\">webmaster@reunion68.com<\/a><\/span><\/span><\/strong><\/span><\/p>\n<\/div>\n<\/div>\n<\/div>\n<p>&nbsp;<\/p>\n<hr style=\"width: 700px;\" \/>\n","protected":false},"excerpt":{"rendered":"<p>Nagroda Literacka Nike dla Karola Modzelewskiego &nbsp; Tegorocznym laureatem Nagrody Literackiej Nike zosta\u0142 Karol Modzelewski za autobiografi\u0119 &#8220;Zaje\u017adzimy koby\u0142\u0119 historii. Wspomnienia poobijanego je\u017ad\u017aca&#8221; &#8211; og\u0142oszono w niedziel\u0119 wieczorem na gali w Bibliotece Uniwersytetu Warszawskiego. Poza nagrodzon\u0105 ksi\u0105\u017ck\u0105, wydan\u0105 przez Iskry, w finale nagrody znalaz\u0142y si\u0119 powie\u015bci: &#8220;O\u015bci&#8221; Ignacego Karpowicza (Wydawnictwo Literackie) o wsp\u00f3\u0142czesnej Warszawie i [&hellip;]<\/p>\n","protected":false},"author":1,"featured_media":0,"comment_status":"closed","ping_status":"closed","sticky":false,"template":"","format":"standard","meta":[],"categories":[6],"tags":[24],"_links":{"self":[{"href":"https:\/\/www.reunion68.se\/index.php?rest_route=\/wp\/v2\/posts\/6698"}],"collection":[{"href":"https:\/\/www.reunion68.se\/index.php?rest_route=\/wp\/v2\/posts"}],"about":[{"href":"https:\/\/www.reunion68.se\/index.php?rest_route=\/wp\/v2\/types\/post"}],"author":[{"embeddable":true,"href":"https:\/\/www.reunion68.se\/index.php?rest_route=\/wp\/v2\/users\/1"}],"replies":[{"embeddable":true,"href":"https:\/\/www.reunion68.se\/index.php?rest_route=%2Fwp%2Fv2%2Fcomments&post=6698"}],"version-history":[{"count":16,"href":"https:\/\/www.reunion68.se\/index.php?rest_route=\/wp\/v2\/posts\/6698\/revisions"}],"predecessor-version":[{"id":6724,"href":"https:\/\/www.reunion68.se\/index.php?rest_route=\/wp\/v2\/posts\/6698\/revisions\/6724"}],"wp:attachment":[{"href":"https:\/\/www.reunion68.se\/index.php?rest_route=%2Fwp%2Fv2%2Fmedia&parent=6698"}],"wp:term":[{"taxonomy":"category","embeddable":true,"href":"https:\/\/www.reunion68.se\/index.php?rest_route=%2Fwp%2Fv2%2Fcategories&post=6698"},{"taxonomy":"post_tag","embeddable":true,"href":"https:\/\/www.reunion68.se\/index.php?rest_route=%2Fwp%2Fv2%2Ftags&post=6698"}],"curies":[{"name":"wp","href":"https:\/\/api.w.org\/{rel}","templated":true}]}}