{"id":67010,"date":"2019-01-27T12:09:42","date_gmt":"2019-01-27T10:09:42","guid":{"rendered":"http:\/\/www.reunion68.se\/?p=67010"},"modified":"2019-01-27T13:48:23","modified_gmt":"2019-01-27T11:48:23","slug":"27-09-34","status":"publish","type":"post","link":"https:\/\/www.reunion68.se\/?p=67010","title":{"rendered":"Majdanek, pierwsze muzeum upami\u0119tniaj\u0105ce ofiary II wojny \u015bwiatowej"},"content":{"rendered":"<h5 style=\"text-align: center;\"><a href=\"http:\/\/lublin.wyborcza.pl\/\" target=\"_blank\" rel=\"noopener\"><img decoding=\"async\" width=\"30%\" class=\"center alignleft\" alt=\"\" src=\"http:\/\/www.reunion68.com\/Biuletyn\/img\/wyborcza.png\"><\/a><span style=\"text-decoration: underline; color: #000080;\"><strong><a style=\"color: #000080; text-decoration: underline;\" href=\"http:\/\/lublin.wyborcza.pl\/lublin\/7,48724,24117579,majdanek-pierwsze-muzeum-upamietniajace-ofiary-ii-wojny-swiatowej.html\" target=\"_blank\" rel=\"noopener\">Majdanek, pierwsze muzeum upami\u0119tniaj\u0105ce ofiary II wojny \u015bwiatowej<\/a><\/strong><\/span><\/h5>\n<p style=\"text-align: center;\"><span style=\"color: #000000;\"><strong>Ma\u0142gorzata Domaga\u0142a<\/strong><\/span><\/p>\n<hr style=\"height: 15px; background: #d0e6fa; width: 710px;\">\n<h2 style=\"text-align: center;\"><img decoding=\"async\" class=\"center alignright\" alt=\"\" src=\"http:\/\/www.reunion68.com\/Biuletyn\/img\/Kynttila24.gif\"><strong><br \/>\n<span style=\"text-decoration: underline;\"><span style=\"color: #000000; text-decoration: underline;\"><a style=\"color: #000000; text-decoration: underline;\" href=\"http:\/\/www.majdanek.eu\/pl\" target=\"_BLANK\">Mi\u0119dzynarodowy Dzie\u0144 Pami\u0119ci<br \/>\no Ofiarach Holokaustu<\/a><\/span><\/span><\/strong><\/h2>\n<hr style=\"height: 15px; background: #d0e6fa; width: 710px;\">\n<p style=\"text-align: center;\"><img decoding=\"async\" width=\"100%\" class=\"aligncenter\" src=\"https:\/\/bi.im-g.pl\/im\/5f\/ff\/16\/z24116319V,Mieszkancy-Lublina-ogladaja-Majdanek--Rok-1944.jpg\"><span style=\"color: #999999;\"><em>Mieszka\u0144cy Lublina ogl\u0105daj\u0105 Majdanek. Rok 1944 (Pa\u0144stwowe Muzeum na Majdanku)<\/em><\/span><\/p>\n<p><strong>Ostatni wi\u0119\u017aniowie zostali wywiezieni z Majdanka 22 lipca 1944 r. Razem z nimi ob\u00f3z opu\u015bci\u0142a za\u0142oga, pr\u00f3buj\u0105c zatrze\u0107 po sobie \u015blady: niszczyli dokumenty i podpalili krematorium.<\/strong><\/p>\n<p><span style=\"color: #000080;\">Dzie\u0144 p\u00f3\u017aniej na teren Majdanka wkroczy\u0142a Armia Czerwona i oddzia\u0142y Wojska Polskiego. Poobozowe baraki zacz\u0119\u0142y pe\u0142ni\u0107 funkcj\u0119 wojskowych koszar. Na polu IV i V przetrzymywano niemieckich je\u0144c\u00f3w i folksdojcz\u00f3w. Na III polu funkcjonowa\u0142 ob\u00f3z NKWD dla \u017co\u0142nierzy Armii Krajowej i Batalion\u00f3w Ch\u0142opskich<\/span>.<\/p>\n<p style=\"text-align: center;\"><img decoding=\"async\" width=\"100%\" class=\"aligncenter\" src=\"https:\/\/bi.im-g.pl\/im\/57\/ff\/16\/z24116311Q,Pierwsza-wystawa-stala--Rok-1945-r-.jpg\"><span style=\"color: #999999;\"><em>Pierwsza wystawa sta\u0142a. Rok 1945 r. Pa\u0144stwowe Muzeum na Majdanku<\/em><\/span><\/p>\n<p style=\"text-align: left;\"><i><b>Pierwsza sta\u0142a wystawa. Rok 1945<\/b><\/i><\/p>\n<p style=\"text-align: left;\"><span style=\"color: #000080;\">Jednocze\u015bnie teren by\u0142ego obozu, z ciekawo\u015bci, zacz\u0119li t\u0142umnie odwiedza\u0107 lublinianie i rodziny by\u0142ych wi\u0119\u017ani\u00f3w. Zabierali ze sob\u0105 znalezione na terenie Majdanka przedmioty. \u017bo\u0142nierze natomiast rozbierali baraki na opa\u0142 i sprzedawali ich wyposa\u017cenie.<\/span><\/p>\n<p style=\"text-align: left;\"><span style=\"color: #000080;\">Zabezpieczaniem obiekt\u00f3w oraz \u015blad\u00f3w nazistowskich zbrodni zaj\u0119\u0142o si\u0119 Pa\u0144stwowe Muzeum na Majdanku, kt\u00f3re prac\u0119 rozpocz\u0119\u0142o w listopadzie 1944 r. Jego pracownicy rozpocz\u0119li gromadzenie przedmiot\u00f3w i relacji zwi\u0105zanych z funkcjonowaniem KL Lublin. Muzeum m.in. na \u0142amach prasy apelowa\u0142o o zg\u0142aszanie si\u0119 by\u0142ych wi\u0119\u017ani\u00f3w lub ich rodzin. O pomoc zwracano si\u0119 do w\u00f3jt\u00f3w, proboszcz\u00f3w, dyrektor\u00f3w wi\u0119kszych przedsi\u0119biorstw. Korespondencja do plac\u00f3wki p\u0142yn\u0119\u0142a z ca\u0142ej Polski.<\/span><\/p>\n<p style=\"text-align: center;\"><img decoding=\"async\" width=\"100%\" class=\"aligncenter\" src=\"https:\/\/bi.im-g.pl\/im\/6e\/ff\/16\/z24116334Q,Kopiec-z-prochami-ofiar-istniejacy-w-latach-1947-1.jpg\"><span style=\"color: #999999;\"><em>Kopiec z prochami ofiar istniej\u0105cy w latach 1947-1968. Fotografia wykonana w 1954 r. Pa\u0144stwowe Muzeum na Majdanku<\/em><\/span><\/p>\n<p style=\"text-align: left;\"><i><b>Kopiec z prochami ofiar istniej\u0105cy w latach 1947-1968. Fotografia wykonana w 1954 r.<\/b><\/i><\/p>\n<p style=\"text-align: center;\"><span style=\"color: #000080;\">Pierwsz\u0105 zaprezentowan\u0105 wystaw\u0105 by\u0142y prace radzieckiego \u017co\u0142nierza, malarza Zinowija To\u0142kaczewa, kt\u00f3ry rysowa\u0142 ob\u00f3z na podstawie relacji, kt\u00f3re s\u0142ysza\u0142 o tym miejscu. Od 1945 r. rekonstruowano zniszczone obiekty \u2013 m.in. spalone przez Niemc\u00f3w krematorium. Uroczyste otwarcie pierwszej sta\u0142ej ekspozycji odby\u0142o si\u0119 2 wrze\u015bnia 1945 r. Jej elementem by\u0142y figury woskowe przedstawiaj\u0105ce wyczerpanych wi\u0119\u017ani\u00f3w. W 1945 r. w Muzeum urz\u0105dzono kino muzealne, w kt\u00f3rym mo\u017cna by\u0142o ogl\u0105da\u0107 film dokumentalny \u201eMajdanek. Cmentarzysko Europy\u201d w re\u017cyserii Aleksandra Forda.<\/span><img decoding=\"async\" width=\"100%\" class=\"aligncenter\" src=\"https:\/\/bi.im-g.pl\/im\/87\/ff\/16\/z24116359Q,Obchody-pierwszego-Tygodnia-Majdanka--ktory-poznie.jpg\"><span style=\"color: #999999;\"><em>Obchody pierwszego Tygodnia Majdanka, kt\u00f3ry p\u00f3\u017aniej przemianowano na Dni Majdanka, 1945 r. Pa\u0144stwowe Muzeum na Majdanku<\/em><\/span><\/p>\n<p style=\"text-align: left;\"><i><b>Obchody pierwszego Tygodnia Majdanka, kt\u00f3ry p\u00f3\u017aniej przemianowano na Dni Majdanka, 1945<\/b><\/i><\/p>\n<p style=\"text-align: left;\"><span style=\"color: #000080;\">Od 2004 r. oddzia\u0142em zamiejscowym PMM jest Muzeum i Miejsce Pami\u0119ci w Be\u0142\u017ccu, a od 2012 r. \u2013 Muzeum i Miejsce Pami\u0119ci w Sobiborze.<\/span><\/p>\n<p style=\"text-align: left;\"><span style=\"color: #000080;\">Na podstawie ksi\u0105\u017cki \u201ePa\u0144stwowe Muzeum na Majdanku 1944\u20132014. Historia ilustrowana\u201d Agnieszki Kowalczyk-Nowak.<\/span><\/p>\n<hr style=\"height: 15px; background: #d0e6fa; width: 710px;\">\n<div class=\"content-alignment\" id=\"content\">\n<div class=\"yt-uix-button-panel\" id=\"watch-description\">\n<div id=\"watch-description-text\" style=\"text-align: center;\">\n<p><em>Zawarto\u015b\u0107 publikowanych artyku\u0142\u00f3w i materia\u0142\u00f3w nie reprezentuje pogl\u0105d\u00f3w ani opinii Reunion&#8217;68,<\/em><em><br \/>\nani te\u017c webmastera Blogu Reunion&#8217;68, chyba ze jest to wyra\u017anie zaznaczone.<br \/>\nTwoje uwagi, linki, w\u0142asne artyku\u0142y lub wiadomo\u015bci prze\u015blij na adres:<br \/>\n<\/em><span style=\"color: #000080;\"><strong><em><a style=\"color: #000080;\" href=\"mailto:webmaster@reunion68.com\"><span style=\"text-decoration: underline;\">webmaster@reunion68.com<\/span><\/a><\/em><\/strong><\/span><\/p>\n<\/div>\n<\/div>\n<\/div>\n<hr style=\"width: 710px;\">\n","protected":false},"excerpt":{"rendered":"<p>Majdanek, pierwsze muzeum upami\u0119tniaj\u0105ce ofiary II wojny \u015bwiatowej Ma\u0142gorzata Domaga\u0142a Mi\u0119dzynarodowy Dzie\u0144 Pami\u0119ci o Ofiarach Holokaustu Mieszka\u0144cy Lublina ogl\u0105daj\u0105 Majdanek. Rok 1944 (Pa\u0144stwowe Muzeum na Majdanku) Ostatni wi\u0119\u017aniowie zostali wywiezieni z Majdanka 22 lipca 1944 r. Razem z nimi ob\u00f3z opu\u015bci\u0142a za\u0142oga, pr\u00f3buj\u0105c zatrze\u0107 po sobie \u015blady: niszczyli dokumenty i podpalili krematorium. Dzie\u0144 p\u00f3\u017aniej na [&hellip;]<\/p>\n","protected":false},"author":1,"featured_media":0,"comment_status":"closed","ping_status":"closed","sticky":false,"template":"","format":"standard","meta":[],"categories":[6],"tags":[26,24],"_links":{"self":[{"href":"https:\/\/www.reunion68.se\/index.php?rest_route=\/wp\/v2\/posts\/67010"}],"collection":[{"href":"https:\/\/www.reunion68.se\/index.php?rest_route=\/wp\/v2\/posts"}],"about":[{"href":"https:\/\/www.reunion68.se\/index.php?rest_route=\/wp\/v2\/types\/post"}],"author":[{"embeddable":true,"href":"https:\/\/www.reunion68.se\/index.php?rest_route=\/wp\/v2\/users\/1"}],"replies":[{"embeddable":true,"href":"https:\/\/www.reunion68.se\/index.php?rest_route=%2Fwp%2Fv2%2Fcomments&post=67010"}],"version-history":[{"count":14,"href":"https:\/\/www.reunion68.se\/index.php?rest_route=\/wp\/v2\/posts\/67010\/revisions"}],"predecessor-version":[{"id":67278,"href":"https:\/\/www.reunion68.se\/index.php?rest_route=\/wp\/v2\/posts\/67010\/revisions\/67278"}],"wp:attachment":[{"href":"https:\/\/www.reunion68.se\/index.php?rest_route=%2Fwp%2Fv2%2Fmedia&parent=67010"}],"wp:term":[{"taxonomy":"category","embeddable":true,"href":"https:\/\/www.reunion68.se\/index.php?rest_route=%2Fwp%2Fv2%2Fcategories&post=67010"},{"taxonomy":"post_tag","embeddable":true,"href":"https:\/\/www.reunion68.se\/index.php?rest_route=%2Fwp%2Fv2%2Ftags&post=67010"}],"curies":[{"name":"wp","href":"https:\/\/api.w.org\/{rel}","templated":true}]}}