{"id":67012,"date":"2019-01-27T12:05:20","date_gmt":"2019-01-27T10:05:20","guid":{"rendered":"http:\/\/www.reunion68.se\/?p=67012"},"modified":"2019-01-27T13:47:51","modified_gmt":"2019-01-27T11:47:51","slug":"27-05-37","status":"publish","type":"post","link":"https:\/\/www.reunion68.se\/?p=67012","title":{"rendered":"INTERNATIONAL HOLOCAUST REMEMBRANCE DAY"},"content":{"rendered":"<h5 style=\"text-align: center;\"><a href=\"https:\/\/encyclopedia.ushmm.org\/\" target=\"_blank\" rel=\"noopener\"><img decoding=\"async\" class=\"center alignleft\" alt=\"\" src=\"http:\/\/www.reunion68.com\/Biuletyn\/img\/usa-zaglada.png\"><img decoding=\"async\" class=\"alignright\" alt=\"\" src=\"http:\/\/www.reunion68.com\/Biuletyn\/img\/Kynttila24.gif\"><\/a><br \/>\n<span style=\"text-decoration: underline; color: #000080;\"><span style=\"text-decoration: underline;\"><strong><a style=\"color: #000080; text-decoration: underline;\" href=\"https:\/\/encyclopedia.ushmm.org\/content\/en\/article\/international-holocaust-remembrance-day\" target=\"_blank\" rel=\"noopener\">INTERNATIONAL HOLOCAUST REMEMBRANCE DAY<\/a><\/strong><\/span><\/span><\/h5>\n<hr style=\"height: 15px; background: #d0e6fa; width: 710px;\">\n<p style=\"text-align: center;\"><img decoding=\"async\" src=\"https:\/\/encyclopedia.ushmm.org\/images\/large\/2501852b-a509-4f5d-9873-a0b50ff58283.jpg\"><br \/>\n<span style=\"color: #999999;\"><em>Candles mark the railway tracks leading to the Auschwitz camp<\/em><\/span><br \/>\n<span style=\"color: #999999;\"><em>Candles mark the railway tracks leading to the Auschwitz camp during the commemoration of the 60th anniversary of the liberation of the camp. Poland, January 27, 2005. Reuters<\/em><\/span><\/p>\n<p style=\"text-align: left;\"><span style=\"color: #000080;\">On November 1, 2005, the UN General Assembly adopted resolution 60\/7 to designate January 27 as International Holocaust Remembrance Day. The date marks the&nbsp;<a style=\"color: #000080;\" href=\"https:\/\/encyclopedia.ushmm.org\/narrative\/2317\/en\"><span style=\"text-decoration: underline;\"><strong>liberation<\/strong><\/span><\/a>&nbsp;of&nbsp;<a style=\"color: #000080;\" href=\"https:\/\/encyclopedia.ushmm.org\/narrative\/3673\/en\"><span style=\"text-decoration: underline;\"><strong>Auschwitz-Birkenau<\/strong><\/span><\/a><span style=\"text-decoration: underline;\"><strong>and<\/strong><\/span> is meant to honor the victims of Nazism. The same resolution supports the development of educational programs to remember the&nbsp;<a style=\"color: #000080;\" href=\"https:\/\/encyclopedia.ushmm.org\/narrative\/72\/en\"><span style=\"text-decoration: underline;\"><strong>Holocaust<\/strong><\/span><\/a>&nbsp;and to prevent further&nbsp;<a style=\"color: #000080;\" href=\"https:\/\/encyclopedia.ushmm.org\/narrative\/9275\/en\"><span style=\"text-decoration: underline;\"><strong>genocide<\/strong><\/span><\/a>.<\/span><\/p>\n<p style=\"text-align: left;\"><span style=\"color: #000080;\">Resolution 60\/7 not only establishes January 27 as \u201cInternational Day of Commemoration in memory of the victims of the Holocaust,\u201d it also rejects any form of&nbsp;<a style=\"color: #000080;\" href=\"https:\/\/encyclopedia.ushmm.org\/narrative\/11563\/en\"><span style=\"text-decoration: underline;\"><strong>Holocaust denial<\/strong><\/span><\/a><span style=\"text-decoration: underline;\"><strong>.<\/strong><\/span> The resolution encourages member states of the UN to actively preserve sites that the Nazis used during the &#8220;Final Solution&#8221; (for example, killing centers, concentration camps, and prisons.) Drawing from the Universal Declaration of Human Rights, the resolution condemns all forms of \u201creligious intolerance, incitement, harassment or violence against persons or communities based on ethnic origin or religious belief\u201d throughout the world.<\/span><\/p>\n<p><strong>Commemoration Activities<\/strong><\/p>\n<p style=\"text-align: left;\"><span style=\"color: #000080;\">The first commemoration ceremony was held on January 27, 2006, at the UN Headquarters in New York City. Nearly 2,200 people attended in person. Since the ceremony was broadcast live on television, many more people were able to view it throughout the world. The UN Headquarters holds official commemorations each year. UN offices across the world and other state offices also conduct their own ceremonies.<\/span><\/p>\n<p style=\"text-align: left;\"><span style=\"color: #000080;\">Since 2010, the UN has designated specific themes for the annual commemorations.<sup><a style=\"color: #000080;\" data-footnote=\"1\">1<\/a><\/sup>&nbsp;That year, the central theme revolved around Holocaust survivors and the lessons they pass on to future generations. The 2011 theme focused on the experiences of women. The 2012 theme was \u201c<a style=\"color: #000080;\" href=\"https:\/\/encyclopedia.ushmm.org\/narrative\/2562\/en\"><span style=\"text-decoration: underline;\"><strong>Children<\/strong><\/span><\/a>&nbsp;and the Holocaust\u201d and highlighted the effects of mass violence on children. In 2013, remembrance events centered on individuals and groups who risked their lives \u201cto&nbsp;<a style=\"color: #000080;\" href=\"https:\/\/encyclopedia.ushmm.org\/narrative\/3515\/en\">save<\/a>&nbsp;tens of thousands of Jews,&nbsp;<span style=\"text-decoration: underline;\"><strong><a style=\"color: #000080; text-decoration: underline;\" href=\"https:\/\/encyclopedia.ushmm.org\/narrative\/4500\/en\">Roma and Sinti<\/a><\/strong><\/span>&nbsp;and others from near certain death under the Nazi regime during the&nbsp;<a style=\"color: #000080;\" href=\"https:\/\/encyclopedia.ushmm.org\/narrative\/2388\/en\"><span style=\"text-decoration: underline;\"><strong>Second World War<\/strong><\/span><\/a>&nbsp;in Europe.\u201d<\/span><\/p>\n<p style=\"text-align: left;\"><span style=\"color: #000080;\">The 2014 theme focused on journeys through the Holocaust\u2014from&nbsp;<span style=\"text-decoration: underline;\"><strong><a style=\"color: #000080; text-decoration: underline;\" href=\"https:\/\/encyclopedia.ushmm.org\/narrative\/5041\/en\">deportation<\/a><\/strong><\/span>&nbsp;to&nbsp;<span style=\"text-decoration: underline;\"><strong><a style=\"color: #000080; text-decoration: underline;\" href=\"https:\/\/encyclopedia.ushmm.org\/narrative\/2317\/en\">liberation<\/a><\/strong><\/span>. In 2015, the central idea was how the experiences of the Holocaust shaped the founding of the UN. The 2016 theme explored the UN Charter and the Universal Declaration of Human Rights&#8217; connection to the Holocaust. 2017&#8217;s theme emphasized &#8220;Holocaust education as a platform for building respect for human rights, increasing tolerance and defending our common humanity.&#8221; In 2018, the theme was &#8220;Holocaust Remembrance and Education: Our Shared Responsibility.&#8221;&nbsp;<\/span><\/p>\n<p style=\"text-align: left;\"><span style=\"color: #000080;\">In 2015, 39 countries participated in International Holocaust Remembrance Day commemoration ceremonies. Remembrance activities varied by country. Some hosted lectures and presentations on different topics, while others showed films and documentaries on the Holocaust. Other countries lit candles or read the names of victims of the Nazi regime.<\/span><\/p>\n<p style=\"text-align: left;\"><span style=\"color: #000080;\">In addition to observing International Holocaust Remembrance Day, many of the participating countries have established their own remembrance days that are often connected to events from the Holocaust. For example, Argentina legislated April 19, the day of the&nbsp;<a style=\"color: #000080;\" href=\"https:\/\/encyclopedia.ushmm.org\/narrative\/3636\/en\"><span style=\"text-decoration: underline;\"><strong>Warsaw ghetto uprising<\/strong><\/span><\/a>, as the national Day for Cultural Diversity. Hungary designated April 16 as National Holocaust Remembrance Day, commemorating the establishment of the ghetto in Munk\u00e1cs. In 1979, the United States Congress established Days of Remembrance that usually take place between April and early May to commemorate victims of the Nazi regime. The US Days of Remembrance correspond to Yom Ha-Shoah, Israel&#8217;s annual Holocaust Remembrance Day.<\/span><\/p>\n<p style=\"text-align: center;\"><img decoding=\"async\" width=\"100%\" src=\"https:\/\/encyclopedia.ushmm.org\/asset\/0553b3e4-89d2-41d6-9a03-9a38cdaec169?t=1506425723\"><span style=\"color: #999999;\"><em>Lighting candles in remembrance at the United States Holocaust Memorial Museum, Washington DC, during Days of Remembrance, 2014.<\/em><\/span><br \/>\n<span style=\"color: #999999;\"><em>US Holocaust Memorial Museum<\/em><\/span><\/p>\n<hr style=\"height: 15px; background: #d0e6fa; width: 710px;\">\n<div class=\"content-alignment\" id=\"content\">\n<div class=\"yt-uix-button-panel\" id=\"watch-description\">\n<div id=\"watch-description-text\" style=\"text-align: center;\">\n<p><em>Zawarto\u015b\u0107 publikowanych artyku\u0142\u00f3w i materia\u0142\u00f3w nie reprezentuje pogl\u0105d\u00f3w ani opinii Reunion&#8217;68,<\/em><em><br \/>\nani te\u017c webmastera Blogu Reunion&#8217;68, chyba ze jest to wyra\u017anie zaznaczone.<br \/>\nTwoje uwagi, linki, w\u0142asne artyku\u0142y lub wiadomo\u015bci prze\u015blij na adres:<br \/>\n<\/em><span style=\"color: #000080;\"><strong><em><a style=\"color: #000080;\" href=\"mailto:webmaster@reunion68.com\"><span style=\"text-decoration: underline;\">webmaster@reunion68.com<\/span><\/a><\/em><\/strong><\/span><\/p>\n<\/div>\n<\/div>\n<\/div>\n<hr style=\"width: 710px;\">\n","protected":false},"excerpt":{"rendered":"<p>INTERNATIONAL HOLOCAUST REMEMBRANCE DAY Candles mark the railway tracks leading to the Auschwitz camp Candles mark the railway tracks leading to the Auschwitz camp during the commemoration of the 60th anniversary of the liberation of the camp. Poland, January 27, 2005. Reuters On November 1, 2005, the UN General Assembly adopted resolution 60\/7 to designate [&hellip;]<\/p>\n","protected":false},"author":1,"featured_media":0,"comment_status":"closed","ping_status":"closed","sticky":false,"template":"","format":"standard","meta":[],"categories":[6],"tags":[26,24],"_links":{"self":[{"href":"https:\/\/www.reunion68.se\/index.php?rest_route=\/wp\/v2\/posts\/67012"}],"collection":[{"href":"https:\/\/www.reunion68.se\/index.php?rest_route=\/wp\/v2\/posts"}],"about":[{"href":"https:\/\/www.reunion68.se\/index.php?rest_route=\/wp\/v2\/types\/post"}],"author":[{"embeddable":true,"href":"https:\/\/www.reunion68.se\/index.php?rest_route=\/wp\/v2\/users\/1"}],"replies":[{"embeddable":true,"href":"https:\/\/www.reunion68.se\/index.php?rest_route=%2Fwp%2Fv2%2Fcomments&post=67012"}],"version-history":[{"count":12,"href":"https:\/\/www.reunion68.se\/index.php?rest_route=\/wp\/v2\/posts\/67012\/revisions"}],"predecessor-version":[{"id":67277,"href":"https:\/\/www.reunion68.se\/index.php?rest_route=\/wp\/v2\/posts\/67012\/revisions\/67277"}],"wp:attachment":[{"href":"https:\/\/www.reunion68.se\/index.php?rest_route=%2Fwp%2Fv2%2Fmedia&parent=67012"}],"wp:term":[{"taxonomy":"category","embeddable":true,"href":"https:\/\/www.reunion68.se\/index.php?rest_route=%2Fwp%2Fv2%2Fcategories&post=67012"},{"taxonomy":"post_tag","embeddable":true,"href":"https:\/\/www.reunion68.se\/index.php?rest_route=%2Fwp%2Fv2%2Ftags&post=67012"}],"curies":[{"name":"wp","href":"https:\/\/api.w.org\/{rel}","templated":true}]}}