{"id":6769,"date":"2014-10-06T19:02:30","date_gmt":"2014-10-06T17:02:30","guid":{"rendered":"http:\/\/www.reunion68.se\/?p=6769"},"modified":"2014-10-07T13:04:52","modified_gmt":"2014-10-07T11:04:52","slug":"drugie-pokolenie","status":"publish","type":"post","link":"https:\/\/www.reunion68.se\/?p=6769","title":{"rendered":"Drugie Pokolenie"},"content":{"rendered":"<p><img decoding=\"async\" class=\"center aligncenter\" src=\"http:\/\/www.reunion68.com\/Biuletyn\/img\/drugie-p.png\" alt=\"\" width=\"700\" \/><\/p>\n<h4 style=\"text-align: center;\"><span style=\"color: #000080; text-align: center;\"><strong>Drodzy<\/strong><\/span><\/h4>\n<hr style=\"height: 15px; background: #d0e6fa; width: 710px;\" \/>\n<div style=\"width: 160px\" class=\"wp-caption alignright\"><img decoding=\"async\" src=\"http:\/\/www.reunion68.com\/Biuletyn\/img\/Elzbieta.jpg\" alt=\"\" width=\"150\" \/><p class=\"wp-caption-text\">Drugie Pokolenie <br \/>El\u017cbieta Magenheim<\/p><\/div>\n<p style=\"text-align: left;\"><span style=\"color: #000080;\">&#8230;po d\u0142u\u017cszej przerwie, powoli wracamy z naszym nieregularnikiem&#8230;..<\/span><\/p>\n<p style=\"text-align: left;\"><span style=\"color: #000080;\"><strong>7 pa\u017adziernika wtorek godz. 18.00<\/strong>, Austriackie Forum Kultury ul. Pr\u00f3\u017cna, wyk\u0142ad Belli Szwarcman-Czarnoty &#8220;Kobieta jako g\u0142os&#8221;.<\/span><\/p>\n<p style=\"text-align: left;\"><span style=\"color: #000080;\"><strong>9 pa\u017adziernika czwartek godz. 10.00<\/strong> Centrum Bada\u0144 nad Zag\u0142ad\u0105 \u017byd\u00f3w IFiS PAN, Nowy \u015awiat 72, sala 154 otwarte seminarium naukowe Marty Kurkowskiej-Budzan pt. W Jedwabnem: 1984-2001-2013, prowadzenie Barbara Engelking; wi\u0119cej http:\/\/www.holocaustresearch.pl\/index.php?show=16<\/span><\/p>\n<p style=\"text-align: left;\"><span style=\"color: #000080;\"><strong>9 pa\u017adziernika czwartek godz. 18.00<\/strong>, MHZP, promocja ksi\u0105\u017cki Miko\u0142aja Grynberga &#8220;Oskar\u017cam Auschwitz. Opowie\u015bci rodzinne&#8221;; dwadzie\u015bcia kilka rozm\u00f3w z dzie\u0107mi ocala\u0142ych z Holocaustu, czyli z drugim pokoleniem w Polsce, Izraelu i Stanach Zjednoczonych; spotkanie prowadzi Dariusz Bugalski; wi\u0119cej http:\/\/polin.pl\/pl\/wydarzenie\/promocja-ksiazki-mikolaja-grynberga-oskarzam-auschwitz-opowiesci?d=0<\/span><\/p>\n<p style=\"text-align: left;\"><span style=\"color: #000080;\"><strong>10-12 pa\u017adziernika<\/strong> drugopokoleniowy Sukkot w \u015ar\u00f3dborowie.<\/span><\/p>\n<p style=\"text-align: left;\"><span style=\"color: #000080;\"><strong>12 pa\u017adziernika niedziela godz. 18.00<\/strong>, Dom Kultury \u015ar\u00f3dmie\u015bcie przy ul. Smolnej 9; Kapela Brod\u00f3w Muzikaim &#8211; koncert muzyki \u017cydowskiej z Polski; zaproszenia tel. 22 826 25 86 lub 56 (prosi\u0107 o po\u0142\u0105czenie z kawiarenk\u0105), biuro@dks.art.pl<\/span><\/p>\n<p style=\"text-align: left;\"><span style=\"color: #000080;\">Mini-cykl o \u017cydowskiej genealogii, JCC Warszawa Chmielna 9A:<\/span><br \/>\n<span style=\"color: #000080;\"><strong> 22 pa\u017adziernika \u015broda godz. 19.00<\/strong>; wyk\u0142ad Juliana Bussganga zatytu\u0142owany Poszukiwanie swoich przodk\u00f3w w polskich bazach archiwalnych (Finding Your Ancestors in Polish Records). Julian Bussgang wraz z \u017con\u0105 Fay maj\u0105 ponad dwudziestoletnie do\u015bwiadczenie w badaniach genealogicznych obejmuj\u0105cych ziemie polskie, z kt\u00f3rego wnioskami chc\u0105 podzieli\u0107 si\u0119 tym razem z osobami zainteresowanymi odkrywaniem w\u0142asnych korzeni. Wyk\u0142ad w j\u0119zyku polskim.<\/span><\/p>\n<p style=\"text-align: left;\"><span style=\"color: #000080;\"><strong>29 pa\u017adziernika \u015broda godz. 18.00<\/strong> prezentacja Pameli Weisberger i Marka Halperna na temat bada\u0144 genealogicznych na terenach Polski i Galicji, po kt\u00f3rej osoby zainteresowane b\u0119d\u0105 mia\u0142y okazj\u0119 do konsultacji i skorzystania z pomocy prowadz\u0105cych we w\u0142asnych genealogicznych poszukiwaniach. Prezentacja w j\u0119zyku angielskim.<\/span><\/p>\n<p style=\"text-align: left;\"><span style=\"color: #000080;\"><strong>30 pa\u017adziernika godz. 18.00 czwartek<\/strong>, \u017bIH, wernisa\u017c wystawy \u201eOCALA\u0141E. Kolekcja \u017bIH\u201d, kt\u00f3ra uka\u017ce fenomen polsko-\u017cydowskiej kultury i sztuki od ko\u0144ca XIX do po\u0142owy XX wieku. Zaprezentowane zostan\u0105 dzie\u0142a blisko pi\u0119\u0107dziesi\u0119ciu artyst\u00f3w; wi\u0119cej http:\/\/www.jhi.pl\/blog\/2014-09-22-zapraszamy-na-wernisaz-wystawy-ocalale-kolekcja-malarstwa-rysunku-rzezby-ze-zbiorow-zydowskiego-instytutu-historycznego<\/span><\/p>\n<p style=\"text-align: left;\"><span style=\"color: #000080;\">Otrzymali\u015bmy mail z Muzeum Historii \u017byd\u00f3w Polskich POLIN:<br \/>\n<\/span><br \/>\n<span style=\"color: #000080;\">&#8211; Wielkie otwarcie wystawy sta\u0142ej WIELKIE OTWARCIE WYSTAWY STA\u0141EJ \u201e1000 LAT HISTORII \u017bYD\u00d3W POLSKICH\u201d<\/span><br \/>\n<span style=\"color: #000080;\"> Na t\u0119 chwil\u0119 czekali\u015bmy przez wiele lat:<br \/>\n<strong>28 pa\u017adziernika<\/strong> otwieramy wystaw\u0119 sta\u0142\u0105 prezentuj\u0105ca 1000 lat historii \u017byd\u00f3w polskich. Z tej okazji zapraszamy na oficjalne uroczysto\u015bci, wyj\u0105tkowe widowisko oraz na premierowe zwiedzanie. Natomiast<br \/>\n<strong>29 i 30 pa\u017adziernika<\/strong> w Muzeum POLIN odb\u0119d\u0105 si\u0119 dni otwarte: wystawy b\u0119d\u0105 czynne od rana do nocy, a w ca\u0142ym muzeum odb\u0119dzie si\u0119 szereg wydarze\u0144 towarzysz\u0105cych.<\/span><\/p>\n<p style=\"text-align: left;\"><span style=\"color: #000080;\"> W programie mi\u0119dzy innymi koncerty \u015bwiatowej s\u0142awy muzyk\u00f3w: Davida Krakauera i Tomasza Sta\u0144ki, nocne zwiedzanie wystawy sta\u0142ej, wyk\u0142ad Antony&#8217;ego Polonky&#8217;ego, gra muzealna z nagrodami, projekcje film\u00f3w i spotkania z tw\u00f3rcami wystawy sta\u0142ej muzeum POLIN.<\/span><br \/>\n<span style=\"color: #000080;\"> Szczeg\u00f3\u0142owy program wielkiego otwarcia i rezerwacja bilet\u00f3w online:<span style=\"text-decoration: underline;\"><strong> <a href=\"http:\/\/polin.pl\/pl\/wielkieotwarcie\" target=\"_blank\">http:\/\/polin.pl\/pl\/wielkieotwarcie<\/a><\/strong><\/span><\/span><\/p>\n<p style=\"text-align: right;\"><span style=\"color: #000080;\">ciep\u0142o pozdrawiam<\/span><br \/>\n<strong><span style=\"color: #000080;\"> Ela<\/span><\/strong><\/p>\n<hr style=\"height: 15px; background: #d0e6fa; width: 710px;\" \/>\n<div id=\"content\" class=\"  content-alignment&lt;br \/&gt;&lt;br \/&gt; \">\n<div id=\"watch-description\" class=\"yt-uix-button-panel\">\n<div id=\"watch-description-text\">\n<p style=\"text-align: center;\"><span style=\"color: #808080;\"> twoje uwagi, linki, wlasne artykuly, lub wiadomosci przeslij do: <strong><span style=\"text-decoration: underline;\"><span style=\"color: #808080; text-decoration: underline;\"><a href=\"mailto:webmaster@reunion68.com\">webmaster@reunion68.com<\/a><\/span><\/span><\/strong><\/span><\/p>\n<\/div>\n<\/div>\n<\/div>\n<p>&nbsp;<\/p>\n<hr style=\"width: 710px;\" \/>\n","protected":false},"excerpt":{"rendered":"<p>Drodzy &#8230;po d\u0142u\u017cszej przerwie, powoli wracamy z naszym nieregularnikiem&#8230;.. 7 pa\u017adziernika wtorek godz. 18.00, Austriackie Forum Kultury ul. Pr\u00f3\u017cna, wyk\u0142ad Belli Szwarcman-Czarnoty &#8220;Kobieta jako g\u0142os&#8221;. 9 pa\u017adziernika czwartek godz. 10.00 Centrum Bada\u0144 nad Zag\u0142ad\u0105 \u017byd\u00f3w IFiS PAN, Nowy \u015awiat 72, sala 154 otwarte seminarium naukowe Marty Kurkowskiej-Budzan pt. W Jedwabnem: 1984-2001-2013, prowadzenie Barbara Engelking; wi\u0119cej [&hellip;]<\/p>\n","protected":false},"author":1,"featured_media":0,"comment_status":"closed","ping_status":"closed","sticky":false,"template":"","format":"standard","meta":[],"categories":[4],"tags":[24],"_links":{"self":[{"href":"https:\/\/www.reunion68.se\/index.php?rest_route=\/wp\/v2\/posts\/6769"}],"collection":[{"href":"https:\/\/www.reunion68.se\/index.php?rest_route=\/wp\/v2\/posts"}],"about":[{"href":"https:\/\/www.reunion68.se\/index.php?rest_route=\/wp\/v2\/types\/post"}],"author":[{"embeddable":true,"href":"https:\/\/www.reunion68.se\/index.php?rest_route=\/wp\/v2\/users\/1"}],"replies":[{"embeddable":true,"href":"https:\/\/www.reunion68.se\/index.php?rest_route=%2Fwp%2Fv2%2Fcomments&post=6769"}],"version-history":[{"count":5,"href":"https:\/\/www.reunion68.se\/index.php?rest_route=\/wp\/v2\/posts\/6769\/revisions"}],"predecessor-version":[{"id":6774,"href":"https:\/\/www.reunion68.se\/index.php?rest_route=\/wp\/v2\/posts\/6769\/revisions\/6774"}],"wp:attachment":[{"href":"https:\/\/www.reunion68.se\/index.php?rest_route=%2Fwp%2Fv2%2Fmedia&parent=6769"}],"wp:term":[{"taxonomy":"category","embeddable":true,"href":"https:\/\/www.reunion68.se\/index.php?rest_route=%2Fwp%2Fv2%2Fcategories&post=6769"},{"taxonomy":"post_tag","embeddable":true,"href":"https:\/\/www.reunion68.se\/index.php?rest_route=%2Fwp%2Fv2%2Ftags&post=6769"}],"curies":[{"name":"wp","href":"https:\/\/api.w.org\/{rel}","templated":true}]}}