{"id":6776,"date":"2014-10-07T19:00:55","date_gmt":"2014-10-07T17:00:55","guid":{"rendered":"http:\/\/www.reunion68.se\/?p=6776"},"modified":"2014-10-07T12:43:53","modified_gmt":"2014-10-07T10:43:53","slug":"tajna-armia-bylych-nazistow","status":"publish","type":"post","link":"https:\/\/www.reunion68.se\/?p=6776","title":{"rendered":"Tajna armia by\u0142ych nazist\u00f3w"},"content":{"rendered":"<h4 style=\"text-align: center;\"><a href=\"http:\/\/www.wprost.pl\/\" target=\"_blank\"><img decoding=\"async\" class=\"center alignleft\" src=\"http:\/\/www.reunion68.com\/Biuletyn\/img\/wprost.png\" alt=\"\" \/><\/a><span style=\"text-decoration: underline; color: #000080;\"><span style=\"text-decoration: underline;\"><strong><a style=\"color: #000080; text-decoration: underline;\" href=\"http:\/\/www.wprost.pl\/ar\/473034\/Tajna-armia-bylych-nazistow\/\" target=\"_blank\">Tajna armia by\u0142ych nazist\u00f3w<\/a><\/strong><\/span><\/span><\/h4>\n<p style=\"text-align: center;\"><strong><span style=\"color: #808080;\">Kamil Nadolski<\/span><\/strong><\/p>\n<hr style=\"height: 15px; background: #d0e6fa; width: 710px;\" \/>\n<div style=\"width: 360px\" class=\"wp-caption alignright\"><a href=\"http:\/\/www.wprost.pl\/G\/cache\/d\/6\/6\/d66eb16ba7f74e70747c89a69a931cf04db3b4d3.jpg\"><img decoding=\"async\" src=\"http:\/\/www.wprost.pl\/G\/cache\/d\/6\/6\/d66eb16ba7f74e70747c89a69a931cf04db3b4d3.jpg\" alt=\"Rok 1942. Pierwszy z lewej Adolf Heusinger, po wojnie w RFN czo\u0142owy oficer Bundeswehry\" width=\"350\" \/><\/a><p class=\"wp-caption-text\">Rok 1942. Pierwszy z lewej Adolf Heusinger, po wojnie w RFN czo\u0142owy oficer Bundeswehry<\/p><\/div>\n<p style=\"text-align: left;\"><span style=\"color: #808080;\"><strong>Nazi\u015bci tworzyli podwaliny najwa\u017cniejszych instytucji RFN. 70 lat po wojnie historycy co rusz wyci\u0105gaj\u0105 z archiw\u00f3w kolejne rewelacje. Najnowsza jest szokuj\u0105ca.<\/strong><\/span><\/p>\n<p style=\"text-align: left;\"><span style=\"color: #000080;\">Ubezpieczenia \u2013 teczk\u0119 opatrzon\u0105 takim podpisem znalaz\u0142 niedawno cz\u0142onek Niezale\u017cnej Komisji Historyk\u00f3w, kt\u00f3ra na zlecenie Federalnej S\u0142u\u017cby Wywiadowczej (BND) porz\u0105dkuje tamtejsze archiwa. Nie przypuszcza\u0142, \u017ce zamiast listy polis znajdzie w teczce dokumenty, kt\u00f3re wstrz\u0105sn\u0105 opini\u0105 publiczn\u0105. Po\u017c\u00f3\u0142k\u0142y 321-stronicowy raport, kt\u00f3ry przele\u017ca\u0142 w piwnicy ponad 60 lat, m\u00f3wi o przymierzu 2 tys. by\u0142ych oficer\u00f3w Wehrmachtu i Waffen SS, kt\u00f3rzy po drugiej wojnie \u015bwiatowej utworzyli tajn\u0105 armi\u0119. Docelowo mia\u0142a ona liczy\u0107 nawet 40 tys. \u017co\u0142nierzy, a jej zadaniem by\u0142o stawienie czo\u0142a Sowietom, je\u015bli ci zdecydowaliby si\u0119 zaatakowa\u0107 Niemcy Zachodnie. Jednostka zosta\u0142a sformowana w 1949 r. bez wiedzy i zgody niemieckiego rz\u0105du, parlamentu czy okupacyjnych si\u0142 alianckich. \u2013 Fakt, \u017ce ju\u017c na pocz\u0105tku lat 50. Niemcy Zachodnie dysponowa\u0142y organizacj\u0105 obronn\u0105, to zupe\u0142nie nowa wiedza \u2013 m\u00f3wi \u201eWprost\u201d dr Agilolf Ke\u00dfelring, cz\u0142owiek, kt\u00f3ry odkry\u0142 teczk\u0119 z \u201eUbezpieczeniami\u201d.<\/span><\/p>\n<p style=\"text-align: left;\"><span style=\"color: #000080;\">\u2013 Pocz\u0105tki Bundeswehry to przecie\u017c rok 1955. Okazuje si\u0119, \u017ce wojsko nie znosi pr\u00f3\u017cni. Dokumenty budz\u0105 niepok\u00f3j. Wynika z nich, \u017ce niemiecki kanclerz Konrad Adenauer nie mia\u0142 wiedzy o istnieniu paramilitarnego ugrupowania a\u017c do roku 1951. Kiedy si\u0119 o nim dowiedzia\u0142, nie zrobi\u0142 jednak nic, by je rozwi\u0105za\u0107. Raport obna\u017ca s\u0142abe punkty demokratycznych standard\u00f3w Republiki Federalnej Niemiec. Albert Schnez, g\u0142\u00f3wny inspirator tajnego porozumienia,zosta\u0142 p\u00f3\u017aniej dow\u00f3dc\u0105 wojsk l\u0105dowych RFN. Popierali go m.in. Hans Speidel, p\u00f3\u017aniejszy dow\u00f3dca si\u0142 NATO w Europie \u015arodkowej, i Adolf Heusinger, pierwszy inspektor generalny Bundeswehry. Odkrycie po raz kolejny pokazuje, jak nazistowska przesz\u0142o\u015b\u0107 dogania wsp\u00f3\u0142czesne Niemcy.<\/span><\/p>\n<p style=\"text-align: left;\"><span style=\"color: #000080;\">GESTAPO BOYS<\/span><\/p>\n<p style=\"text-align: left;\"><span style=\"color: #000080;\">By\u0142 23 marca 1944 r., kiedy w\u0142oscy partyzanci zabili w okolicy Rzymu 33 niemieckich \u017co\u0142nierzy. Odwet by\u0142 bezwzgl\u0119dny. Aresztowano 335 os\u00f3b, w wi\u0119kszo\u015bci przypadkowych przechodni\u00f3w, kt\u00f3rych ci\u0119\u017car\u00f3wkami zawieziono do Jaski\u0144 Ardeaty\u0144skich. Prowadzono ich w ma\u0142ych grupkach i strzelano bez ostrze\u017cenia w plecy. Po masakrze zawalono wej\u015bcie za pomoc\u0105 \u0142adunk\u00f3w wybuchowych. Zbrodni\u0119 t\u0119 uznano za jedn\u0105 z najwi\u0119kszych masakr na ziemiach w\u0142oskich w okresie drugiej wojny \u015bwiatowej. W\u015br\u00f3d Niemc\u00f3w, kt\u00f3rzy bezpo\u015brednio strzelali do cywil\u00f3w, by\u0142 niejaki Johannes Clemens, Hauptsturm\u00adf\u00fchrer SS, kt\u00f3rego wszyscy nazywali \u201etygrysem z Como\u201d. Po wojnie nie tylko unikn\u0105\u0142 kary, ale znalaz\u0142 zatrudnienie w zachodnioniemieckim wywiadzie. Podobnie jak Georg Wilimzig, kt\u00f3ry wraz z 300-osobowym szwadronem IV\/2 wymordowa\u0142 w latach 1939-1945 w okupowanej Polsce tysi\u0105ce m\u0119\u017cczyzn, kobiet i dzieci.<\/span><\/p>\n<p style=\"text-align: right;\"><span style=\"color: #000080;\">Czytaj dalej tu:\u00a0<span style=\"text-decoration: underline;\"><strong><a style=\"color: #000080; text-decoration: underline;\" href=\"http:\/\/www.wprost.pl\/ar\/473034\/Tajna-armia-bylych-nazistow\/\" target=\"_blank\">Tajna armia&#8230;.<\/a><\/strong><\/span><\/span><\/p>\n<hr style=\"height: 15px; background: #d0e6fa; width: 710px;\" \/>\n<div id=\"content\" class=\"  content-alignment&lt;br \/&gt;&lt;br \/&gt; \">\n<div id=\"watch-description\" class=\"yt-uix-button-panel\">\n<div id=\"watch-description-text\">\n<p style=\"text-align: center;\"><span style=\"color: #808080;\"> twoje uwagi, linki, wlasne artykuly, lub wiadomosci przeslij do: <strong><span style=\"text-decoration: underline;\"><span style=\"color: #808080; text-decoration: underline;\"><a href=\"mailto:webmaster@reunion68.com\">webmaster@reunion68.com<\/a><\/span><\/span><\/strong><\/span><\/p>\n<\/div>\n<\/div>\n<\/div>\n<p>&nbsp;<\/p>\n<hr style=\"width: 700px;\" \/>\n","protected":false},"excerpt":{"rendered":"<p>Tajna armia by\u0142ych nazist\u00f3w Kamil Nadolski Nazi\u015bci tworzyli podwaliny najwa\u017cniejszych instytucji RFN. 70 lat po wojnie historycy co rusz wyci\u0105gaj\u0105 z archiw\u00f3w kolejne rewelacje. Najnowsza jest szokuj\u0105ca. Ubezpieczenia \u2013 teczk\u0119 opatrzon\u0105 takim podpisem znalaz\u0142 niedawno cz\u0142onek Niezale\u017cnej Komisji Historyk\u00f3w, kt\u00f3ra na zlecenie Federalnej S\u0142u\u017cby Wywiadowczej (BND) porz\u0105dkuje tamtejsze archiwa. Nie przypuszcza\u0142, \u017ce zamiast listy polis [&hellip;]<\/p>\n","protected":false},"author":1,"featured_media":0,"comment_status":"closed","ping_status":"closed","sticky":false,"template":"","format":"standard","meta":[],"categories":[6],"tags":[24],"_links":{"self":[{"href":"https:\/\/www.reunion68.se\/index.php?rest_route=\/wp\/v2\/posts\/6776"}],"collection":[{"href":"https:\/\/www.reunion68.se\/index.php?rest_route=\/wp\/v2\/posts"}],"about":[{"href":"https:\/\/www.reunion68.se\/index.php?rest_route=\/wp\/v2\/types\/post"}],"author":[{"embeddable":true,"href":"https:\/\/www.reunion68.se\/index.php?rest_route=\/wp\/v2\/users\/1"}],"replies":[{"embeddable":true,"href":"https:\/\/www.reunion68.se\/index.php?rest_route=%2Fwp%2Fv2%2Fcomments&post=6776"}],"version-history":[{"count":16,"href":"https:\/\/www.reunion68.se\/index.php?rest_route=\/wp\/v2\/posts\/6776\/revisions"}],"predecessor-version":[{"id":6792,"href":"https:\/\/www.reunion68.se\/index.php?rest_route=\/wp\/v2\/posts\/6776\/revisions\/6792"}],"wp:attachment":[{"href":"https:\/\/www.reunion68.se\/index.php?rest_route=%2Fwp%2Fv2%2Fmedia&parent=6776"}],"wp:term":[{"taxonomy":"category","embeddable":true,"href":"https:\/\/www.reunion68.se\/index.php?rest_route=%2Fwp%2Fv2%2Fcategories&post=6776"},{"taxonomy":"post_tag","embeddable":true,"href":"https:\/\/www.reunion68.se\/index.php?rest_route=%2Fwp%2Fv2%2Ftags&post=6776"}],"curies":[{"name":"wp","href":"https:\/\/api.w.org\/{rel}","templated":true}]}}