{"id":6818,"date":"2014-10-08T07:24:20","date_gmt":"2014-10-08T05:24:20","guid":{"rendered":"http:\/\/www.reunion68.se\/?p=6818"},"modified":"2014-10-08T07:31:16","modified_gmt":"2014-10-08T05:31:16","slug":"kolejne-zawiadomienie-drugie-pokolenie","status":"publish","type":"post","link":"https:\/\/www.reunion68.se\/?p=6818","title":{"rendered":"Kolejne Zawiadomienie [Drugie Pokolenie]"},"content":{"rendered":"<p><img decoding=\"async\" class=\"center aligncenter\" src=\"http:\/\/www.reunion68.com\/Biuletyn\/img\/drugie-p.png\" alt=\"\" width=\"700\" \/><\/p>\n<h4 style=\"text-align: center;\"><span style=\"color: #000080; text-align: center;\"><strong>Drodzy<\/strong><\/span><\/h4>\n<hr style=\"height: 15px; background: #d0e6fa; width: 710px;\" \/>\n<div style=\"width: 160px\" class=\"wp-caption alignright\"><img decoding=\"async\" src=\"http:\/\/www.reunion68.com\/Biuletyn\/img\/Elzbieta.jpg\" alt=\"\" width=\"150\" \/><p class=\"wp-caption-text\">Drugie Pokolenie <br \/>El\u017cbieta Magenheim<\/p><\/div>\n<p style=\"text-align: left;\"><span style=\"color: #000080;\"><strong>9 pa\u017adziernika czwartek godz. 10.00<\/strong> w <strong>Centrum Bada\u0144 nad Zag\u0142ad\u0105 \u017byd\u00f3w IFiS PAN, Nowy \u015awiat 72, sala 154<\/strong> otwarte seminarium naukowe (zmiana) Prezentacja najnowszego, XV. tomu edycji Archiwum Ringelbluma. Wrzesie\u0144 1939. Listy kaliskie. Listy p\u0142ockie; prowadzenie Barbara Engelkin; wi\u0119cej http:\/\/www.holocaustresearch.pl\/index.php?show=16<\/span><\/p>\n<p style=\"text-align: center;\"><strong><span style=\"color: #000080;\">Z MH\u017bP otrzymali\u015bmy poni\u017csz\u0105 pro\u015bb\u0119<\/span><\/strong><\/p>\n<p style=\"text-align: left;\"><span style=\"color: #000080;\">Szukamy wsparcia w promowaniu naszych aktualnych poszukiwa\u0144 os\u00f3b ch\u0119tnych do sportretowania przez artystk\u0119, kt\u00f3ra przyje\u017cd\u017ca do Muzeum POLIN w przysz\u0142ym tygodniu z Buenos Aires. By\u0107 mo\u017ce znaj\u0105 Pa\u0144stwo osoby, kt\u00f3re by\u0142yby zainteresowane udzia\u0142em w projekcie. Pozwol\u0119 sobie przybli\u017cy\u0107 jego charakter w tym ma<\/span><\/p>\n<p style=\"text-align: left;\"><span style=\"color: #000080;\">Od 17 pa\u017adziernika do 6 listopada br. w ramach programu rezydencji artystycznych go\u015bci\u0107 b\u0119dziemy Jasmine Bakalarz, argenty\u0144sko-kanadyjsk\u0105 fotografk\u0119. Podczas 21-dniowego pobytu w Warszawie Bakalarz stworzy seri\u0119 portret\u00f3w wsp\u00f3\u0142czesnych polskich \u017byd\u00f3w. Artystka wychodzi z za\u0142o\u017cenia, \u017ce ka\u017cda generacja reprezentuje inny aspekt historii, za\u015b indywidualne osoby s\u0105 jego \u017cywym \u015bladem. Fotografie ukaza\u0142yby, z czym identyfikuj\u0105 si\u0119 dzi\u015b wsp\u00f3\u0142cze\u015bni warszawscy \u017bydzi, a tak\u017ce jak zr\u00f3\u017cnicowan\u0105 spo\u0142eczno\u015b\u0107 stanowi\u0105. Portrety wykonywane by\u0142yby w miejscach pracy i zamieszkania, jak i w innych wa\u017cnych z r\u00f3\u017cnych osobistych wzgl\u0119d\u00f3w punktach na mapie miasta. Powsta\u0142e zdj\u0119cia prezentowane b\u0119d\u0105 w formie oprawionych zdj\u0119\u0107 w Muzeum POLIN, ale tak\u017ce w przestrzeni publicznej, na specjalnie w tym celu wynaj\u0119tych bilbordach w dzielnicy Muran\u00f3w.<\/span><br \/>\n<span style=\"color: #000080;\"> Zar\u00f3wno pojedyncze osoby, jak i ca\u0142e rodziny s\u0105 mile widziane.<\/span><br \/>\n<span style=\"color: #000080;\"> http:\/\/polin.pl\/pl\/aktualnosci\/2014\/09\/30\/jasminegrafika@asp.waw.pl-bakalarz-piata-rezydencja-artystyczna-w-muzeum<\/span><\/p>\n<p style=\"text-align: left;\"><span style=\"color: #000080;\">Z wyrazami szacunku i serdecznymi pozdrowieniami,<\/span><br \/>\n<span style=\"color: #000080;\"> Agnieszka Pindera \u2013 koordynatorka programu rezydencji artystycznych<\/span><\/p>\n<p style=\"text-align: left;\"><span style=\"color: #000080;\">WI\u0118CEJ INFORMACJI:<\/span><br \/>\n<span style=\"color: #000080;\"> Jasmine Bakalarz zajmuje si\u0119 g\u0142\u00f3wnie portretem. Jest autork\u0105 cykli zdj\u0119\u0107 dokumentuj\u0105cych \u017cycie dzieci w r\u00f3\u017cnych \u015brodowiskach spo\u0142ecznych, m.in. w rodzinach ortodoksyjnych, favelach Rio de Janeiro, a tak\u017ce dziewczynek startuj\u0105cych w konkursach pi\u0119kno\u015bci, czy m\u0142odych cz\u0142onki\u0144 elitarnych klub\u00f3w. Interesuj\u0105 j\u0105 zagadnienia budz\u0105cej si\u0119 \u015bwiadomo\u015bci w\u0142asnych potrzeb, to\u017csamo\u015bci, stratyfikacji spo\u0142ecze\u0144stwa i imigracji . Na co dzie\u0144 pracuje w Centro Cultural de la Memoria Haroldo Conti w Buenos Aires, usytuowanym w dawnej siedzibie ESMA \u2013 Szko\u0142y Mechaniki Marynarki Wojennej, gdzie junta zorganizowa\u0142a ob\u00f3z dla podejrzanych o dzia\u0142alno\u015b\u0107 opozycyjn\u0105. Dzi\u015b miejsce to po\u015bwi\u0119cone jest pami\u0119ci i edukacji. Bakalarz pracuje w dziale fotografii, zajmuj\u0105c si\u0119 opracowaniem archiwum, przygotowywaniem wystaw i prowadzeniem warsztat\u00f3w.<\/span><\/p>\n<p style=\"text-align: left;\"><span style=\"color: #000080;\">Projekt Bakalarz realizowany w Warszawie podsumuje spotkanie z artystk\u0105, jakie odb\u0119dzie si\u0119 w Muzeum POLIN dnia 3 listopada, godz. 18:00, w kt\u00f3rym uczestniczy\u0107 b\u0119d\u0105 tak\u017ce: dr Iwona Kurz , Zast\u0119pca Dyrektora Instytutu Kultury Polskiej Uniwersytetu Warszawskiego, a tak\u017ce Jens Hoffmann, Dyrektor ds. Programowych Muzeum \u017bydowskiego w Nowym Jorku i Tamara Sztyma, kuratorka Muzeum POLIN.<\/span><\/p>\n<p style=\"text-align: left;\"><span style=\"color: #000080;\">Je\u015bli maj\u0105 Pa\u0144stwo jakie\u015b pytania prosimy o kontakt: rezydencje@polin.pl Wi\u0119cej informacji na temat tej i innych muzealnych rezydencji mo\u017cna odnale\u017a\u0107 na naszej stronie: www.polin.pl\/rezydencje<\/span><\/p>\n<hr style=\"height: 15px; background: #d0e6fa; width: 710px;\" \/>\n<p style=\"text-align: right;\"><strong><span style=\"color: #000080;\">Agnieszka Pindera<\/span><\/strong><br \/>\n<span style=\"color: #000080;\"> Specjalistka ds. Edukacji<\/span><br \/>\n<span style=\"color: #000080;\"> Specialist, Education Department<\/span><br \/>\n<span style=\"color: #000080;\"> POLIN Museum of the History of Polish Jews<\/span><br \/>\n<span style=\"color: #000080;\"> ul. Mordechaja Anielewicza 6, 00-157 Warszawa<\/span><br \/>\n<span style=\"color: #000080;\"> f. +22 47 10 398<\/span><br \/>\n<span style=\"text-decoration: underline;\"><strong><span style=\"color: #000080;\"> <a href=\"mailto:apindera@polin.pl\">apindera@polin.pl<\/a><\/span><\/strong><\/span><br \/>\n<span style=\"text-decoration: underline;\"><strong><span style=\"color: #000080;\"> <a href=\"mailto:www.polin.pl\">www.polin.pl<\/a><\/span><\/strong><\/span><\/p>\n<hr style=\"height: 15px; background: #d0e6fa; width: 710px;\" \/>\n<object class=\"vanilla-pdf-embed\" data=\"http:\/\/www.reunion68.com\/Biuletyn\/Jasmine.pdf?attachment_id=1#page=1&view=FitH\" type=\"application\/pdf\" width=\"700px\" height=\"950em\">\n    <p><a href=\"http:\/\/www.reunion68.com\/Biuletyn\/Jasmine.pdf?attachment_id=1\">Download the PDF file .<\/a><\/p>\n<\/object>\n<hr style=\"height: 15px; background: #d0e6fa; width: 710px;\" \/>\n<div id=\"content\" class=\"  content-alignment&lt;br \/&gt;&lt;br \/&gt; \">\n<div id=\"watch-description\" class=\"yt-uix-button-panel\">\n<div id=\"watch-description-text\">\n<p style=\"text-align: center;\"><span style=\"color: #808080;\"> twoje uwagi, linki, wlasne artykuly, lub wiadomosci przeslij do: <strong><span style=\"text-decoration: underline;\"><span style=\"color: #808080; text-decoration: underline;\"><a href=\"mailto:webmaster@reunion68.com\">webmaster@reunion68.com<\/a><\/span><\/span><\/strong><\/span><\/p>\n<\/div>\n<\/div>\n<\/div>\n<p>&nbsp;<\/p>\n<hr style=\"width: 710px;\" \/>\n","protected":false},"excerpt":{"rendered":"<p>Drodzy 9 pa\u017adziernika czwartek godz. 10.00 w Centrum Bada\u0144 nad Zag\u0142ad\u0105 \u017byd\u00f3w IFiS PAN, Nowy \u015awiat 72, sala 154 otwarte seminarium naukowe (zmiana) Prezentacja najnowszego, XV. tomu edycji Archiwum Ringelbluma. Wrzesie\u0144 1939. Listy kaliskie. Listy p\u0142ockie; prowadzenie Barbara Engelkin; wi\u0119cej http:\/\/www.holocaustresearch.pl\/index.php?show=16 Z MH\u017bP otrzymali\u015bmy poni\u017csz\u0105 pro\u015bb\u0119 Szukamy wsparcia w promowaniu naszych aktualnych poszukiwa\u0144 os\u00f3b ch\u0119tnych [&hellip;]<\/p>\n","protected":false},"author":1,"featured_media":0,"comment_status":"closed","ping_status":"closed","sticky":false,"template":"","format":"standard","meta":[],"categories":[4],"tags":[24],"_links":{"self":[{"href":"https:\/\/www.reunion68.se\/index.php?rest_route=\/wp\/v2\/posts\/6818"}],"collection":[{"href":"https:\/\/www.reunion68.se\/index.php?rest_route=\/wp\/v2\/posts"}],"about":[{"href":"https:\/\/www.reunion68.se\/index.php?rest_route=\/wp\/v2\/types\/post"}],"author":[{"embeddable":true,"href":"https:\/\/www.reunion68.se\/index.php?rest_route=\/wp\/v2\/users\/1"}],"replies":[{"embeddable":true,"href":"https:\/\/www.reunion68.se\/index.php?rest_route=%2Fwp%2Fv2%2Fcomments&post=6818"}],"version-history":[{"count":12,"href":"https:\/\/www.reunion68.se\/index.php?rest_route=\/wp\/v2\/posts\/6818\/revisions"}],"predecessor-version":[{"id":6831,"href":"https:\/\/www.reunion68.se\/index.php?rest_route=\/wp\/v2\/posts\/6818\/revisions\/6831"}],"wp:attachment":[{"href":"https:\/\/www.reunion68.se\/index.php?rest_route=%2Fwp%2Fv2%2Fmedia&parent=6818"}],"wp:term":[{"taxonomy":"category","embeddable":true,"href":"https:\/\/www.reunion68.se\/index.php?rest_route=%2Fwp%2Fv2%2Fcategories&post=6818"},{"taxonomy":"post_tag","embeddable":true,"href":"https:\/\/www.reunion68.se\/index.php?rest_route=%2Fwp%2Fv2%2Ftags&post=6818"}],"curies":[{"name":"wp","href":"https:\/\/api.w.org\/{rel}","templated":true}]}}