{"id":6847,"date":"2014-10-08T08:52:11","date_gmt":"2014-10-08T06:52:11","guid":{"rendered":"http:\/\/www.reunion68.se\/?p=6847"},"modified":"2014-10-08T08:56:32","modified_gmt":"2014-10-08T06:56:32","slug":"wieloletni-aktywisci-palestynscy-czlonkami-nowego-rzadu-szwedzkiego","status":"publish","type":"post","link":"https:\/\/www.reunion68.se\/?p=6847","title":{"rendered":"Wieloletni aktywisci palestynscy czlonkami nowego rzadu szwedzkiego."},"content":{"rendered":"<h4 style=\"text-align: center;\"><span style=\"text-decoration: underline; color: #000080;\"><span style=\"text-decoration: underline;\"><strong><a href=\"http:\/\/www.gazeta.pl\/\" target=\"_blank\"><img decoding=\"async\" class=\"center alignleft\" src=\"http:\/\/www.reunion68.com\/Biuletyn\/img\/times.png\" alt=\"\" width=\"200\" \/><\/a><span style=\"color: #000080; text-decoration: underline;\"><a style=\"color: #000080; text-decoration: underline;\" href=\"http:\/\/www.timesofisrael.com\/swedish-ministers-have-history-of-pro-palestinian-activism\/\">Swedish ministers have history of pro-Palestinian activism<\/a><\/span><\/strong><\/span><\/span><\/h4>\n<h4 style=\"text-align: center;\"><span style=\"color: #000080;\">Wieloletni aktywisci palestynscy czlonkami\u00a0nowego rzadu szwedzkiego.<\/span><\/h4>\n<hr style=\"height: 15px; background: #d0e6fa; width: 710px;\" \/>\n<div style=\"width: 360px\" class=\"wp-caption alignright\"><img decoding=\"async\" src=\"http:\/\/cdn.timesofisrael.com\/uploads\/2014\/10\/mehmet-kaplan-e1412603823685.jpg\" alt=\"Swedish MP Mehmet Kaplan (photo credit: Youtube screenshot)\" width=\"350\" \/><p class=\"wp-caption-text\">Swedish MP Mehmet Kaplan (photo credit: Youtube screenshot)<\/p><\/div>\n<p><span style=\"color: #808080;\"><strong>W artykule zapomniano o pani Romson, obecny i minister i v-ce premier. Czesty mowca na propalestynskich wiecach i demonstracjach.<\/strong><\/span><\/p>\n<p style=\"text-align: left;\"><span style=\"color: #000080;\">Min spraw wewnetrznych, <a href=\"http:\/\/sv.wikipedia.org\/wiki\/Anders_Ygeman\">Anders Ygeman<\/a>. odpowiedzialny m in za policje i sluzby bezpieczenstwa, podpisal w 2012 r rezolucje w parlamencie,nawolujaca do uznania Izraela oraz do dialogu z Hamasem.Rezolucje ta podpisalo 5 socjaldemokratycznych poslow, znanych ze swojej jednostronnej propalestynskiej postawy.<\/span><br \/>\n<span style=\"color: #000080;\"> Rzad przeprowadzil blyskawicznie zmiany w pracy min spraw wewnetrznych, ale ich znaczenie jest trudne do odcyfrowaania w chwili obecnej.<br \/>\n(patrz zalacznik 2)<\/span><\/p>\n<p style=\"text-align: left;\"><span style=\"color: #000080;\">Min do spraw cywilnych <a href=\"http:\/\/sv.wikipedia.org\/wiki\/Ardalan_Shekarabi\">Ardalan Shekarabi<\/a>\u00a0jest byl iranskim uciekinierem z Iranu, ktory wraz z matka szukal tu azylu w 1989r,dziwnym szczegolem jego zyciorysu jest fakt,iz urodzony byl w Manchester,United Kingdom ,potem przeniosl sie do Iranu. Z tego powodu nie dostal tu azylu z matka,co spowodowalo,iz &#8220;zeszli oni pod ziemie&#8221; i przez dwa lata zyli nielegalnie w Szwecji.Shekarabi zrobil dziwna i blyskawiczna kariere po zmianie decyzji wladz emigracyjnych.W krotkim czasie przeistoczyl sie z ukrywajacego sie uciekiniera w przewodniczacego socjaldemokratycznego zwiazu mlodziezowe SSU.(sosjaldemokratyczna mlodzierz)<\/span><\/p>\n<p style=\"text-align: left;\"><span style=\"color: #000080;\">Zostal jednak stamtad usuniety za naduzycia finansowe, manipulacje majace na celu ekonomiczne dobra oraz klamstwa,falszywe oswiadczenia i klamliwe swiadectwa. W zdumiewiajacy spsob pojawil sie w centrum wladzy partii socjaldemokratycznej i stal sie szybko czlonkiem komisji do spraw badania przyczyn socjaldemokratycznej kleski wyborczej 2010.Stamtad wybrany zostal czlonkiem najwazniejszego ciala<\/span><br \/>\n<span style=\"color: #000080;\"> kierujacego partia ( wydzial wykonawczy)<\/span><\/p>\n<p style=\"text-align: left;\"><span style=\"color: #000080;\">Jego pozycja jako min spraw cywilnych otwiera niezwykla wladze nad wszystkim co dotyczy funkcjonowania kraju (komuny i wojewodztwa) poprzez jednoczesna pozycje w departamencie finansow. (jest to blyskawiczna reforma min spraw cywilnych jaka juz przeprowadzil obecny rzad<\/span><br \/>\n<span style=\"color: #000080;\"> w ciagu doslownie paru dni przy wladzy) (patrz szwedzki tekst) Ekonomiczny oszust, obsesyjny aktywista palestynski,czlowiek ktory nienawidzi Izrael<\/span><br \/>\n<span style=\"color: #000080;\"> (jak i wielu nowych ministrow) dostal w swoje rece wladze nad funkcjonowaniem kraju poprzez m in wladze nad srodkami ekonomicznymi.<\/span><\/p>\n<p style=\"text-align: left;\"><span style=\"text-decoration: underline;\"><strong><span style=\"color: #000080; text-decoration: underline;\">zalacznik 1<\/span><\/strong><\/span><br \/>\n<span style=\"color: #000080;\"><a href=\"http:\/\/sv.wikipedia.org\/wiki\/Regeringen_Reinfeldt\">Regeringen Reinfeldt<\/a>\u00a0\u00e5terinf\u00f6rde efter <a href=\"http:\/\/sv.wikipedia.org\/wiki\/Riksdagsvalet_2010\">riksdagsvalet 2010<\/a>\u00a0civilministerposten, som tilldelades <a href=\"http:\/\/sv.wikipedia.org\/wiki\/Stefan_Attefall\">Stefan Attefall<\/a> (<a href=\"http:\/\/sv.wikipedia.org\/wiki\/Kristdemokraterna_%28Sverige%29\">KD<\/a>), , nu placerad p\u00e5 <a href=\"http:\/\/sv.wikipedia.org\/wiki\/Socialdepartementet\">Socialdepartementet<\/a>. Ansvarsomr\u00e5den \u00e4r de fr\u00e5gor om kommuner och landsting som tidigare l\u00e5g under Finansdepartementet. I den nya regeringen som bildades efter riksdagsvalet 2014, ledd av Stefan L\u00f6fven, innehar Ardalan Shekarabi posten som civilminister, nu \u00e5ter placerad i Finansdepartementet.<\/span><\/p>\n<p style=\"text-align: left;\"><span style=\"text-decoration: underline;\"><strong><span style=\"color: #000080; text-decoration: underline;\">zalacznik 2<\/span><\/strong><\/span><br \/>\n<span style=\"color: #000080;\"> Inrikesminister \u00e4r det statsr\u00e5d i Sveriges regering som ansvarar f\u00f6r fr\u00e5gor som r\u00f6r polisv\u00e4sendet och civil krishantering. Posten har tidvis varit avskaffad, men \u00e5terinf\u00f6rdes 2014 i regeringen L\u00f6fven. Inrikesministern \u00e4r placerad vid Justitiedepartementet och \u00e4r formellt sett underst\u00e4lld justitieministern. Inrikesministern ing\u00e5r d\u00e4rmed i den grupp av statsr\u00e5d som inte \u00e4r departementschefer, vilka tidigare ben\u00e4mndes konsultativa statsr\u00e5d. Nuvarande inrikemsinister \u00e4r Anders Ygeman.<\/span><\/p>\n<hr style=\"height: 15px; background: #d0e6fa; width: 710px;\" \/>\n<h4 style=\"text-align: center;\"><span style=\"text-decoration: underline; color: #000080;\"><span style=\"text-decoration: underline;\"><strong><a style=\"color: #000080; text-decoration: underline;\" href=\"http:\/\/www.timesofisrael.com\/swedish-ministers-have-history-of-pro-palestinian-activism\/\">Swedish ministers have history of pro-Palestinian activism<\/a><\/strong><\/span><\/span><\/h4>\n<p style=\"text-align: left;\"><span style=\"color: #000080;\">The new Swedish prime minister\u2019s surprise announcement on Friday of his intention to recognize a Palestinian state, which has drawn harsh criticism from Israel, comes after some of its highest-ranking politicians have engaged in pro-Palestinian activism in past years.<\/span><\/p>\n<p style=\"text-align: left;\"><span style=\"color: #000080;\">Stockholm\u2019s new housing minister was aboard the 2010 Gaza flotilla; education minister was held in Israel for protesting security barrier<\/span><br \/>\n<span style=\"color: #000080;\"> Housing Minister Mehmet Kaplan, of Sweden\u2019s Green Party, was arrested in 2010 by Israeli forces after participating in the Mavi Marmara flotilla, which was headed to the Gaza Strip. The Turkish-born MP was later deported from Israel over his involvement.<\/span><\/p>\n<p style=\"text-align: left;\"><span style=\"color: #000080;\">In that incident, Israeli commandos stormed the ship and were attacked by those on board, with several soldiers seriously injured. Nine Turks were killed in the ensuing melee and a tenth died in hospital this year after four years in a coma.<\/span><\/p>\n<p style=\"text-align: left;\"><span style=\"color: #000080;\">During this summer\u2019s Operation Protective Edge in Gaza, Kaplan called for the \u201cliberation of Jerusalem\u201d at a pro-Palestinian rally.<\/span><\/p>\n<p style=\"text-align: left;\"><span style=\"color: #000080;\">He also downplayed the evils of the Islamic State in a July address, saying that Swedes joining their ranks in Iraq and Syria were similar to those who went to Finland during World War II to combat the Soviet Union. His comparison was lambasted by many Swedes, who consider the soldiers who volunteered to fight the Soviets on behalf of Finland freedom fighters.<\/span><\/p>\n<p style=\"text-align: left;\"><span style=\"color: #000080;\">In addition, Sweden\u2019s Education Minister Gustav Fridolin was detained by Israeli forces in 2004 for protesting the security barrier near Ramallah. Fridolin left the country shortly after he was released.<\/span><\/p>\n<p style=\"text-align: left;\"><span style=\"color: #000080;\">During his inaugural speech Friday, Swedish Prime Minister Stefan Lofven said that \u201cthe conflict between Israel and Palestine can only be solved with a two-state solution, negotiated in accordance with international law.<\/span><\/p>\n<p style=\"text-align: left;\"><span style=\"color: #000080;\">\u201cThe two-state solution requires mutual recognition and a will to coexist peacefully. Sweden will therefore recognize the state of Palestine.\u201d<\/span><\/p>\n<p style=\"text-align: left;\"><span style=\"color: #000080;\">A Foreign Ministry official reprimanded the Swedish ambassador to Israel on Monday for Lofven\u2019s pledge to recognize a future Palestinian state. The Foreign Ministry representative argued that the move encourages the Palestinians to pursue unilateral steps toward statehood, rather than seeking to restart direct talks with Israel.<\/span><\/p>\n<p style=\"text-align: left;\"><span style=\"color: #000080;\">Prior to the meeting, envoy Carl Magnus Nesser said that he planned to clarify Sweden\u2019s position on recognizing a Palestinian state and its desire to maintain strong ties with Israel.<\/span><\/p>\n<p style=\"text-align: left;\"><span style=\"color: #000080;\">\u201cIsrael and Sweden have a strong relationship, and the new government has made it clear that it wants this to continue,\u201d Nesser told Army Radio on Monday morning.<\/span><\/p>\n<p style=\"text-align: left;\"><span style=\"color: #000080;\">He added, however, that in deciding to recognize a Palestinian state, Sweden was making a statement to support the resumption of peace negotiations.<\/span><\/p>\n<p style=\"text-align: left;\"><span style=\"color: #000080;\">\u201cThe situation is clear, peace talks have been suspended for a while, and I think the conflict in Gaza made it clear that the status quo needs to be changed,\u201d Nesser said. \u201cThe purpose of such a statement of this forthcoming recognition is, of course, to support negotiations leading to a two-state solution.\u201d<\/span><\/p>\n<p style=\"text-align: left;\"><span style=\"color: #000080;\">Times of Israel staff and AFP contributed to this report.<\/span><\/p>\n<hr style=\"height: 15px; background: #d0e6fa; width: 710px;\" \/>\n<div id=\"content\" class=\"  content-alignment&lt;br \/&gt;&lt;br \/&gt; \">\n<div id=\"watch-description\" class=\"yt-uix-button-panel\">\n<div id=\"watch-description-text\">\n<p style=\"text-align: center;\"><span style=\"color: #808080;\"> twoje uwagi, linki, wlasne artykuly, lub wiadomosci przeslij do: <strong><span style=\"text-decoration: underline;\"><span style=\"color: #808080; text-decoration: underline;\"><a href=\"mailto:webmaster@reunion68.com\">webmaster@reunion68.com<\/a><\/span><\/span><\/strong><\/span><\/p>\n<\/div>\n<\/div>\n<\/div>\n<p>&nbsp;<\/p>\n<hr style=\"width: 710px;\" \/>\n","protected":false},"excerpt":{"rendered":"<p>Swedish ministers have history of pro-Palestinian activism Wieloletni aktywisci palestynscy czlonkami\u00a0nowego rzadu szwedzkiego. W artykule zapomniano o pani Romson, obecny i minister i v-ce premier. Czesty mowca na propalestynskich wiecach i demonstracjach. Min spraw wewnetrznych, Anders Ygeman. odpowiedzialny m in za policje i sluzby bezpieczenstwa, podpisal w 2012 r rezolucje w parlamencie,nawolujaca do uznania Izraela [&hellip;]<\/p>\n","protected":false},"author":1,"featured_media":0,"comment_status":"closed","ping_status":"closed","sticky":false,"template":"","format":"standard","meta":[],"categories":[3],"tags":[24],"_links":{"self":[{"href":"https:\/\/www.reunion68.se\/index.php?rest_route=\/wp\/v2\/posts\/6847"}],"collection":[{"href":"https:\/\/www.reunion68.se\/index.php?rest_route=\/wp\/v2\/posts"}],"about":[{"href":"https:\/\/www.reunion68.se\/index.php?rest_route=\/wp\/v2\/types\/post"}],"author":[{"embeddable":true,"href":"https:\/\/www.reunion68.se\/index.php?rest_route=\/wp\/v2\/users\/1"}],"replies":[{"embeddable":true,"href":"https:\/\/www.reunion68.se\/index.php?rest_route=%2Fwp%2Fv2%2Fcomments&post=6847"}],"version-history":[{"count":15,"href":"https:\/\/www.reunion68.se\/index.php?rest_route=\/wp\/v2\/posts\/6847\/revisions"}],"predecessor-version":[{"id":6863,"href":"https:\/\/www.reunion68.se\/index.php?rest_route=\/wp\/v2\/posts\/6847\/revisions\/6863"}],"wp:attachment":[{"href":"https:\/\/www.reunion68.se\/index.php?rest_route=%2Fwp%2Fv2%2Fmedia&parent=6847"}],"wp:term":[{"taxonomy":"category","embeddable":true,"href":"https:\/\/www.reunion68.se\/index.php?rest_route=%2Fwp%2Fv2%2Fcategories&post=6847"},{"taxonomy":"post_tag","embeddable":true,"href":"https:\/\/www.reunion68.se\/index.php?rest_route=%2Fwp%2Fv2%2Ftags&post=6847"}],"curies":[{"name":"wp","href":"https:\/\/api.w.org\/{rel}","templated":true}]}}