{"id":6912,"date":"2014-10-09T17:38:51","date_gmt":"2014-10-09T15:38:51","guid":{"rendered":"http:\/\/www.reunion68.se\/?p=6912"},"modified":"2014-10-09T17:38:51","modified_gmt":"2014-10-09T15:38:51","slug":"dlaczego-turcja-biernie-przyglada-sie-tragedii-kurdow-przy-syryjskiej-granicy","status":"publish","type":"post","link":"https:\/\/www.reunion68.se\/?p=6912","title":{"rendered":"Dlaczego Turcja biernie przygl\u0105da si\u0119 tragedii Kurd\u00f3w przy syryjskiej granicy?"},"content":{"rendered":"<h4 style=\"text-align: center;\"><a href=\"http:\/\/www.polityka.pl\/\" target=\"_blank\"><img decoding=\"async\" class=\"center alignleft\" src=\"http:\/\/www.reunion68.com\/Biuletyn\/img\/polityka.jpg\" alt=\"\" \/><\/a><span style=\"text-decoration: underline; color: #000080;\"><span style=\"text-decoration: underline;\"><strong><a style=\"color: #000080; text-decoration: underline;\" href=\"http:\/\/www.polityka.pl\/tygodnikpolityka\/swiat\/1595309,1,dlaczego-turcja-biernie-przyglada-sie-tragedii-kurdow-przy-syryjskiej-granicy.read\" target=\"_blank\">Dlaczego Turcja biernie przygl\u0105da si\u0119 tragedii Kurd\u00f3w przy syryjskiej granicy?<\/a><\/strong><\/span><\/span><\/h4>\n<p style=\"text-align: center;\"><span style=\"color: #808080;\"><strong>\u0141ukasz W\u00f3jcik<\/strong><\/span><\/p>\n<hr style=\"height: 15px; background: #d0e6fa; width: 710px;\" \/>\n<div style=\"width: 360px\" class=\"wp-caption alignright\"><img decoding=\"async\" src=\"http:\/\/www.polityka.pl\/static.polityka.pl\/_resource\/res\/path\/0b\/ca\/0bcad58f-9393-4cf0-b340-1172da8a7cbc_470x\" alt=\"Kurdyjscy uchod\u017acy z Kobane po tureckiej stronie granicy z Syri\u0105\" width=\"350\" \/><p class=\"wp-caption-text\">Kurdyjscy uchod\u017acy z Kobane po tureckiej stronie granicy z Syri\u0105 (Heike H\u00e4nsel, Fraktion DIE LINKE. im Bundestag\/Flickr CC by 2.0)<\/p><\/div>\n<p style=\"text-align: left;\"><span style=\"color: #808080;\"><strong>Nie da si\u0119 budowa\u0107 w Turcji nowej, otwartej to\u017csamo\u015bci, bez przyznania, \u017ce to r\u00f3wnie\u017c jest kraj Kurd\u00f3w<\/strong><\/span><\/p>\n<p style=\"text-align: left;\"><span style=\"color: #000080;\">Ajn al-Arab (Kobane) jest o krok od tragedii. W tym syryjskim mie\u015bcie, kilkaset metr\u00f3w od granicy z Turcj\u0105, broni si\u0119 jeszcze garstka kurdyjskich bojownik\u00f3w przed atakiem znacznie liczniejszych i lepiej uzbrojonych oddzia\u0142\u00f3w tzw. Pa\u0144stwa Islamskiego (PI). Miasto pad\u0142oby ju\u017c we wtorek, ale islamist\u00f3w powstrzyma\u0142y silne ataki Amerykan\u00f3w z powietrza. Prezydent Turcji powiedzia\u0142 jednak niedawno, \u017ce zwyci\u0119stwo PI to ju\u017c tylko kwestia czasu. Wie, co m\u00f3wi, bo desperackiej obronie Kurd\u00f3w z kilkuset metr\u00f3w przygl\u0105daj\u0105 si\u0119 tureckie czo\u0142gi, stoj\u0105ce zaraz po drugiej stronie granicy.<\/span><\/p>\n<p style=\"text-align: left;\"><span style=\"color: #000080;\">Bezczynno\u015b\u0107 Ankary wobec tragedii Kobane mo\u017ce dziwi\u0107. S\u0142owa oburzenia pad\u0142y nie tylko ze strony ameryka\u0144skich sojusznik\u00f3w. W samej Turcji w protestach przeciwko bierno\u015bci tureckiego rz\u0105du zgin\u0119\u0142o ju\u017c kilkana\u015bcie os\u00f3b, g\u0142\u00f3wnie Kurd\u00f3w. Kurdyjscy demonstranci wdarli si\u0119 r\u00f3wnie\u017c do budynku Parlamentu Europejskiego, domagaj\u0105c si\u0119 natychmiastowej interwencji w obronie Kobane, gdzie gin\u0105 ich bliscy.<\/span><\/p>\n<p style=\"text-align: left;\"><span style=\"color: #000080;\">Jeszcze kilka dni temu wydawa\u0142o si\u0119, \u017ce turecka interwencja w obronie miasta jest tylko kwesti\u0105 czasu. Zgodzi\u0142 si\u0119 na ni\u0105 ankarski parlament. Turecka armia (jedyne powa\u017cne wojsko w europejskim NATO) nie mia\u0142aby te\u017c zapewne problemu z obron\u0105 miasta i odepchni\u0119ciem islamist\u00f3w. W ko\u0144cu chodzi te\u017c o bezpiecze\u0144stwo tureckiej granicy. Turcy jednak zwlekaj\u0105.<\/span><\/p>\n<p style=\"text-align: left;\"><span style=\"color: #000080;\">Maj\u0105 swoje powody. W oddzia\u0142ach PI walczy co najmniej tysi\u0105c Turk\u00f3w. Jak doni\u00f3s\u0142 niedawno ameryka\u0144ski \u201eNewsweek\u201d, w kilku najwi\u0119kszych tureckich miastach islami\u015bci maj\u0105 dobrze zorganizowan\u0105 sie\u0107 rekrutacyjn\u0105. Poza tym w Turcji przebywa te\u017c ponad 1,5 mln nie\u0142atwych do zidentyfikowania syryjskich uchod\u017ac\u00f3w. PI ma wi\u0119c ca\u0142\u0105 gam\u0119 sposob\u00f3w dzia\u0142ania i przeprowadzania ewentualnych odwetowych atak\u00f3w terrorystycznych na terytorium Turcji. Ankara poza tym boi si\u0119, \u017ce interwencja w Syrii u boku zachodnich \u201ekrzy\u017cowc\u00f3w\u201d ju\u017c doszcz\u0119tnie popsuje jej wizerunek w\u015br\u00f3d muzu\u0142man\u00f3w z regionu.<\/span><\/p>\n<p style=\"text-align: left;\"><span style=\"color: #000080;\">Turcja przede wszystkim boi si\u0119 jednak Kurd\u00f3w i \u0142atwo znale\u017a\u0107 w Ankarze opinie, \u017ce PI robi Turcji przys\u0142ug\u0119, likwiduj\u0105c kurdyjskie enklawy w Syrii.<\/span><\/p>\n<p style=\"text-align: left;\"><span style=\"color: #000080;\">Relacje turecko-kurdyjskie w ostatnich latach wyra\u017anie si\u0119 poprawi\u0142y. Od 2010 r. trwa w Turcji tzw. demokratyczne otwarcie, w ramach kt\u00f3rego mniejszo\u015b\u0107 kurdyjska (ok. 20 proc. spo\u0142ecze\u0144stwa) zyskuje coraz szersze prawa spo\u0142eczne i polityczne. Doskonale uk\u0142adaj\u0105 si\u0119 relacje z irackimi Kurdami, dla kt\u00f3rych Turcja sta\u0142a si\u0119 oknem na \u015bwiat i geopolitycznym protektorem. Ankara stawia wszystkim Kurdom tylko jeden warunek: \u017cadnych kontakt\u00f3w z Kurdyjsk\u0105 Parti\u0105 Pracuj\u0105cych (PKK), czyli partyzantk\u0105, kt\u00f3ra walczy z Ankar\u0105 od 1984 r.<\/span><\/p>\n<p style=\"text-align: right;\"><span style=\"color: #000080;\">Czytaj dalej tu: <span style=\"text-decoration: underline;\"><strong><a style=\"color: #000080; text-decoration: underline;\" href=\"http:\/\/www.polityka.pl\/tygodnikpolityka\/swiat\/1595309,1,dlaczego-turcja-biernie-przyglada-sie-tragedii-kurdow-przy-syryjskiej-granicy.read\" target=\"_blank\">Dlaczego Turcja biernie&#8230;<\/a><\/strong><\/span><\/span><\/p>\n<hr style=\"height: 15px; background: #d0e6fa; width: 710px;\" \/>\n<div id=\"content\" class=\"  content-alignment&lt;br \/&gt;&lt;br \/&gt; \">\n<div id=\"watch-description\" class=\"yt-uix-button-panel\">\n<div id=\"watch-description-text\">\n<p style=\"text-align: center;\"><span style=\"color: #808080;\"> twoje uwagi, linki, wlasne artykuly, lub wiadomosci przeslij do: <strong><span style=\"text-decoration: underline;\"><span style=\"color: #808080; text-decoration: underline;\"><a href=\"mailto:webmaster@reunion68.com\">webmaster@reunion68.com<\/a><\/span><\/span><\/strong><\/span><\/p>\n<\/div>\n<\/div>\n<\/div>\n<p>&nbsp;<\/p>\n<hr style=\"width: 710px;\" \/>\n","protected":false},"excerpt":{"rendered":"<p>Dlaczego Turcja biernie przygl\u0105da si\u0119 tragedii Kurd\u00f3w przy syryjskiej granicy? \u0141ukasz W\u00f3jcik Nie da si\u0119 budowa\u0107 w Turcji nowej, otwartej to\u017csamo\u015bci, bez przyznania, \u017ce to r\u00f3wnie\u017c jest kraj Kurd\u00f3w Ajn al-Arab (Kobane) jest o krok od tragedii. W tym syryjskim mie\u015bcie, kilkaset metr\u00f3w od granicy z Turcj\u0105, broni si\u0119 jeszcze garstka kurdyjskich bojownik\u00f3w przed atakiem [&hellip;]<\/p>\n","protected":false},"author":1,"featured_media":0,"comment_status":"closed","ping_status":"closed","sticky":false,"template":"","format":"standard","meta":[],"categories":[6],"tags":[24],"_links":{"self":[{"href":"https:\/\/www.reunion68.se\/index.php?rest_route=\/wp\/v2\/posts\/6912"}],"collection":[{"href":"https:\/\/www.reunion68.se\/index.php?rest_route=\/wp\/v2\/posts"}],"about":[{"href":"https:\/\/www.reunion68.se\/index.php?rest_route=\/wp\/v2\/types\/post"}],"author":[{"embeddable":true,"href":"https:\/\/www.reunion68.se\/index.php?rest_route=\/wp\/v2\/users\/1"}],"replies":[{"embeddable":true,"href":"https:\/\/www.reunion68.se\/index.php?rest_route=%2Fwp%2Fv2%2Fcomments&post=6912"}],"version-history":[{"count":20,"href":"https:\/\/www.reunion68.se\/index.php?rest_route=\/wp\/v2\/posts\/6912\/revisions"}],"predecessor-version":[{"id":6932,"href":"https:\/\/www.reunion68.se\/index.php?rest_route=\/wp\/v2\/posts\/6912\/revisions\/6932"}],"wp:attachment":[{"href":"https:\/\/www.reunion68.se\/index.php?rest_route=%2Fwp%2Fv2%2Fmedia&parent=6912"}],"wp:term":[{"taxonomy":"category","embeddable":true,"href":"https:\/\/www.reunion68.se\/index.php?rest_route=%2Fwp%2Fv2%2Fcategories&post=6912"},{"taxonomy":"post_tag","embeddable":true,"href":"https:\/\/www.reunion68.se\/index.php?rest_route=%2Fwp%2Fv2%2Ftags&post=6912"}],"curies":[{"name":"wp","href":"https:\/\/api.w.org\/{rel}","templated":true}]}}