{"id":695,"date":"2014-05-11T16:54:01","date_gmt":"2014-05-11T14:54:01","guid":{"rendered":"http:\/\/www.reunion68.se\/?p=695"},"modified":"2014-05-12T07:33:54","modified_gmt":"2014-05-12T05:33:54","slug":"prace-haliny-jaworski","status":"publish","type":"post","link":"https:\/\/www.reunion68.se\/?p=695","title":{"rendered":"Prace Haliny Jaworski"},"content":{"rendered":"<table border=\"0\" width=\"100%\" cellspacing=\"0\" cellpadding=\"0\">\n<tbody>\n<tr>\n<td align=\"center\" valign=\"top\" width=\"50%\">\n<p style=\"text-align: center;\"><span style=\"color: #000080; text-decoration: underline;\"><span style=\"color: #000080; text-decoration: underline;\"><a href=\"http:\/\/swieccyzydzi.pl\/halina-jaworski-przodkowie\" target=\"_blank\"><strong>Halina Jaworski &#8211; Przodkowie<\/strong><\/a><br \/>\n<\/span><\/span><span style=\"color: #000080;\">( Galeria )<\/span><\/p>\n<\/td>\n<td style=\"text-align: center;\"><img decoding=\"async\" class=\"aligncenter\" src=\"http:\/\/www.reunion68.com\/Biuletyn\/img\/s-zydzi.png\" alt=\"\" width=\"300\" \/><span style=\"color: #000080;\">copyright Blog: \u015awieccy \u017bydzi<\/span><\/td>\n<\/tr>\n<\/tbody>\n<\/table>\n<p style=\"text-align: left;\"><span style=\"color: #000080;\">Halina Jaworski rozpocz\u0119\u0142a prac\u0119 nad obszernym cyklem obraz\u00f3w pt. \u201e<em>Przodkowie\u201d<\/em>\u00a0(\u201e<em>Ahnen\u201d<\/em>) w 1984 roku. Jej malarstwo skupione jest na wyimaginowanym duchowym wn\u0119trzu, kt\u00f3rego architektura pocz\u0105tkowo wydaje nam si\u0119 efemeryczna i nieuchwytna. Potem powoli otwiera si\u0119 dla nas, kiedy b\u0142\u0105dzimy po liniach nakre\u015blonych konstrukcji.<\/span><\/p>\n<p style=\"text-align: left;\"><span style=\"color: #000080;\">Wiecej\u00a0wraz z galeria Haliny J. znajdziecie tu &#8230;<\/span> \u00a0<span style=\"text-decoration: underline;\"><strong><span style=\"color: #000080; text-decoration: underline;\"><a href=\"http:\/\/swieccyzydzi.pl\/halina-jaworski-przodkowie\" target=\"_blank\">Halina Jaworski &#8211; Przodkowie<\/a><\/span><\/strong><\/span><\/p>\n<hr \/>\n<p style=\"text-align: left;\"><span style=\"color: #000080;\">Halina Jaworski video: &#8211;\u00a0\u00a0<\/span><span style=\"text-decoration: underline;\"><span style=\"color: #ff6600; text-decoration: underline;\"><strong><a href=\"http:\/\/vernissage.tv\/blog\/2008\/09\/09\/halina-jaworski-on-the-way-home-galeria-miejska-arsenal-poznan-poland\/\" target=\"_blank\"><span style=\"color: #000080; text-decoration: underline;\">On the way home \/ Galeria Miejska \u201cArsenal\u201d, Poznan \/ Poland<\/span><\/a><\/strong><\/span><\/span><\/p>\n<p style=\"text-align: left;\"><span style=\"color: #000080;\"><a href=\"http:\/\/www.halinajaworski.de\/\"><span style=\"color: #000080;\">Halina Jaworski<\/span><\/a> shows her \u201cshaped canvas\u201d and \u201cancestor series\u201d in the <a href=\"http:\/\/arsenal.art.pl\/\"><span style=\"color: #000080;\">city gallery \u201cArsena\u0142\u201d<\/span><\/a> in Pozna\u0144, Poland. Halina Jaworski was born December 13 1952 in Gdansk Poland and had to immigrate in 1968. She studied at Bezalel in Jerusalem and made her master at the <a href=\"http:\/\/www.kunstakademie-duesseldorf.de\/\" target=\"_blank\"><span style=\"color: #000080;\">Kunstakademie in Dusseldorf<\/span><\/a>, Germany.<br \/>\nHalina Jaworski video: &#8211;\u00a0\u00a0<\/span><strong><span style=\"text-decoration: underline;\"><a href=\"https:\/\/www.facebook.com\/photo.php?v=100203587192\" target=\"_blank\">On the way home \/ Galeria Miejska \u201cArsena&#8221;, Poznan \/ Polandl<\/a><br \/>\n<\/span><\/strong><\/p>\n<hr \/>\n<p style=\"text-align: center;\"><img decoding=\"async\" class=\"aligncenter\" src=\"http:\/\/www.reunion68.com\/Biuletyn\/img\/halina.jpg\" alt=\"\" width=\"100\" \/><span style=\"color: #000080;\">Wiecej prac Haliny Jaworski znajdziecie na <span style=\"text-decoration: underline;\"><strong><a href=\"https:\/\/www.facebook.com\/halinajaworski?fref=ts\" target=\"_blank\"><span style=\"color: #000080; text-decoration: underline;\"><br \/>\nFacebook&#8217;u<\/span><\/a><\/strong><\/span><\/span><\/p>\n<hr \/>\n","protected":false},"excerpt":{"rendered":"<p>Halina Jaworski &#8211; Przodkowie ( Galeria ) copyright Blog: \u015awieccy \u017bydzi Halina Jaworski rozpocz\u0119\u0142a prac\u0119 nad obszernym cyklem obraz\u00f3w pt. \u201ePrzodkowie\u201d\u00a0(\u201eAhnen\u201d) w 1984 roku. Jej malarstwo skupione jest na wyimaginowanym duchowym wn\u0119trzu, kt\u00f3rego architektura pocz\u0105tkowo wydaje nam si\u0119 efemeryczna i nieuchwytna. Potem powoli otwiera si\u0119 dla nas, kiedy b\u0142\u0105dzimy po liniach nakre\u015blonych konstrukcji. Wiecej\u00a0wraz z [&hellip;]<\/p>\n","protected":false},"author":1,"featured_media":0,"comment_status":"closed","ping_status":"closed","sticky":false,"template":"","format":"standard","meta":[],"categories":[5],"tags":[],"_links":{"self":[{"href":"https:\/\/www.reunion68.se\/index.php?rest_route=\/wp\/v2\/posts\/695"}],"collection":[{"href":"https:\/\/www.reunion68.se\/index.php?rest_route=\/wp\/v2\/posts"}],"about":[{"href":"https:\/\/www.reunion68.se\/index.php?rest_route=\/wp\/v2\/types\/post"}],"author":[{"embeddable":true,"href":"https:\/\/www.reunion68.se\/index.php?rest_route=\/wp\/v2\/users\/1"}],"replies":[{"embeddable":true,"href":"https:\/\/www.reunion68.se\/index.php?rest_route=%2Fwp%2Fv2%2Fcomments&post=695"}],"version-history":[{"count":84,"href":"https:\/\/www.reunion68.se\/index.php?rest_route=\/wp\/v2\/posts\/695\/revisions"}],"predecessor-version":[{"id":875,"href":"https:\/\/www.reunion68.se\/index.php?rest_route=\/wp\/v2\/posts\/695\/revisions\/875"}],"wp:attachment":[{"href":"https:\/\/www.reunion68.se\/index.php?rest_route=%2Fwp%2Fv2%2Fmedia&parent=695"}],"wp:term":[{"taxonomy":"category","embeddable":true,"href":"https:\/\/www.reunion68.se\/index.php?rest_route=%2Fwp%2Fv2%2Fcategories&post=695"},{"taxonomy":"post_tag","embeddable":true,"href":"https:\/\/www.reunion68.se\/index.php?rest_route=%2Fwp%2Fv2%2Ftags&post=695"}],"curies":[{"name":"wp","href":"https:\/\/api.w.org\/{rel}","templated":true}]}}