{"id":7003,"date":"2014-10-11T07:10:52","date_gmt":"2014-10-11T05:10:52","guid":{"rendered":"http:\/\/www.reunion68.se\/?p=7003"},"modified":"2014-10-11T07:16:22","modified_gmt":"2014-10-11T05:16:22","slug":"70-rocznica-buntu-sonderkommando","status":"publish","type":"post","link":"https:\/\/www.reunion68.se\/?p=7003","title":{"rendered":"70. rocznica buntu Sonderkommando"},"content":{"rendered":"<h4 style=\"text-align: center;\"><a href=\"http:\/\/www.jewish.org.pl\/\" target=\"_blank\"><img decoding=\"async\" class=\"center alignleft\" src=\"http:\/\/www.reunion68.com\/Biuletyn\/img\/jop-big.gif\" alt=\"\" \/><\/a><span style=\"text-decoration: underline; color: #000080;\"><span style=\"text-decoration: underline;\"><strong><a style=\"color: #000080; text-decoration: underline;\" href=\"http:\/\/www.jewish.org.pl\/index.php\/pl\/wiadomopci-mainmenu-57\/6602-70-rocznica-buntu-sonderkommando.html\" target=\"_blank\">70. rocznica buntu Sonderkommando<\/a><\/strong><\/span><\/span><\/h4>\n<hr style=\"height: 15px; background: #d0e6fa; width: 710px;\" \/>\n<div style=\"width: 360px\" class=\"wp-caption alignright\"><a href=\"http:\/\/www.jewish.org.pl\/images\/stories\/AuschwitzSonderkommando2014.jpg\"><img decoding=\"async\" src=\"http:\/\/www.jewish.org.pl\/images\/stories\/AuschwitzSonderkommando2014.jpg\" alt=\"\" width=\"350\" \/><\/a><p class=\"wp-caption-text\">Przy ruinach komory gazowej i krematorium IV na terenie by\u0142ego obozu Auschwitz II-Birkenau 7 pa\u017adziernika upami\u0119tniono 70<\/p><\/div>\n<p style=\"text-align: left;\"><span style=\"color: #000080;\">Przy ruinach komory gazowej i krematorium IV na terenie by\u0142ego obozu Auschwitz II-Birkenau 7 pa\u017adziernika upami\u0119tniono 70. rocznic\u0119 buntu wi\u0119\u017ani\u00f3w Sonderkommando. By\u0142a to grupa robocza, z\u0142o\u017cona g\u0142\u00f3wnie z wi\u0119\u017ani\u00f3w \u017cydowskich, kt\u00f3rych Niemcy zmusili do obs\u0142ugi kom\u00f3r gazowych, stos\u00f3w spaleniskowych i krematori\u00f3w.<\/span><\/p>\n<p style=\"text-align: left;\"><span style=\"color: #000080;\">\u2014 Pod koniec lata 1944 r., gdy zmniejsza\u0142a si\u0119 liczba transport\u00f3w \u017byd\u00f3w kierowanych na zag\u0142ad\u0119 do Auschwitz, esesmani postanowili stopniowo zredukowa\u0107 liczb\u0119 wi\u0119\u017ani\u00f3w Sonderkommanda. We wrze\u015bniu zamordowali oko\u0142o 200 z nich. Pozostali zdawali sobie spraw\u0119 z rosn\u0105cego zagro\u017cenia i dlatego zacz\u0119li planowa\u0107 bunt. 7 pa\u017adziernika, kiedy esesmani przyszli zabra\u0107 wi\u0119\u017ani\u00f3w z terenu krematorium IV, zostali zaatakowani przez wi\u0119\u017ani\u00f3w uzbrojonych w m\u0142otki i siekiery \u2014 powiedzia\u0142 dr Igor Bartosik z Centrum Bada\u0144 Muzeum Auschwitz, autor nowej publikacji Bunt Sonderkommando, w kt\u00f3rej zrekonstruowa\u0142 dok\u0142adny przebieg buntu.<\/span><\/p>\n<p style=\"text-align: left;\"><span style=\"color: #000080;\">\u2014 W trakcie nier\u00f3wnej walki wi\u0119\u017aniowie zdo\u0142ali podpali\u0107 budynek krematorium, wkr\u00f3tce potem akcj\u0119 podj\u0119li tak\u017ce ich koledzy z krematorium II. Przeci\u0119li oni druty ogrodzenia i zacz\u0119li ucieka\u0107 w kierunku po\u0142udniowym. Podczas walki u\u017cyli prymitywnych granat\u00f3w, do wykonania kt\u00f3rych u\u017cyli materia\u0142u wybuchowego zdobytego z nara\u017ceniem \u017cycia od wi\u0119\u017aniarek pracuj\u0105cych przy monta\u017cu zapalnik\u00f3w i pocisk\u00f3w w pobliskich zak\u0142adach Union. Uciekinierzy zostali jednak zabici przez oddzia\u0142y po\u015bcigowe SS. W wyniku buntu i egzekucji, jakich dokonali w tym dniu esesmani zgin\u0119\u0142o ok. 450 z 660 wi\u0119\u017ani\u00f3w tego komanda. Wi\u0119\u017aniom uda\u0142o si\u0119 zabi\u0107 trzech i zrani\u0107 kilkunastu uzbrojonych esesman\u00f3w \u2014 doda\u0142 Bartosik.<\/span><\/p>\n<p style=\"text-align: left;\"><span style=\"color: #000080;\">W miejscu, gdzie rozpocz\u0105\u0142 si\u0119 bunt wi\u0119\u017ani\u00f3w z\u0142o\u017cono znicze, odm\u00f3wiono Kadisz, a tak\u017ce odczytano fragmenty relacji i r\u0119kopis\u00f3w wi\u0119\u017ani\u00f3w Sonderkommando. Odr\u0119czne notatki sporz\u0105dzone przez kilku wi\u0119\u017ani\u00f3w jeszcze w czasie istnienia obozu, zosta\u0142y po wojnie odnalezione i opublikowane. To jedne z najwa\u017cniejszych dokument\u00f3w dotycz\u0105cych Zag\u0142ady w Auschwitz.<\/span><\/p>\n<p style=\"text-align: left;\"><span style=\"color: #000080;\">Jednym z autor\u00f3w by\u0142 Za\u0142men Gradowski, polski \u017byd, wsp\u00f3\u0142organizator konspiracji w Sonderkommando i jeden z organizator\u00f3w buntu. Przypuszczalnie zgin\u0105\u0142 tego samego dnia w trakcie walki lub zosta\u0142 zastrzelony przez SS w ramach represji tu\u017c po st\u0142umieniu buntu. Gradowski opisywa\u0142 w emocjonalnej i pe\u0142nej wewn\u0119trznych refleksji formie, wa\u017cniejsze wydarzenia maj\u0105ce miejsce na terenie krematori\u00f3w. Dotycz\u0105 one m.in. transportu jego rodziny do Auschwitz, zag\u0142ady \u017byd\u00f3w z obozu familijnego w Birkenau BIIb oraz selekcji w\u015br\u00f3d wi\u0119\u017ani\u00f3w Sonderkommando, kt\u00f3ra mia\u0142a miejsce w lutym 1944 r.<\/span><\/p>\n<p style=\"text-align: left;\"><span style=\"color: #000080;\">W jego zapiskach znalaz\u0142o si\u0119 zdanie, kt\u00f3re wybrane jako jeden z pi\u0119ciu cytat\u00f3w \u2014 \u015bwiadectw na 70. rocznic\u0119 wyzwolenia Auschwitz 27 stycznia 2015 r. \u2014 \u201eMamy straszne przeczucie, gdy\u017c wiemy\u201d.<\/span><\/p>\n<p style=\"text-align: right;\"><span style=\"color: #000080;\">Czytaj dalej tu: <a style=\"color: #000080; text-decoration: underline;\" href=\"http:\/\/www.jewish.org.pl\/index.php\/pl\/wiadomopci-mainmenu-57\/6602-70-rocznica-buntu-sonderkommando.html\" target=\"_blank\">70. rocznica buntu Sonderkommando<\/a><\/strong><\/span><\/span><\/p>\n<hr style=\"height: 15px; background: #d0e6fa; width: 710px;\" \/>\n<div id=\"content\" class=\"  content-alignment&lt;br \/&gt;&lt;br \/&gt; \">\n<div id=\"watch-description\" class=\"yt-uix-button-panel\">\n<div id=\"watch-description-text\">\n<p style=\"text-align: center;\"><span style=\"color: #808080;\"> twoje uwagi, linki, wlasne artykuly, lub wiadomosci przeslij do: <strong><span style=\"text-decoration: underline;\"><span style=\"color: #808080; text-decoration: underline;\"><a href=\"mailto:webmaster@reunion68.com\">webmaster@reunion68.com<\/a><\/span><\/span><\/strong><\/span><\/p>\n<\/div>\n<\/div>\n<\/div>\n<p>&nbsp;<\/p>\n<hr style=\"width: 710px;\" \/>\n","protected":false},"excerpt":{"rendered":"<p>70. rocznica buntu Sonderkommando Przy ruinach komory gazowej i krematorium IV na terenie by\u0142ego obozu Auschwitz II-Birkenau 7 pa\u017adziernika upami\u0119tniono 70. rocznic\u0119 buntu wi\u0119\u017ani\u00f3w Sonderkommando. By\u0142a to grupa robocza, z\u0142o\u017cona g\u0142\u00f3wnie z wi\u0119\u017ani\u00f3w \u017cydowskich, kt\u00f3rych Niemcy zmusili do obs\u0142ugi kom\u00f3r gazowych, stos\u00f3w spaleniskowych i krematori\u00f3w. \u2014 Pod koniec lata 1944 r., gdy zmniejsza\u0142a si\u0119 liczba [&hellip;]<\/p>\n","protected":false},"author":1,"featured_media":0,"comment_status":"closed","ping_status":"closed","sticky":false,"template":"","format":"standard","meta":[],"categories":[4],"tags":[24],"_links":{"self":[{"href":"https:\/\/www.reunion68.se\/index.php?rest_route=\/wp\/v2\/posts\/7003"}],"collection":[{"href":"https:\/\/www.reunion68.se\/index.php?rest_route=\/wp\/v2\/posts"}],"about":[{"href":"https:\/\/www.reunion68.se\/index.php?rest_route=\/wp\/v2\/types\/post"}],"author":[{"embeddable":true,"href":"https:\/\/www.reunion68.se\/index.php?rest_route=\/wp\/v2\/users\/1"}],"replies":[{"embeddable":true,"href":"https:\/\/www.reunion68.se\/index.php?rest_route=%2Fwp%2Fv2%2Fcomments&post=7003"}],"version-history":[{"count":11,"href":"https:\/\/www.reunion68.se\/index.php?rest_route=\/wp\/v2\/posts\/7003\/revisions"}],"predecessor-version":[{"id":7017,"href":"https:\/\/www.reunion68.se\/index.php?rest_route=\/wp\/v2\/posts\/7003\/revisions\/7017"}],"wp:attachment":[{"href":"https:\/\/www.reunion68.se\/index.php?rest_route=%2Fwp%2Fv2%2Fmedia&parent=7003"}],"wp:term":[{"taxonomy":"category","embeddable":true,"href":"https:\/\/www.reunion68.se\/index.php?rest_route=%2Fwp%2Fv2%2Fcategories&post=7003"},{"taxonomy":"post_tag","embeddable":true,"href":"https:\/\/www.reunion68.se\/index.php?rest_route=%2Fwp%2Fv2%2Ftags&post=7003"}],"curies":[{"name":"wp","href":"https:\/\/api.w.org\/{rel}","templated":true}]}}