{"id":7143,"date":"2014-10-13T10:26:43","date_gmt":"2014-10-13T08:26:43","guid":{"rendered":"http:\/\/www.reunion68.se\/?p=7143"},"modified":"2014-10-13T10:26:43","modified_gmt":"2014-10-13T08:26:43","slug":"oprawcy-z-obozu-zaglady-w-treblince-przed-sadem","status":"publish","type":"post","link":"https:\/\/www.reunion68.se\/?p=7143","title":{"rendered":"Oprawcy z obozu zag\u0142ady w Treblince przed s\u0105dem"},"content":{"rendered":"<h4 style=\"text-align: center;\"><a href=\"http:\/\/nowahistoria.interia.pl\" target=\"_blank\"><img decoding=\"async\" class=\"center alignleft\" src=\"http:\/\/www.reunion68.com\/Biuletyn\/img\/interia.png\" alt=\"\" width=\"350\" \/><\/a><span style=\"text-decoration: underline; color: #000080;\"><span style=\"text-decoration: underline;\"><strong><a style=\"color: #000080; text-decoration: underline;\" href=\"http:\/\/nowahistoria.interia.pl\/prl\/news-oprawcy-z-obozu-zaglady-w-treblince-przed-sadem,nId,1534554\" target=\"_blank\">Oprawcy z obozu zag\u0142ady w Treblince przed s\u0105dem<\/a><\/strong><\/span><\/span><\/h4>\n<p style=\"text-align: center;\"><span style=\"color: #808080;\"><strong>12 pa\u017adziernika 2014<\/strong><\/span><\/p>\n<hr style=\"height: 15px; background: #d0e6fa; width: 710px;\" \/>\n<div style=\"width: 360px\" class=\"wp-caption alignright\"><a href=\"http:\/\/i.iplsc.com\/czlonkowie-zalogi-obozu-zaglady-w-treblince-na-lawie-oskarzo\/0003KQKBUC6VX083-C116-F4.jpg\"><img decoding=\"async\" title=\"Oprawcy z obozu zag\u0142ady w Treblince przed s\u0105dem\" src=\"http:\/\/i.iplsc.com\/czlonkowie-zalogi-obozu-zaglady-w-treblince-na-lawie-oskarzo\/0003KQKBUC6VX083-C116-F4.jpg\" alt=\"Cz\u0142onkowie za\u0142ogi obozu zag\u0142ady w Treblince na \u0142awie oskar\u017conych \/Agencja FORUM\" width=\"350\" \/><\/a><p class=\"wp-caption-text\">Cz\u0142onkowie za\u0142ogi obozu zag\u0142ady w Treblince na \u0142awie oskar\u017conych \/Agencja FORUM<\/p><\/div>\n<p style=\"text-align: left;\"><span style=\"color: #000080;\">&#8220;To by\u0142o piek\u0142o, absolutne piek\u0142o. Normalny cz\u0142owiek nie mo\u017ce sobie wyobrazi\u0107, jak ktokolwiek m\u00f3g\u0142by to prze\u017cy\u0107 &#8211; mordercy, urodzeni mordercy bez \u015bladu wyrzut\u00f3w sumienia zabijali ka\u017cd\u0105, najmniejsz\u0105 nawet istot\u0119&#8221; &#8211; napisa\u0142 po latach Kalman Taigman, jeden z nielicznych wi\u0119\u017ani\u00f3w obozu w Treblince, kt\u00f3rym uda\u0142o si\u0119 prze\u017cy\u0107.<\/span><\/p>\n<p style=\"text-align: left;\"><span style=\"color: #000080;\">Ob\u00f3z Treblinka II powsta\u0142 latem 1942 r. przy istniej\u0105cym ju\u017c karnym obozie pracy Treblinka I, staj\u0105c si\u0119 jednym z g\u0142\u00f3wnych miejsc zag\u0142ady ludno\u015bci \u017cydowskiej na ziemiach okupowanych przez Niemc\u00f3w.<\/span><\/p>\n<p style=\"text-align: left;\"><span style=\"color: #000080;\">Za\u0142og\u0119 obozu w Treblince stanowi\u0142o ok. 30 Niemc\u00f3w i Austriak\u00f3w, s\u0142u\u017c\u0105cy w oddzia\u0142ach SS i policji oraz 100-120 stra\u017cnik\u00f3w, w wi\u0119kszo\u015bci narodowo\u015bci ukrai\u0144skiej. Cz\u0119\u015b\u0107 niemieckiej za\u0142ogi mia\u0142a za sob\u0105 udzia\u0142 w akcji T4 (przeprowadzana od 1939 r. akcja likwidacji os\u00f3b chorych i niepe\u0142nosprawnych) oraz s\u0142u\u017cb\u0119 w obozie zag\u0142ady w Sobiborze. Komendantami Treblinki II byli kolejno Irmfried Eberl, Franz Stangl i Kurt Franz.<\/span><\/p>\n<p style=\"text-align: left;\"><span style=\"color: #000080;\">Na niewielkiej przestrzeni (zaledwie 400 na 600 metr\u00f3w) Niemcy zorganizowali prawdziw\u0105 &#8220;fabryk\u0119 \u015bmierci&#8221;. Deportowani docierali do Treblinki skrajnie wycie\u0144czeni. Po wielodniowym transporcie w wagonach bydl\u0119cych cz\u0119sto 1\/3 przewo\u017conych os\u00f3b ju\u017c nie \u017cy\u0142a lub by\u0142a bliska \u015bmierci. Transporty \u017byd\u00f3w z Europy Zachodniej przyje\u017cd\u017ca\u0142y cz\u0119\u015bciowo w wagonach osobowych.<\/span><\/p>\n<p style=\"text-align: left;\"><span style=\"color: #000080;\">Wyp\u0119dzeni z wagon\u00f3w ludzie musieli zostawi\u0107 baga\u017c, a nast\u0119pnie pod pozorem k\u0105pieli kazano im si\u0119 rozbiera\u0107. Osoby starsze, niesprawne fizycznie i osierocone dzieci by\u0142y od razu zabijane strza\u0142em w ty\u0142 g\u0142owy w tzw. lazarecie. Pozostali, pop\u0119dzani z wielk\u0105 brutalno\u015bci\u0105, szli do przypominaj\u0105cych \u0142a\u017anie kom\u00f3r gazowych, gdzie byli u\u015bmiercani spalinami z motoru diesla, dusz\u0105c si\u0119 w wielkich m\u0119czarniach przez ok. 30 minut. W tym czasie \u017cydowscy wi\u0119\u017aniowie sortowali rzeczy zamordowanych, myli wagony i odtaczali je na bocznic\u0119, aby zrobi\u0107 miejsce dla kolejnych transport\u00f3w.<\/span><\/p>\n<p style=\"text-align: left;\"><span style=\"color: #000080;\">W pocz\u0105tkowym okresie istnienia obozu Treblinka II na likwidacj\u0119 transportu licz\u0105cego 5-6 tys. os\u00f3b za\u0142oga potrzebowa\u0142a trzech godzin, wkr\u00f3tce czas ten skr\u00f3ci\u0142 si\u0119 do 90-120 minut. Cia\u0142a natychmiast grzebano w wielkich do\u0142ach.<\/span><\/p>\n<p style=\"text-align: right;\"><span style=\"color: #000080;\">Czytaj dalej: <span style=\"text-decoration: underline;\"><strong><a style=\"color: #000080; text-decoration: underline;\" href=\"http:\/\/nowahistoria.interia.pl\/prl\/news-oprawcy-z-obozu-zaglady-w-treblince-przed-sadem,nId,1534554\" target=\"_blank\">Oprawcy z obozu zag\u0142ady w Treblince przed s\u0105dem<\/a><\/strong><\/span><\/span><\/p>\n<hr style=\"height: 15px; background: #d0e6fa; width: 710px;\" \/>\n<div id=\"content\" class=\"  content-alignment&lt;br \/&gt;&lt;br \/&gt; \">\n<div id=\"watch-description\" class=\"yt-uix-button-panel\">\n<div id=\"watch-description-text\">\n<p style=\"text-align: center;\"><span style=\"color: #808080;\"> twoje uwagi, linki, wlasne artykuly, lub wiadomosci przeslij do: <strong><span style=\"text-decoration: underline;\"><span style=\"color: #808080; text-decoration: underline;\"><a href=\"mailto:webmaster@reunion68.com\">webmaster@reunion68.com<\/a><\/span><\/span><\/strong><\/span><\/p>\n<\/div>\n<\/div>\n<\/div>\n<p>&nbsp;<\/p>\n<hr style=\"width: 710px;\" \/>\n","protected":false},"excerpt":{"rendered":"<p>Oprawcy z obozu zag\u0142ady w Treblince przed s\u0105dem 12 pa\u017adziernika 2014 &#8220;To by\u0142o piek\u0142o, absolutne piek\u0142o. Normalny cz\u0142owiek nie mo\u017ce sobie wyobrazi\u0107, jak ktokolwiek m\u00f3g\u0142by to prze\u017cy\u0107 &#8211; mordercy, urodzeni mordercy bez \u015bladu wyrzut\u00f3w sumienia zabijali ka\u017cd\u0105, najmniejsz\u0105 nawet istot\u0119&#8221; &#8211; napisa\u0142 po latach Kalman Taigman, jeden z nielicznych wi\u0119\u017ani\u00f3w obozu w Treblince, kt\u00f3rym uda\u0142o [&hellip;]<\/p>\n","protected":false},"author":1,"featured_media":0,"comment_status":"closed","ping_status":"closed","sticky":false,"template":"","format":"standard","meta":[],"categories":[6],"tags":[24],"_links":{"self":[{"href":"https:\/\/www.reunion68.se\/index.php?rest_route=\/wp\/v2\/posts\/7143"}],"collection":[{"href":"https:\/\/www.reunion68.se\/index.php?rest_route=\/wp\/v2\/posts"}],"about":[{"href":"https:\/\/www.reunion68.se\/index.php?rest_route=\/wp\/v2\/types\/post"}],"author":[{"embeddable":true,"href":"https:\/\/www.reunion68.se\/index.php?rest_route=\/wp\/v2\/users\/1"}],"replies":[{"embeddable":true,"href":"https:\/\/www.reunion68.se\/index.php?rest_route=%2Fwp%2Fv2%2Fcomments&post=7143"}],"version-history":[{"count":10,"href":"https:\/\/www.reunion68.se\/index.php?rest_route=\/wp\/v2\/posts\/7143\/revisions"}],"predecessor-version":[{"id":7153,"href":"https:\/\/www.reunion68.se\/index.php?rest_route=\/wp\/v2\/posts\/7143\/revisions\/7153"}],"wp:attachment":[{"href":"https:\/\/www.reunion68.se\/index.php?rest_route=%2Fwp%2Fv2%2Fmedia&parent=7143"}],"wp:term":[{"taxonomy":"category","embeddable":true,"href":"https:\/\/www.reunion68.se\/index.php?rest_route=%2Fwp%2Fv2%2Fcategories&post=7143"},{"taxonomy":"post_tag","embeddable":true,"href":"https:\/\/www.reunion68.se\/index.php?rest_route=%2Fwp%2Fv2%2Ftags&post=7143"}],"curies":[{"name":"wp","href":"https:\/\/api.w.org\/{rel}","templated":true}]}}