{"id":7315,"date":"2014-10-17T07:42:50","date_gmt":"2014-10-17T05:42:50","guid":{"rendered":"http:\/\/www.reunion68.se\/?p=7315"},"modified":"2014-10-17T07:42:50","modified_gmt":"2014-10-17T05:42:50","slug":"zawiadomienie-drugie-pokolenie-1","status":"publish","type":"post","link":"https:\/\/www.reunion68.se\/?p=7315","title":{"rendered":"Zawiadomienie &#8211; Drugie Pokolenie [ 1 ]"},"content":{"rendered":"<h4 style=\"text-align: center;\"><a href=\"http:\/\/drugiepokolenie.org.pl\/\" target=\"_blank\"><img decoding=\"async\" class=\"center alignleft\" src=\"http:\/\/www.reunion68.com\/Biuletyn\/img\/drugie-p.png\" alt=\"\" width=\"710\" \/><\/a><span style=\"text-decoration: underline; color: #000080;\"><span style=\"text-decoration: underline;\"><strong><a style=\"color: #000080; text-decoration: underline;\" href=\"http:\/\/www.birthrightisrael.com\/visitingisrael\/Pages\/default.aspx\" target=\"_blank\">Zawiadomienie &#8211; Drugie Pokolenie [ 1 ]<\/a><\/strong><\/span><\/span><\/h4>\n<hr style=\"height: 15px; background: #d0e6fa; width: 710px;\" \/>\n<p><a href=\"http:\/\/www.reunion68.com\/Biuletyn\/img\/taglit1.png\"><img decoding=\"async\" class=\"center aligncenter\" src=\"http:\/\/www.reunion68.com\/Biuletyn\/img\/taglit1.png\" alt=\"\" width=\"710\" \/><\/a><\/p>\n<hr style=\"height: 15px; background: #d0e6fa; width: 710px;\" \/>\n<p style=\"text-align: center;\"><strong><span style=\"color: #000080;\">Drodzy,<\/span><\/strong><\/p>\n<p style=\"text-align: left;\"><span style=\"color: #000080;\"> Pod zmienionym tytu\u0142em zn\u00f3w troch\u0119 o tym, co dzieje si\u0119 w \u017cydowskim \u015bwiecie.<\/span><br \/>\n<span style=\"color: #000080;\"> Dla nowych odbiorc\u00f3w: wyb\u00f3r nasz jest subiektywny i nie obejmuje wszystkiego, a jedynie to, co (wydaje si\u0119) by\u0107 ciekawe dla drugiego pokolenia. Je\u015bli nie podajemy miasta \u2013 to rzecz dzieje si\u0119 w Warszawie.<\/span><br \/>\n<span style=\"color: #000080;\"> I najwa\u017cniejsze, je\u015bli wiecie o ciekawych wydarzeniach w Waszym rejonie, kt\u00f3re mog\u0142yby zainteresowa\u0107 drugie pokolenie \u2013 piszcie \u2013 roze\u015blemy.<\/span><br \/>\n<span style=\"color: #000080;\"> \u017bycie \u017cydowskie b\u0119dzie nieregularnikiem, wysy\u0142anym do cz\u0142onk\u00f3w stowarzyszenia, cz\u0142onk\u00f3w in spe, oraz krewnych i znajomych kr\u00f3lika, kt\u00f3rych adresy mailowe mo\u017cecie nam zg\u0142asza\u0107<\/span><\/p>\n<p style=\"text-align: left;\"><span style=\"color: #000080;\">Kilka dni temu spotkali\u015bmy si\u0119 drugopokoleniowo podczas \u015bwi\u0119ta Sukkot w \u015ar\u00f3dborowie, by\u0142o nam wspaniale! Kto nie by\u0142\u2026. zdj\u0119cie w za\u0142\u0105czniku!<\/span><\/p>\n<div style=\"width: 360px\" class=\"wp-caption alignright\"><a href=\"http:\/\/www.reunion68.com\/Biuletyn\/img\/sukka.jpg\"><img decoding=\"async\" src=\"http:\/\/www.reunion68.com\/Biuletyn\/img\/sukka.jpg\" alt=\"\" width=\"350\" \/><\/a><p class=\"wp-caption-text\">Sukkot w \u015ar\u00f3dborowie<\/p><\/div>\n<p style=\"text-align: left;\"><span style=\"color: #000080;\">17 pa\u017adziernika pi\u0105tek godz. 18.00 \u017bIH, B\u0142\u0119kitny Wie\u017cowiec, spotkanie po\u015bwi\u0119cone pami\u0119ci Olgi Zienkiewicz, w pierwsz\u0105 rocznice Jej \u015bmierci.<\/span><\/p>\n<p style=\"text-align: left;\"><span style=\"color: #000080;\">18 pa\u017adziernika sobota godz. 14.00 Kinoteka w PKiN, w ramach Warsaw Film Festiwal izraelska \u201ePrzedszkolanka\u201d; wi\u0119cej http:\/\/www.wff.pl\/pl\/filmy\/the-kindergarten-teacher\/ &#8211; dzi\u0119kujemy Ewo!<\/span><\/p>\n<p style=\"text-align: left;\"><span style=\"color: #000080;\">21 pa\u017adziernika wtorek godz. 19.00 Galeria Opera w Teatrze Wielkim, wernisa\u017c dw\u00f3ch wystaw &#8220;B\u0105d\u017a silny i odwa\u017cny &#8211; \u017bydzi, sport, Warszawa&#8221; oraz &#8220;Arty\u015bci \u017cydowscy w powojennej Polsce (1945-1989), zaprasza nas Gra\u017cyna Pawlak, dzi\u0119kujemy!<\/span><\/p>\n<p style=\"text-align: left;\"><span style=\"color: #000080;\">21 pa\u017adziernika wtorek godz. 17.00 ul. Rakowiecka 61, Dolny ko\u015bci\u00f3\u0142; Wsp\u00f3lna Rado\u015b\u0107 Tory, spotkanie modlitewne chrze\u015bcijan i \u017byd\u00f3w<\/span><\/p>\n<p style=\"text-align: left;\"><span style=\"color: #000080;\">22 pa\u017adziernika \u015broda godz. 19.00; JCC, Chmielna 9A, wyk\u0142ad Juliana Bussganga zatytu\u0142owany Poszukiwanie swoich przodk\u00f3w w polskich bazach archiwalnych (Finding Your Ancestors in Polish Records). Julian Bussgang wraz z \u017con\u0105 Fay maj\u0105 ponad dwudziestoletnie do\u015bwiadczenie w badaniach genealogicznych obejmuj\u0105cych ziemie polskie, z kt\u00f3rego wnioskami chc\u0105 podzieli\u0107 si\u0119 tym razem z osobami zainteresowanymi odkrywaniem w\u0142asnych korzeni. Wyk\u0142ad w j\u0119zyku polskim.<\/span><\/p>\n<p style=\"text-align: left;\"><span style=\"color: #000080;\">23 pa\u017adziernika czwartek godz. 18.00 ZIH, B\u0142\u0119kitny Wie\u017cowiec, spotkanie po\u015bwi\u0119cone pisarce, t\u0142umaczce Janinie Katz w pierwsz\u0105 rocznic\u0119 Jej \u015bmierci.<\/span><\/p>\n<p style=\"text-align: left;\"><span style=\"color: #000080;\">25 pa\u017adziernika sobota godz. 18.00 Zamiejscowy O\u015brodek Dydaktyczny w Pile Uniwersytetu im. Adama Mickiewicza, ul. Ko\u0142obrzeska 15; wernisa\u017c wystawy Wojciecha Wilczyka NIEWINNE OKO NIE ISTNIEJE \u2013 fotografia; wystawa czynna do 30 listopada br, wiecej http:\/\/www.sztetl.org.pl\/pl\/cms\/aktualnosci\/4342,sklad-zlomu-sklep-fabryka-okien-fotografie-polskich-synagog-w-pile\/<\/span><\/p>\n<p style=\"text-align: left;\"><span style=\"color: #000080;\">25 pa\u017adziernika sobota godz. 18.00, JCC ul. Chmielna 9A, dwudniowe Pierwsze urodziny JCC, wi\u0119cej http:\/\/www.jccwarszawa.pl\/kalendarium\/82\/d\/2014-10-25<\/span><\/p>\n<p style=\"text-align: left;\"><span style=\"color: #000080;\">28 pa\u017adziernika wtorek godz. 19.00 plenerowe widowisko otwarcia Muzeum Historii \u017byd\u00f3w Polskich, wst\u0119p wolny; wi\u0119cej http:\/\/polin.pl\/pl\/aktualnosci\/2014\/10\/15\/gramy-otwarcie-wielkie-widowisko-muzyczne<\/span><br \/>\n<span style=\"color: #000080;\"> Zwiedzanie wystawy sta\u0142ej w dniach 29-30 pa\u017adziernika jest darmowe, mo\u017cliwe po wcze\u015bniejszym indywidualnym ustaleniu terminu poprzez stron\u0119 http:\/\/bilety.polin.pl\/<\/span><br \/>\n<span style=\"color: #000080;\"> S\u0105 tam tak\u017ce (ale znikaj\u0105 z minuty na minut\u0119) bezp\u0142atne wej\u015bci\u00f3wki na r\u00f3\u017cne koncerty\/warsztaty etc. Cz\u0119\u015b\u0107 imprez jest p\u0142atna a cz\u0119\u015b\u0107 darmowa.<\/span><\/p>\n<p style=\"text-align: left;\"><span style=\"color: #000080;\">29 pa\u017adziernika \u015broda godz. 18.00 JCC, Chmielna 9A, prezentacja Pameli Weisberger i Marka Halperna na temat bada\u0144 genealogicznych na terenach Polski i Galicji, po kt\u00f3rej osoby zainteresowane b\u0119d\u0105 mia\u0142y okazj\u0119 do konsultacji i skorzystania z pomocy prowadz\u0105cych we w\u0142asnych genealogicznych poszukiwaniach. Prezentacja w j\u0119zyku angielskim.<\/span><\/p>\n<p style=\"text-align: left;\"><span style=\"color: #000080;\">30 pa\u017adziernika godz. 18.00 czwartek, \u017bIH, wernisa\u017c wystawy \u201eOCALA\u0141E. Kolekcja \u017bIH\u201d, kt\u00f3ra uka\u017ce fenomen polsko-\u017cydowskiej kultury i sztuki od ko\u0144ca XIX do po\u0142owy XX wieku. Zaprezentowane zostan\u0105 dzie\u0142a blisko pi\u0119\u0107dziesi\u0119ciu artyst\u00f3w; wi\u0119cej http:\/\/www.jhi.pl\/blog\/2014-09-22-zapraszamy-na-wernisaz-wystawy-ocalale-kolekcja-malarstwa-rysunku-rzezby-ze-zbiorow-zydowskiego-instytutu-historycznego<\/span><\/p>\n<p style=\"text-align: left;\"><span style=\"color: #000080;\">TAGLIT &#8211; trwaj\u0105 zapisy na zimowy 10.dniowy wyjazd do Izraela dla m\u0142odzie\u017cy &#8211; szczeg\u00f3\u0142y w za\u0142\u0105czniku, informacje u Magdy Dorosz, tel. 66 000 1345, 513550 670 lub sochnut.edukacja@gmail.com oraz http:\/\/goo.gl\/0VdqiK; nowo\u015bci\u0105 w najbli\u017cszym sezonie jest mo\u017cliwo\u015b\u0107 udzia\u0142u w Taglicie os\u00f3b, kt\u00f3re maj\u0105 uko\u0144czone 27 lat, ale niesko\u0144czone jeszcze 28 lat.<\/span><\/p>\n<p style=\"text-align: left;\"><span style=\"color: #000080;\">16 listopada niedziela od godz. 11.00, JCC Chmielna 9A, Pierwsza OTWARTA NIEDZIELA po przerwie; Drugie Pokolenie b\u0119dzie mie\u0107 wsp\u00f3lny st\u00f3\u0142, przy kt\u00f3rym z przyjaci\u00f3\u0142mi zamierzamy zje\u015b\u0107 \u015bniadanie i rozmawia\u0107\u2026.. wi\u0119cej o BOKER TOW http:\/\/www.jccwarszawa.pl\/news\/186\/n\/172<\/span><\/p>\n<div style=\"width: 160px\" class=\"wp-caption alignright\"><img decoding=\"async\" src=\"http:\/\/www.reunion68.com\/Biuletyn\/img\/Elzbieta.jpg\" alt=\"\" width=\"150\" \/><p class=\"wp-caption-text\">Drugie Pokolenie <br \/>El\u017cbieta Magenheim<\/p><\/div>\n<p style=\"text-align: left;\"><span style=\"color: #000080;\">Poni\u017cej przesy\u0142am informacj\u0119 na temat promocji lot\u00f3w do Tel Awiwu<\/span><br \/>\n<span style=\"color: #000080;\"> Po wi\u0119cej szczeg\u00f3\u0142\u00f3w nale\u017cy dzwoni\u0107 bezpo\u015brednio do Biura NOVA TRAVEL tel.: 56 62 10 270<\/span><\/p>\n<p style=\"text-align: left;\"><span style=\"color: #000080;\">Warunki:<\/span><br \/>\n<span style=\"color: #000080;\"> sprzeda\u017c do soboty 18 pa\u017adziernika do godz. 14.00<\/span><br \/>\n<span style=\"color: #000080;\"> podr\u00f3\u017c musi rozpoczyna\u0107 si\u0119 w Polsce<\/span><br \/>\n<span style=\"color: #000080;\"> wykup w tym samym dniu, co za\u0142o\u017cenie rezerwacji (got\u00f3wka lub przelew bankowy)<\/span><br \/>\n<span style=\"color: #000080;\"> zwrot i zmiany niedozwolone<\/span><br \/>\n<span style=\"color: #000080;\"> brak mo\u017cliwo\u015bci modyfikacji danych pasa\u017cera<\/span><br \/>\n<span style=\"color: #000080;\"> minimum pobytu: 3 dni lub sunday rule<\/span><br \/>\n<span style=\"color: #000080;\"> maksimum pobytu: powr\u00f3t musi nastapi\u0107 najp\u00f3\u017aniej do 22 marca<\/span><br \/>\n<span style=\"color: #000080;\"> baga\u017c rejestrowany: 1 szt. do 23 kg + podr\u0119czny 8 kg o wymiarach 55x40x25 cm<\/span><\/p>\n<p style=\"text-align: left;\"><span style=\"color: #000080;\">Tel Awiw ceny ju\u017c od: 599 z\u0142<\/span><br \/>\n<span style=\"color: #000080;\"> Wylot<\/span><br \/>\n<span style=\"color: #000080;\"> listopad: 13 \/ 18 \/ 23 \/ 25 \/ 29 \/ 30<\/span><br \/>\n<span style=\"color: #000080;\"> grudzie\u0144: 2 \/ 4 \/ 6 \/ 7 \/ 9 \/ 11<\/span><br \/>\n<span style=\"color: #000080;\"> stycze\u0144: 13 \/ 17 \/ 18 \/ 20 \/ 25 \/ 27 \/ 29<\/span><br \/>\n<span style=\"color: #000080;\"> luty: 8 \/ 10 \/ 15 \/ 17 \/ 21 \/ 22 \/ 24 \/ 28<\/span><br \/>\n<span style=\"color: #000080;\"> marzec: 1 \/3 \/ 7 \/ 8 \/ 10 \/ 15 \/ 17<\/span><br \/>\n<span style=\"color: #000080;\"> Powr\u00f3t<\/span><br \/>\n<span style=\"color: #000080;\"> listopad: 19 \/ 21 \/ 26 \/ 30<\/span><br \/>\n<span style=\"color: #000080;\"> grudzie\u0144: 7 \/ 8 \/ 10 \/ 12<\/span><br \/>\n<span style=\"color: #000080;\"> stycze\u0144: 14 \/ 16 \/ 18 \/ 19 \/ 21 \/ 23 \/ 26 \/ 28 \/ 30<\/span><br \/>\n<span style=\"color: #000080;\"> luty: 2 \/ 4 \/ 6 \/ 9 \/ 13 \/ 16 \/ 20 \/ 23 \/ 25<\/span><br \/>\n<span style=\"color: #000080;\"> marzec: 2 \/4 \/ 6 \/ 9 \/ 11 \/ 13 \/ 16 \/ 20 \/ 22<\/span><br \/>\n<span style=\"color: #000080;\"> Liczba miejsc w promocji ograniczona.<\/span><\/p>\n<p style=\"text-align: left;\"><span style=\"color: #000080;\">Pozosta\u0142e kierunki nawet od 349 z\u0142 !!!<\/span><br \/>\n<span style=\"color: #000080;\"> Okres podr\u00f3\u017cy pomi\u0119dzy 2 listopada &#8211; 12 grudnia 2014<\/span><br \/>\n<span style=\"color: #000080;\"> oraz od 13 stycznia do 22 marca 2015 :<\/span><br \/>\n<span style=\"color: #000080;\"> Amsterdam, Ateny, Barcelona, Belgrad, Bruksela, Budapeszt, Bukareszt, Erywa\u0144, Frankfurt, Genewa, Hamburg, Istambu\u0142, Kij\u00f3w, Kopenhaga, Larnaka, Londyn, Lw\u00f3w, Madryt, Mediolan, Mi\u0144sk, Monachium, Moskwa, Odessa, Pary\u017c, Praga, Ryga, Sofia, St. Petersburg, Sztokholm, Tallin, Tbilisi, Wiede\u0144, Wilno<\/span><br \/>\n<span style=\"color: #000080;\"> Toronto, Nowy Jork, Chicago, Pekin ju\u017c od 1899 z\u0142<\/span><\/p>\n<p style=\"text-align: left;\"><span style=\"color: #000080;\">Pozdrawiam ciep\u0142o<\/span><br \/>\n<span style=\"color: #000080;\"> Ela Magenheim<\/span><\/p>\n<hr style=\"height: 15px; background: #d0e6fa; width: 710px;\" \/>\n<div id=\"content\" class=\"  content-alignment&lt;br \/&gt;&lt;br \/&gt; \">\n<div id=\"watch-description\" class=\"yt-uix-button-panel\">\n<div id=\"watch-description-text\">\n<p style=\"text-align: center;\"><span style=\"color: #808080;\"> twoje uwagi, linki, wlasne artykuly, lub wiadomosci przeslij do: <strong><span style=\"text-decoration: underline;\"><span style=\"color: #808080; text-decoration: underline;\"><a href=\"mailto:webmaster@reunion68.com\">webmaster@reunion68.com<\/a><\/span><\/span><\/strong><\/span><\/p>\n<\/div>\n<\/div>\n<\/div>\n<p>&nbsp;<\/p>\n<hr style=\"width: 710px;\" \/>\n","protected":false},"excerpt":{"rendered":"<p>Zawiadomienie &#8211; Drugie Pokolenie [ 1 ] Drodzy, Pod zmienionym tytu\u0142em zn\u00f3w troch\u0119 o tym, co dzieje si\u0119 w \u017cydowskim \u015bwiecie. Dla nowych odbiorc\u00f3w: wyb\u00f3r nasz jest subiektywny i nie obejmuje wszystkiego, a jedynie to, co (wydaje si\u0119) by\u0107 ciekawe dla drugiego pokolenia. Je\u015bli nie podajemy miasta \u2013 to rzecz dzieje si\u0119 w Warszawie. I [&hellip;]<\/p>\n","protected":false},"author":1,"featured_media":0,"comment_status":"closed","ping_status":"closed","sticky":false,"template":"","format":"standard","meta":[],"categories":[4],"tags":[24],"_links":{"self":[{"href":"https:\/\/www.reunion68.se\/index.php?rest_route=\/wp\/v2\/posts\/7315"}],"collection":[{"href":"https:\/\/www.reunion68.se\/index.php?rest_route=\/wp\/v2\/posts"}],"about":[{"href":"https:\/\/www.reunion68.se\/index.php?rest_route=\/wp\/v2\/types\/post"}],"author":[{"embeddable":true,"href":"https:\/\/www.reunion68.se\/index.php?rest_route=\/wp\/v2\/users\/1"}],"replies":[{"embeddable":true,"href":"https:\/\/www.reunion68.se\/index.php?rest_route=%2Fwp%2Fv2%2Fcomments&post=7315"}],"version-history":[{"count":16,"href":"https:\/\/www.reunion68.se\/index.php?rest_route=\/wp\/v2\/posts\/7315\/revisions"}],"predecessor-version":[{"id":7331,"href":"https:\/\/www.reunion68.se\/index.php?rest_route=\/wp\/v2\/posts\/7315\/revisions\/7331"}],"wp:attachment":[{"href":"https:\/\/www.reunion68.se\/index.php?rest_route=%2Fwp%2Fv2%2Fmedia&parent=7315"}],"wp:term":[{"taxonomy":"category","embeddable":true,"href":"https:\/\/www.reunion68.se\/index.php?rest_route=%2Fwp%2Fv2%2Fcategories&post=7315"},{"taxonomy":"post_tag","embeddable":true,"href":"https:\/\/www.reunion68.se\/index.php?rest_route=%2Fwp%2Fv2%2Ftags&post=7315"}],"curies":[{"name":"wp","href":"https:\/\/api.w.org\/{rel}","templated":true}]}}