{"id":7381,"date":"2014-10-18T20:33:14","date_gmt":"2014-10-18T18:33:14","guid":{"rendered":"http:\/\/www.reunion68.se\/?p=7381"},"modified":"2014-10-18T20:33:14","modified_gmt":"2014-10-18T18:33:14","slug":"sladami-zydowskiej-warszawy","status":"publish","type":"post","link":"https:\/\/www.reunion68.se\/?p=7381","title":{"rendered":"\u015aladami \u017cydowskiej Warszawy&#8230;"},"content":{"rendered":"<h4 style=\"text-align: center;\"><div style=\"width: 160px\" class=\"wp-caption alignleft\"><img decoding=\"async\" class=\"spotlight\" src=\"https:\/\/fbcdn-sphotos-g-a.akamaihd.net\/hphotos-ak-xpf1\/v\/t1.0-9\/10410782_678270178909988_4484073560970103293_n.jpg?oh=dc361fb7fef415731046e907970b7d3f&amp;oe=54EAB7C9&amp;__gda__=1421918115_10bd8c1d1e1aab8412aca3e030538afd\" alt=\"\" width=\"150\" \/><p class=\"wp-caption-text\">Robert Mielcarek<\/p><\/div><span style=\"text-decoration: underline; color: #000080;\"><strong><a style=\"color: #000080; text-decoration: underline;\" href=\"https:\/\/www.facebook.com\/robert.mielcarek.94\/media_set?set=a.687592781311061.1073741838.100001810378752&amp;type=1\" target=\"_blank\">\u015aladami \u017cydowskiej Warszawy&#8230;<\/a><\/strong><\/span><\/h4>\n<p>&nbsp;<\/p>\n<p style=\"text-align: center;\"><span style=\"color: #808080;\"><strong>\u015aladami \u017cydowskiej Warszawy&#8230;kt\u00f3rej nie ma&#8230;<\/strong><\/span><\/p>\n<hr style=\"height: 15px; background: #d0e6fa; width: 710px;\" \/>\n<div style=\"width: 720px\" class=\"wp-caption aligncenter\"><img decoding=\"async\" class=\"spotlight\" src=\"https:\/\/fbcdn-sphotos-h-a.akamaihd.net\/hphotos-ak-xpa1\/v\/t1.0-9\/10676356_687592817977724_730510656531815223_n.jpg?oh=6ad6fed635df8f2a23910a305ffcddbe&amp;oe=54E99397&amp;__gda__=1421347498_b79f2c1e6203586cab904242b77f9a99\" alt=\"\" width=\"710\" \/><p class=\"wp-caption-text\">Zaznaczony \u015blad muru getta w okolicy Pa\u0142acu Kultury FOTO: Robert Mielcarek<\/p><\/div>\n<p>&nbsp;<\/p>\n<hr style=\"height: 15px; background: #d0e6fa; width: 710px;\" \/>\n<div style=\"width: 720px\" class=\"wp-caption aligncenter\"><img decoding=\"async\" class=\"spotlight\" src=\"https:\/\/fbcdn-sphotos-c-a.akamaihd.net\/hphotos-ak-xpa1\/v\/t1.0-9\/10703671_687593581310981_3718574784775861836_n.jpg?oh=2eadf904f37934e67021078b3e22dd4c&amp;oe=54EB844D&amp;__gda__=1425296629_f46e241ac34811be559a74685b3d7f25\" alt=\"\" width=\"710\" \/><p class=\"wp-caption-text\">Synagoga No\u017cyk\u00f3w Foto: Robert Mielcarek<\/p><\/div>\n<p style=\"text-align: right;\"><span style=\"color: #000080;\">Zobacz wiecej tu: <span style=\"text-decoration: underline;\"><strong><a style=\"color: #000080; text-decoration: underline;\" href=\"https:\/\/www.facebook.com\/robert.mielcarek.94\/media_set?set=a.687592781311061.1073741838.100001810378752&amp;type=1\" target=\"_blank\">\u015aladami \u017cydowskiej Warszawy&#8230;<\/a><\/strong><\/span><\/span><\/p>\n<hr style=\"height: 15px; background: #d0e6fa; width: 710px;\" \/>\n<div id=\"content\" class=\"  content-alignment&lt;br \/&gt;&lt;br \/&gt; \">\n<div id=\"watch-description\" class=\"yt-uix-button-panel\">\n<div id=\"watch-description-text\">\n<p style=\"text-align: center;\"><span style=\"color: #808080;\"> twoje uwagi, linki, wlasne artykuly, lub wiadomosci przeslij do: <strong><span style=\"text-decoration: underline;\"><span style=\"color: #808080; text-decoration: underline;\"><a href=\"mailto:webmaster@reunion68.com\">webmaster@reunion68.com<\/a><\/span><\/span><\/strong><\/span><\/p>\n<\/div>\n<\/div>\n<\/div>\n<p>&nbsp;<\/p>\n<hr style=\"width: 710px;\" \/>\n","protected":false},"excerpt":{"rendered":"<p>\u015aladami \u017cydowskiej Warszawy&#8230; &nbsp; \u015aladami \u017cydowskiej Warszawy&#8230;kt\u00f3rej nie ma&#8230; &nbsp; Zobacz wiecej tu: \u015aladami \u017cydowskiej Warszawy&#8230; twoje uwagi, linki, wlasne artykuly, lub wiadomosci przeslij do: webmaster@reunion68.com &nbsp;<\/p>\n","protected":false},"author":1,"featured_media":0,"comment_status":"closed","ping_status":"closed","sticky":false,"template":"","format":"standard","meta":[],"categories":[4],"tags":[24],"_links":{"self":[{"href":"https:\/\/www.reunion68.se\/index.php?rest_route=\/wp\/v2\/posts\/7381"}],"collection":[{"href":"https:\/\/www.reunion68.se\/index.php?rest_route=\/wp\/v2\/posts"}],"about":[{"href":"https:\/\/www.reunion68.se\/index.php?rest_route=\/wp\/v2\/types\/post"}],"author":[{"embeddable":true,"href":"https:\/\/www.reunion68.se\/index.php?rest_route=\/wp\/v2\/users\/1"}],"replies":[{"embeddable":true,"href":"https:\/\/www.reunion68.se\/index.php?rest_route=%2Fwp%2Fv2%2Fcomments&post=7381"}],"version-history":[{"count":27,"href":"https:\/\/www.reunion68.se\/index.php?rest_route=\/wp\/v2\/posts\/7381\/revisions"}],"predecessor-version":[{"id":7408,"href":"https:\/\/www.reunion68.se\/index.php?rest_route=\/wp\/v2\/posts\/7381\/revisions\/7408"}],"wp:attachment":[{"href":"https:\/\/www.reunion68.se\/index.php?rest_route=%2Fwp%2Fv2%2Fmedia&parent=7381"}],"wp:term":[{"taxonomy":"category","embeddable":true,"href":"https:\/\/www.reunion68.se\/index.php?rest_route=%2Fwp%2Fv2%2Fcategories&post=7381"},{"taxonomy":"post_tag","embeddable":true,"href":"https:\/\/www.reunion68.se\/index.php?rest_route=%2Fwp%2Fv2%2Ftags&post=7381"}],"curies":[{"name":"wp","href":"https:\/\/api.w.org\/{rel}","templated":true}]}}