{"id":7436,"date":"2014-10-19T16:11:03","date_gmt":"2014-10-19T14:11:03","guid":{"rendered":"http:\/\/www.reunion68.se\/?p=7436"},"modified":"2014-10-19T19:50:48","modified_gmt":"2014-10-19T17:50:48","slug":"zapiski-nieodpowiedzialne-jana-hartmana-jada-zydzi-jada","status":"publish","type":"post","link":"https:\/\/www.reunion68.se\/?p=7436","title":{"rendered":"Zapiski Nieodpowiedzialne Jana Hartmana &#8211; Jad\u0105 \u017bydzi, jad\u0105"},"content":{"rendered":"<h4 style=\"text-align: center;\"><a href=\"http:\/\/hartman.blog.polityka.pl\/\" target=\"_blank\"><img decoding=\"async\" class=\"center alignleft\" src=\"http:\/\/www.reunion68.com\/Biuletyn\/img\/hartman.png\" alt=\"\" width=\"450\" \/><\/a><span style=\"text-decoration: underline; color: #000080;\"><span style=\"text-decoration: underline;\"><strong><a style=\"color: #000080; text-decoration: underline;\" href=\"http:\/\/hartman.blog.polityka.pl\/2014\/10\/19\/jada-zydzi-jada\/\" target=\"_blank\">\u00a0Jad\u0105 \u017bydzi, jad\u0105<\/a><\/strong><\/span><\/span><\/h4>\n<hr style=\"height: 15px; background: #d0e6fa; width: 710px;\" \/>\n<p style=\"text-align: left;\"><span style=\"color: #000080;\">Ju\u017c za kilka dni wielkie otwarcie Muzeum Historii \u017byd\u00f3w Polskich. B\u0119dzie go\u015bci co niemiara! Jak to zwykle w Polsce bywa, nie obesz\u0142o si\u0119 bez rozmaitych zgrzyt\u00f3w i zaci\u0119\u0107, a w ko\u0144cu i znacznych op\u00f3\u017anie\u0144. Ale to wszystko za nami.<\/span><\/p>\n<p style=\"text-align: left;\"><span style=\"color: #000080;\">Jest muzeum, jest dyrektor, jest program i s\u0105 pieni\u0105dze. Dzi\u0119ki pracy setek ludzi, w\u015br\u00f3d kt\u00f3rych bez w\u0105tpienia wyr\u00f3\u017cni\u0107 trzeba ojca i patrona ca\u0142ego przedsi\u0119wzi\u0119cia red. Mariana Turskiego, Polska ma jeden z najwa\u017cniejszych obiekt\u00f3w na mapie \u017cydowskiej diaspory. Ma go ju\u017c, a \u015bwiat przekona si\u0119, \u017ce jest w\u0142a\u015bnie taki wa\u017cny, a nie jaki\u015b tam, jeden z wielu, ju\u017c za rok albo dwa.<\/span><\/p>\n<p style=\"text-align: left;\"><span style=\"color: #000080;\">To niezwykle istotne dla \u015bwiatowego wizerunku Polski, cz\u0119sto tak niesprawiedliwie i przesadnie eksponuj\u0105cego polski antysemityzm. Antysemityzm jest, lecz jest te\u017c godno\u015b\u0107 pa\u0144stwa i jego elit, kt\u00f3re potrafi\u0105 stan\u0105\u0107 twarz\u0105 w twarz ze wsp\u00f3ln\u0105 polsko-\u017cydowsk\u0105 histori\u0105, antysemitom za\u015b pokaza\u0107 drzwi.\u00a0<\/span><\/p>\n<p style=\"text-align: left;\"><span style=\"color: #000080;\">Za tydzie\u0144 zasypi\u0105 nas recenzje z wystawy sta\u0142ej. Sam nie mog\u0119 si\u0119 ju\u017c doczeka\u0107 jej obejrzenia. Wyobra\u017cam sobie, jak trudno by\u0142o omin\u0105\u0107 wszystkie rafy uprzedze\u0144 i stereotyp\u00f3w, kt\u00f3re tak \u0142atwo, acz ca\u0142kiem niechc\u0105cy si\u0119 utrwala. Jak pokaza\u0107 powszechn\u0105 nienawi\u015b\u0107 Polak\u00f3w do \u017byd\u00f3w w czasie wojny, obok sprawiedliwych, kt\u00f3rzy \u017byd\u00f3w z nara\u017ceniem \u017cycia ratowali, i obok tych, kt\u00f3rzy robili to samo, tylko \u017ce dla pieni\u0119dzy? Jak pokaza\u0107 \u201e\u017cydokomun\u0119\u201d obok jej r\u00f3wnie\u017c \u017cydowskich ofiar?\u00a0Jak pokaza\u0107 antysemityzm polskich bohater\u00f3w i zas\u0142ugi, jakie ponie\u015bli dla \u017byd\u00f3w liczni \u201ep\u00f3\u0142antysemici\u201d, osoby \u201ejudeo-niejednoznaczne\u201d, w tym wielu \u017byd\u00f3w? Jak wyt\u0142umaczy\u0107 zawi\u0142o\u015bci to\u017csamo\u015bciowe: \u017byd, polski \u017byd, Polak wyznania moj\u017ceszowego, Polak-\u017byd, \u017byd-Polak, osoba pochodzenia \u017cydowskiego, p\u00f3\u0142-\u017byd, etniczny \u017byd\u2026 Sami \u017bydzi po\u0142apa\u0107 si\u0119 w tym nie mog\u0105, a co dopiero zwiedzaj\u0105cy.<\/span><\/p>\n<p style=\"text-align: left;\"><span style=\"color: #000080;\">B\u0119d\u0105 m\u00f3wili o wystawie, \u017ce si\u0119 tam oprawc\u00f3w wybiela? A Izraelczycy b\u0119d\u0105 narzeka\u0107, \u017ce umniejsza si\u0119 pogromy i rozgrabianie mienia \u017cydowskiego? Religijni, \u017ce nazbyt podkre\u015bla si\u0119 \u017cydowskie pochodzenie os\u00f3b, kt\u00f3re z \u017cydostwem nie maj\u0105 nic wsp\u00f3lnego? Atei\u015bci, \u017ce za du\u017co w tym muzeum religii i zr\u00f3wnywania \u017cydowsko\u015bci z judaizmem? Katolicy, \u017ce znies\u0142awia si\u0119 Ko\u015bci\u00f3\u0142, pokazuj\u0105c, jak przez stulecia j\u0105trzy\u0142 i prze\u015bladowa\u0142 \u017byd\u00f3w? Wierz\u0105cy \u017bydzi, \u017ce nazbyt podkre\u015bla si\u0119 niech\u0119\u0107 \u017cydowskich \u015brodowisk religijnych do \u017cywio\u0142u chrze\u015bcija\u0144skiego? Antysemici, \u017ce za ma\u0142o jest o zbrodniach \u017cydowskich partyzant\u00f3w na polskich patriotach? Aj, waj, wszyscy b\u0119d\u0105 biadoli\u0107 i narzeka\u0107. Jeszcze si\u0119 taki nie urodzi\u0142, kto by wszystkim dogodzi\u0142.<\/span><\/p>\n<p style=\"text-align: left;\"><span style=\"color: #000080;\">Na wszelki wypadek Muzeum nazwa\u0142o si\u0119 Polin, czyli Polska. \u017beby nie by\u0142o w\u0105tpliwo\u015bci, \u017ce jest polskie i patriotyczne.<br \/>\nCzy to zapowied\u017a podporz\u0105dkowania si\u0119 doktrynie idyllizmu w stosunkach polsko-\u017cydowskich, zag\u0142askuj\u0105cej bolesn\u0105 pami\u0119\u0107 i wygadzaj\u0105cej wszystkie fa\u0142dki, tak aby na uroczysto\u015bciach zawsze by\u0142o cacy, ach, jak cacy? Mam nadziej\u0119, \u017ce nie.<\/span><\/p>\n<p style=\"text-align: left;\"><span style=\"color: #000080;\">W przeddzie\u0144 otwarcia, na kt\u00f3re wybieram si\u0119 z mam\u0105 (dzieckiem Holokaustu), \u017cycz\u0119 Muzeum przede wszystkim wielkiej odwagi. Nie dajcie si\u0119 zastraszy\u0107 ani przekupi\u0107! Nie dajcie sobie narzuci\u0107 filisterskich pseudoprawd! Nie b\u00f3jcie si\u0119 PiS-u, Rydzyka, kiboli, faszyst\u00f3w ani op\u0119tanych prawicowych oszo\u0142om\u00f3w z Jerozolimy i Nowego Jorku! Nie b\u00f3jcie si\u0119 w og\u00f3le nikogo! B\u0105d\u017acie jak pionierzy i kibucnicy. Bo to muzeum jest w\u0142a\u015bnie jak kibuc na \u015brodku pustyni. Pustyni pozosta\u0142ej po \u017cydowskiej Polsce. \u017badna z instytucji \u017cydowskich nie mo\u017ce si\u0119 z Wami r\u00f3wna\u0107. Zostali\u015bcie skazani na przyw\u00f3dztwo w \u017cydowskim \u017cyciu kulturalnym naszego kraju \u2013 wszystkie fundacje, wydawnictwa i stowarzyszenia znajd\u0105 si\u0119 w Waszym cieniu, oby przyjaznym i opieku\u0144czym. B\u0105d\u017acie w tej swojej patriarchalnej misji jak m\u0105dry rabin, kt\u00f3ry godzi zwa\u015bnionych s\u0105siad\u00f3w i stara si\u0119 mie\u0107 dobre s\u0142owo dla ka\u017cdego. Otwierajcie swoj\u0105 przestrze\u0144 na wszystkich zwariowanych \u017byd\u00f3w i zwariowanych goj\u00f3w, kt\u00f3rzy nie wiedzie\u0107 czemu ci\u0105gle do \u017byd\u00f3w lgn\u0105. Nie r\u00f3bcie nikomu \u0142aski. B\u0105d\u017acie Domem \u017bydowskim, a jednocze\u015bnie Domem Polskim, aby nikt nie mia\u0142 w\u0105tpliwo\u015bci, \u017ce tu, w tym zapieraj\u0105cym dech w piersi gmachu, dwa dzielne narody wsp\u00f3\u0142\u017cyj\u0105 ze sob\u0105 i goszcz\u0105 si\u0119 wzajem we wsp\u00f3lnym domu, a wraz z tym goszcz\u0105 ca\u0142y \u015bwiat.<\/span><\/p>\n<p style=\"text-align: right;\"><span style=\"color: #000080;\">Czytaj dalej tu: <span style=\"text-decoration: underline;\"><strong><a style=\"color: #000080; text-decoration: underline;\" href=\"http:\/\/hartman.blog.polityka.pl\/2014\/10\/19\/jada-zydzi-jada\/\" target=\"_blank\">\u00a0Jad\u0105 \u017bydzi, jad\u0105<\/a><\/strong><\/span><br \/>\n<\/span><\/p>\n<hr style=\"height: 15px; background: #d0e6fa; width: 710px;\" \/>\n<div id=\"content\" class=\"  content-alignment&lt;br \/&gt;&lt;br \/&gt; \">\n<div id=\"watch-description\" class=\"yt-uix-button-panel\">\n<div id=\"watch-description-text\">\n<p style=\"text-align: center;\"><span style=\"color: #808080;\"> twoje uwagi, linki, wlasne artykuly, lub wiadomosci przeslij do: <strong><span style=\"text-decoration: underline;\"><span style=\"color: #808080; text-decoration: underline;\"><a href=\"mailto:webmaster@reunion68.com\">webmaster@reunion68.com<\/a><\/span><\/span><\/strong><\/span><\/p>\n<\/div>\n<\/div>\n<\/div>\n<p>&nbsp;<\/p>\n<hr style=\"width: 710px;\" \/>\n","protected":false},"excerpt":{"rendered":"<p>\u00a0Jad\u0105 \u017bydzi, jad\u0105 Ju\u017c za kilka dni wielkie otwarcie Muzeum Historii \u017byd\u00f3w Polskich. B\u0119dzie go\u015bci co niemiara! Jak to zwykle w Polsce bywa, nie obesz\u0142o si\u0119 bez rozmaitych zgrzyt\u00f3w i zaci\u0119\u0107, a w ko\u0144cu i znacznych op\u00f3\u017anie\u0144. Ale to wszystko za nami. Jest muzeum, jest dyrektor, jest program i s\u0105 pieni\u0105dze. Dzi\u0119ki pracy setek ludzi, [&hellip;]<\/p>\n","protected":false},"author":1,"featured_media":0,"comment_status":"closed","ping_status":"closed","sticky":false,"template":"","format":"standard","meta":[],"categories":[6],"tags":[24],"_links":{"self":[{"href":"https:\/\/www.reunion68.se\/index.php?rest_route=\/wp\/v2\/posts\/7436"}],"collection":[{"href":"https:\/\/www.reunion68.se\/index.php?rest_route=\/wp\/v2\/posts"}],"about":[{"href":"https:\/\/www.reunion68.se\/index.php?rest_route=\/wp\/v2\/types\/post"}],"author":[{"embeddable":true,"href":"https:\/\/www.reunion68.se\/index.php?rest_route=\/wp\/v2\/users\/1"}],"replies":[{"embeddable":true,"href":"https:\/\/www.reunion68.se\/index.php?rest_route=%2Fwp%2Fv2%2Fcomments&post=7436"}],"version-history":[{"count":20,"href":"https:\/\/www.reunion68.se\/index.php?rest_route=\/wp\/v2\/posts\/7436\/revisions"}],"predecessor-version":[{"id":7453,"href":"https:\/\/www.reunion68.se\/index.php?rest_route=\/wp\/v2\/posts\/7436\/revisions\/7453"}],"wp:attachment":[{"href":"https:\/\/www.reunion68.se\/index.php?rest_route=%2Fwp%2Fv2%2Fmedia&parent=7436"}],"wp:term":[{"taxonomy":"category","embeddable":true,"href":"https:\/\/www.reunion68.se\/index.php?rest_route=%2Fwp%2Fv2%2Fcategories&post=7436"},{"taxonomy":"post_tag","embeddable":true,"href":"https:\/\/www.reunion68.se\/index.php?rest_route=%2Fwp%2Fv2%2Ftags&post=7436"}],"curies":[{"name":"wp","href":"https:\/\/api.w.org\/{rel}","templated":true}]}}