{"id":7476,"date":"2014-10-22T08:24:33","date_gmt":"2014-10-22T06:24:33","guid":{"rendered":"http:\/\/www.reunion68.se\/?p=7476"},"modified":"2014-10-23T09:08:44","modified_gmt":"2014-10-23T07:08:44","slug":"czy-dania-zlosci-sie-na-turcje-z-wlasciwego-powodu","status":"publish","type":"post","link":"https:\/\/www.reunion68.se\/?p=7476","title":{"rendered":"Czy Dania z\u0142o\u015bci si\u0119 na Turcj\u0119 z w\u0142a\u015bciwego powodu?"},"content":{"rendered":"<h4 style=\"text-align: center;\"><img decoding=\"async\" class=\"alignleft\" src=\"http:\/\/www.reunion68.com\/Biuletyn\/img\/t-a-o-1\" alt=\"\" width=\"350\" \/><span style=\"text-decoration: underline; color: #000080;\"><span style=\"text-decoration: underline;\"><strong><a href=\"http:\/\/www.telawiwonline.com\/?p=11591\" target=\"_blank\"><br \/>\n<span style=\"color: #000080; text-decoration: underline;\"><br \/>\nCzy Dania z\u0142o\u015bci si\u0119 na Turcj\u0119 z w\u0142a\u015bciwego powodu?<\/span><\/a><\/strong><\/span><\/span><\/h4>\n<p>ALEKSANDER MILCHTACH SLAW<\/p>\n<hr style=\"height: 15px; background: #d0e6fa; width: 710px;\" \/>\n<p style=\"text-align: left;\"><span style=\"color: #000080;\">Dania i Turcja s\u0105 na najlepszej drodze do kryzysu dyplomatycznego. Przyczyn\u0105 konfliktu jest B.H. \u2013 obywatel du\u0144ski liba\u0144skiego pochodzenia, kt\u00f3rego w\u0142adze tureckie zatrzyma\u0142y w kwietniu za pos\u0142ugiwanie si\u0119 fa\u0142szywym paszportem. Osadzony w tureckim pierdlu, osobnik ten szybko doszed\u0142 do wniosku, \u017ce du\u0144skie wi\u0119zienia maj\u0105 nieodparty urok w por\u00f3wnaniu z tym, co Turcy byli w stanie mu zaoferowa\u0107 i obwie\u015bci\u0142 bez bicia (w co raczej w\u0105tpi\u0119, znaj\u0105c islamski wymiar sprawiedliwo\u015bci), \u017ce jest poszukiwany przez du\u0144skie w\u0142adze. Za co? \u2013 Za pr\u00f3b\u0119 morderstwa na znanym du\u0144skim dziennikarzu, Larsie Hedegaardzie.<\/span><\/p>\n<p style=\"text-align: left;\"><span style=\"color: #000080;\">W lutym 2013 roku B.H. przebrany za du\u0144skiego listonosza, wywabi\u0142 Hedegaarda z jego mieszkania na klatk\u0119 schodow\u0105 pod pozorem dostarczenia paczki. Celuj\u0105c w g\u0142ow\u0119 Hedegaarda z pistoletu z odleg\u0142o\u015bci kilkunastu centymetr\u00f3w, da\u0142 powa\u017cn\u0105 plam\u0119 nie tylko pud\u0142uj\u0105c, lecz tak\u017ce salwuj\u0105c si\u0119 ucieczk\u0105 po szarpaninie z prawie trzy razy od siebie starszym Hedegaardem. Podda\u0142 ty\u0142y tak skutecznie, ze tego samego dnia uciek\u0142 do Turcji, podczas gdy du\u0144ska policja i wywiad zachodzi\u0142y w g\u0142ow\u0119, kim jest napastnik i jak to mo\u017cliwe, \u017ce jakby zapad\u0142 si\u0119 pod ziemi\u0119.<\/span><\/p>\n<p style=\"text-align: left;\"><span style=\"color: #000080;\">Bardzo kompetentne owe organizacje \u015bledcze przeoczy\u0142y w swojej gor\u0105czce dochodzeniowej samoch\u00f3d dostawczy B.H. zaparkowany przed domem Hedegaarda przez ca\u0142e dwa tygodnie. Na wie\u015b\u0107 o zatrzymaniu B.H. w Turcji du\u0144skie w\u0142adze\u2026natychmiast wyst\u0105pi\u0142y o jego ekstradycj\u0119 i sprawa by\u0142a w jak najlepszym toku. Nagle jednak, tu\u017c przed weekendem, dosz\u0142y do du\u0144skich w\u0142adz niepokoj\u0105ce wie\u015bci z bli\u017cej nieokre\u015blonych \u017ar\u00f3de\u0142 (czytaj: obcych wywiad\u00f3w), \u017ce B.H. zosta\u0142 zwolniony z wi\u0119zienia i przy\u0142\u0105czy\u0142 si\u0119 do ISIS. Oczywi\u015bcie nici z ekstradycji, z s\u0105du w Danii i z jak\u017ce s\u0142usznego wyroku opiewaj\u0105cego zapewne na jakie\u015b 5 miesi\u0119cy w zawieszeniu, bo w Danii przest\u0119pstwa ekonomiczne kosztuj\u0105 znacznie wi\u0119cej ni\u017c morderstwa. Ale za to wybuch\u0142a Wielka Awantura, zw\u0142aszcza, gdy sprawa dosta\u0142a si\u0119 do medi\u00f3w.<\/span><\/p>\n<p style=\"text-align: left;\"><span style=\"color: #000080;\">Du\u0144skie media wprawdzie nienawidz\u0105 Hedegaarda i ch\u0119tnie doprowadzi\u0142yby do jego \u015bmierci publicznej, ale pr\u00f3ba fizycznego zab\u00f3jstwa nawet dla nich nie jest do zaakceptowania. Hedegaard jest mianowicie znany ze swojego bezkompromisowego wk\u0142adu w walk\u0119 przeciwko islamizacji Danii. Jest on tak\u017ce wsp\u00f3\u0142za\u0142o\u017cycielem Towarzystwa Wolno\u015bci Druku, organizacji walcz\u0105cej o zachowanie wolno\u015bci s\u0142owa w Danii. Wedle TWD i Hedegaarda wolno\u015b\u0107 s\u0142owa, a tak\u017ce inne swobody obywatelskie, podlegaj\u0105 dzisiaj ostrym ograniczeniom pod wp\u0142ywem politycznej poprawno\u015bci medi\u00f3w i polityk\u00f3w w stosunku do Islamu i jego wyznawc\u00f3w oraz z powodu autocenzury w obliczu ew. oskar\u017ce\u0144 o rasizm. Nie mniej wa\u017cnym czynnikiem jest przemoc i pr\u00f3by intymidacji ze strony co bardziej zagorza\u0142ych wyznawc\u00f3w proroka w stosunku do os\u00f3b nastawionych krytycznie do ich moralno\u015bci i kultury i nawo\u0142uj\u0105cych do ograniczenia nap\u0142ywu imigrant\u00f3w z kraj\u00f3w muzu\u0142ma\u0144skich do Danii.<\/span><\/p>\n<p style=\"text-align: left;\"><span style=\"color: #000080;\">Najbardziej zaskakuje chyba jednak reakcja lewactwa w du\u0144skim parlamencie, kt\u00f3re notorycznie jest pro-imigracyjne, jezuicko antyrasistowskie i gremialnie optuj\u0105ce za przyj\u0119ciem Turcji do Unii. Lewactwo to dzisiaj wysuwa najbardziej radykalne propozycje sankcji przeciwko Turcji, jak np. wycofanie du\u0144skiej misji wojskowej z kraju w ramach retaliacji, ale tylko za nies\u0142owno\u015b\u0107 Erdogana, a nie za wspieranie ISIS. Awantura trwa dalej \u2013 ambasador Turcji wzywany na dywanik w du\u0144skim MSZ, telegramy wysy\u0142ane do r\u00f3\u017cnych ministerstw w Ankarze z \u017c\u0105daniami wyja\u015bnie\u0144, czy to prawda \u017ce zosta\u0142 zwolniony, a je\u017celi tak, to z jakiej racji\u2026 Za\u015b pan i w\u0142adca Turcji, Erdogan, nie daje znaku \u017cycia, doskonale zdaj\u0105c sobie spraw\u0119, \u017ce doprowadza polityk\u00f3w du\u0144skich do bia\u0142ej gor\u0105czki z upokorzenia.<\/span><\/p>\n<p style=\"text-align: left;\"><span style=\"color: #000080;\">Jak ka\u017cdy dobry islamista, wie, \u017ce B\u00f3g nim kieruje, a zreszt\u0105 \u2013 ca\u0142a ta Dania mo\u017ce mu przecie\u017c naskoczy\u0107\u2026<\/span><\/p>\n<p style=\"text-align: right;\"><span style=\"color: #000080;\">Czytaj dalej tu: \u00a0<strong><a style=\"color: #000080;\" href=\"http:\/\/www.telawiwonline.com\/?p=11591\" target=\"_blank\"><span style=\"text-decoration: underline;\">Czy Dania z\u0142o\u015bci&#8230;<\/span><\/a><\/strong><\/span><\/p>\n<hr style=\"height: 15px; background: #d0e6fa; width: 710px;\" \/>\n<div id=\"content\" class=\"  content-alignment&lt;br \/&gt;&lt;br \/&gt; \">\n<div id=\"watch-description\" class=\"yt-uix-button-panel\">\n<div id=\"watch-description-text\">\n<p style=\"text-align: center;\"><span style=\"color: #808080;\"> twoje uwagi, linki, wlasne artykuly, lub wiadomosci przeslij do: <strong><span style=\"text-decoration: underline;\"><span style=\"color: #808080; text-decoration: underline;\"><a href=\"mailto:webmaster@reunion68.com\">webmaster@reunion68.com<\/a><\/span><\/span><\/strong><\/span><\/p>\n<\/div>\n<\/div>\n<\/div>\n<p>&nbsp;<\/p>\n<hr style=\"width: 710px;\" \/>\n","protected":false},"excerpt":{"rendered":"<p>Czy Dania z\u0142o\u015bci si\u0119 na Turcj\u0119 z w\u0142a\u015bciwego powodu? ALEKSANDER MILCHTACH SLAW Dania i Turcja s\u0105 na najlepszej drodze do kryzysu dyplomatycznego. Przyczyn\u0105 konfliktu jest B.H. \u2013 obywatel du\u0144ski liba\u0144skiego pochodzenia, kt\u00f3rego w\u0142adze tureckie zatrzyma\u0142y w kwietniu za pos\u0142ugiwanie si\u0119 fa\u0142szywym paszportem. Osadzony w tureckim pierdlu, osobnik ten szybko doszed\u0142 do wniosku, \u017ce du\u0144skie wi\u0119zienia [&hellip;]<\/p>\n","protected":false},"author":1,"featured_media":0,"comment_status":"closed","ping_status":"closed","sticky":false,"template":"","format":"standard","meta":[],"categories":[6],"tags":[24],"_links":{"self":[{"href":"https:\/\/www.reunion68.se\/index.php?rest_route=\/wp\/v2\/posts\/7476"}],"collection":[{"href":"https:\/\/www.reunion68.se\/index.php?rest_route=\/wp\/v2\/posts"}],"about":[{"href":"https:\/\/www.reunion68.se\/index.php?rest_route=\/wp\/v2\/types\/post"}],"author":[{"embeddable":true,"href":"https:\/\/www.reunion68.se\/index.php?rest_route=\/wp\/v2\/users\/1"}],"replies":[{"embeddable":true,"href":"https:\/\/www.reunion68.se\/index.php?rest_route=%2Fwp%2Fv2%2Fcomments&post=7476"}],"version-history":[{"count":21,"href":"https:\/\/www.reunion68.se\/index.php?rest_route=\/wp\/v2\/posts\/7476\/revisions"}],"predecessor-version":[{"id":7507,"href":"https:\/\/www.reunion68.se\/index.php?rest_route=\/wp\/v2\/posts\/7476\/revisions\/7507"}],"wp:attachment":[{"href":"https:\/\/www.reunion68.se\/index.php?rest_route=%2Fwp%2Fv2%2Fmedia&parent=7476"}],"wp:term":[{"taxonomy":"category","embeddable":true,"href":"https:\/\/www.reunion68.se\/index.php?rest_route=%2Fwp%2Fv2%2Fcategories&post=7476"},{"taxonomy":"post_tag","embeddable":true,"href":"https:\/\/www.reunion68.se\/index.php?rest_route=%2Fwp%2Fv2%2Ftags&post=7476"}],"curies":[{"name":"wp","href":"https:\/\/api.w.org\/{rel}","templated":true}]}}