{"id":7543,"date":"2014-10-24T07:27:54","date_gmt":"2014-10-24T05:27:54","guid":{"rendered":"http:\/\/www.reunion68.se\/?p=7543"},"modified":"2014-10-24T07:27:54","modified_gmt":"2014-10-24T05:27:54","slug":"powrot-zydow-moda-na-zydowskosc","status":"publish","type":"post","link":"https:\/\/www.reunion68.se\/?p=7543","title":{"rendered":"Powr\u00f3t \u017byd\u00f3w [ Moda na \u017cydowsko\u015b\u0107 ]"},"content":{"rendered":"<h4 style=\"text-align: center;\"><a href=\"http:\/\/www.polityka.pl\/\" target=\"_blank\"><img decoding=\"async\" class=\"center alignleft\" src=\"http:\/\/www.reunion68.com\/Biuletyn\/img\/polityka.jpg\" alt=\"\" \/><\/a><span style=\"text-decoration: underline; color: #000080;\"><span style=\"text-decoration: underline;\"><strong><a style=\"color: #000080; text-decoration: underline;\" href=\"http:\/\/www.polityka.pl\/tygodnikpolityka\/spoleczenstwo\/1596469,1,moda-na-zydowskosc.read\" target=\"_blank\">Powr\u00f3t \u017byd\u00f3w [ Moda na \u017cydowsko\u015b\u0107 ]<\/a><\/strong><\/span><\/span><\/h4>\n<p style=\"text-align: center;\">Marcin Ko\u0142odziejczyk<\/p>\n<hr style=\"height: 15px; background: #d0e6fa; width: 710px;\" \/>\n<div style=\"width: 360px\" class=\"wp-caption alignright\"><img decoding=\"async\" title=\"Donat Brykczy\u0144ski\/Reporter\" src=\"\/\/static.polityka.pl\/_resource\/res\/path\/7a\/ca\/7aca4739-3411-454a-ad72-277199f565ae_470x\" alt=\"Instalacja \u201ePami\u0119\u0107 kamienic\u201d przy ulicy Pr\u00f3\u017cnej, prezentowana podczas Festiwalu Kultury \u017bydowskiej Warszawa Singera\" width=\"350\" \/><p class=\"wp-caption-text\">Instalacja \u201ePami\u0119\u0107 kamienic\u201d przy ulicy Pr\u00f3\u017cnej, prezentowana podczas Festiwalu Kultury \u017bydowskiej Warszawa Singera FOTO: Donat Brykczy\u0144ski\/Reporter<\/p><\/div>\n<p style=\"text-align: left;\"><span style=\"color: #808080;\"><strong>\u017bydzi ju\u017c par\u0119 razy wracali do wolnej Polski \u2013 jako temat, folklor, emocja, moda. Do w\u0142a\u015bnie otwieranego niezwyk\u0142ego Muzeum Historii \u017byd\u00f3w Polskich na warszawskim Muranowie ju\u017c ustawiaj\u0105 si\u0119 kolejki.<\/strong><\/span><\/p>\n<p style=\"text-align: left;\"><span style=\"color: #000080;\">Popularne staje si\u0119 w Polsce poszukiwanie \u017cydowskich korzeni, odkrywanie \u017cydowskiej kultury, historii i religii. Jedni odpowiadaj\u0105 sobie na pytanie \u017cycia: kim jestem? Inni tylko zanurz\u0105 si\u0119 w modzie na \u017cydowsko\u015b\u0107, czekaj\u0105c, a\u017c nadejdzie inna.<\/span><\/p>\n<p style=\"text-align: left;\"><span style=\"color: #000080;\">Opowiada Bartek, student szko\u0142y aktorskiej: kolega znany niegdy\u015b z imprezowo\u015bci zaskoczy\u0142 wszystkich pro\u015bb\u0105, by do niego nie dzwoni\u0107 w pi\u0105tkowe wieczory i przez ca\u0142e soboty. Nie b\u0119dzie odbiera\u0142 telefon\u00f3w, nie otworzy drzwi, gdyby kto\u015b przyszed\u0142. Powodem przemiany s\u0105 \u015bwie\u017co odkryte przez koleg\u0119 korzenie \u017cydowskie; s\u0142owem, przechodzi na judaizm i koszern\u0105 kuchni\u0119. Sprawa roznios\u0142a si\u0119 po szkole, kolega zaimponowa\u0142 zw\u0142aszcza dziewczynom. Z wygl\u0105du uduchowi\u0142 si\u0119 i spowa\u017cnia\u0142, sta\u0142 si\u0119 jakby wi\u0119cej wiedz\u0105cy. Bartek poproszony przez dziennikarza o kontakt z tym koleg\u0105 wraca z odmow\u0105: jego wiara nie jest na sprzeda\u017c, jest osobista.<\/span><\/p>\n<p style=\"text-align: left;\"><span style=\"color: #000080;\">Spis powszechny z 2002 r. przyni\u00f3s\u0142 oficjaln\u0105 liczb\u0119 \u017byd\u00f3w w Polsce \u2013 1,1 tys. Nie odpowiada\u0142o to prawdzie, pokazywa\u0142o raczej wyobra\u017cenie o kraju, jakie mieli wtedy ludzie o \u017cydowskich korzeniach \u2013 w tym samym czasie ponad 3 tys. os\u00f3b nale\u017ca\u0142o do organizacji \u017cydowskich, ale publicznie nie przyznawa\u0142o si\u0119 do pochodzenia. M\u00f3wi\u0142o si\u0119, \u017ce to starsze pokolenie, kt\u00f3re \u201ewesz\u0142o do szafy\u201d po kierowanych przez w\u0142adze pa\u0144stwa anty\u017cydowskich szykanach i wyp\u0119dzeniach z marca 1968 r.<\/span><\/p>\n<p style=\"text-align: left;\"><span style=\"color: #000080;\">W spisie z 2011 r. ju\u017c 7 tys. os\u00f3b okre\u015bli\u0142o si\u0119 jako \u017bydzi. Prawdziwa liczba \u017byd\u00f3w w Polsce jest nieznana, r\u00f3\u017cne \u017ar\u00f3d\u0142a podaj\u0105 od 20 do 100 tys. \u2013 to szacunki zale\u017cne od optymizmu m\u00f3wi\u0105cych i kogo za \u017byda uwa\u017caj\u0105. Pewne jest natomiast, \u017ce takiego renesansu zainteresowania \u017cydowsko\u015bci\u0105 jak obecnie Polska jeszcze w swojej historii nie prze\u017cywa\u0142a.<\/span><\/p>\n<hr style=\"height: 15px; background: #d0e6fa; width: 710px;\" \/>\n<div id=\"content\" class=\"  content-alignment&lt;br \/&gt;&lt;br \/&gt; \">\n<div id=\"watch-description\" class=\"yt-uix-button-panel\">\n<div id=\"watch-description-text\">\n<p style=\"text-align: center;\"><span style=\"color: #808080;\"> twoje uwagi, linki, wlasne artykuly, lub wiadomosci przeslij do: <strong><span style=\"text-decoration: underline;\"><span style=\"color: #808080; text-decoration: underline;\"><a href=\"mailto:webmaster@reunion68.com\">webmaster@reunion68.com<\/a><\/span><\/span><\/strong><\/span><\/p>\n<\/div>\n<\/div>\n<\/div>\n<p>&nbsp;<\/p>\n<hr style=\"width: 710px;\" \/>\n","protected":false},"excerpt":{"rendered":"<p>Powr\u00f3t \u017byd\u00f3w [ Moda na \u017cydowsko\u015b\u0107 ] Marcin Ko\u0142odziejczyk \u017bydzi ju\u017c par\u0119 razy wracali do wolnej Polski \u2013 jako temat, folklor, emocja, moda. Do w\u0142a\u015bnie otwieranego niezwyk\u0142ego Muzeum Historii \u017byd\u00f3w Polskich na warszawskim Muranowie ju\u017c ustawiaj\u0105 si\u0119 kolejki. Popularne staje si\u0119 w Polsce poszukiwanie \u017cydowskich korzeni, odkrywanie \u017cydowskiej kultury, historii i religii. Jedni odpowiadaj\u0105 sobie [&hellip;]<\/p>\n","protected":false},"author":1,"featured_media":0,"comment_status":"closed","ping_status":"closed","sticky":false,"template":"","format":"standard","meta":[],"categories":[4],"tags":[24],"_links":{"self":[{"href":"https:\/\/www.reunion68.se\/index.php?rest_route=\/wp\/v2\/posts\/7543"}],"collection":[{"href":"https:\/\/www.reunion68.se\/index.php?rest_route=\/wp\/v2\/posts"}],"about":[{"href":"https:\/\/www.reunion68.se\/index.php?rest_route=\/wp\/v2\/types\/post"}],"author":[{"embeddable":true,"href":"https:\/\/www.reunion68.se\/index.php?rest_route=\/wp\/v2\/users\/1"}],"replies":[{"embeddable":true,"href":"https:\/\/www.reunion68.se\/index.php?rest_route=%2Fwp%2Fv2%2Fcomments&post=7543"}],"version-history":[{"count":14,"href":"https:\/\/www.reunion68.se\/index.php?rest_route=\/wp\/v2\/posts\/7543\/revisions"}],"predecessor-version":[{"id":7557,"href":"https:\/\/www.reunion68.se\/index.php?rest_route=\/wp\/v2\/posts\/7543\/revisions\/7557"}],"wp:attachment":[{"href":"https:\/\/www.reunion68.se\/index.php?rest_route=%2Fwp%2Fv2%2Fmedia&parent=7543"}],"wp:term":[{"taxonomy":"category","embeddable":true,"href":"https:\/\/www.reunion68.se\/index.php?rest_route=%2Fwp%2Fv2%2Fcategories&post=7543"},{"taxonomy":"post_tag","embeddable":true,"href":"https:\/\/www.reunion68.se\/index.php?rest_route=%2Fwp%2Fv2%2Ftags&post=7543"}],"curies":[{"name":"wp","href":"https:\/\/api.w.org\/{rel}","templated":true}]}}