{"id":75548,"date":"2020-01-16T17:09:43","date_gmt":"2020-01-16T15:09:43","guid":{"rendered":"http:\/\/www.reunion68.se\/?p=75548"},"modified":"2020-01-14T15:27:22","modified_gmt":"2020-01-14T13:27:22","slug":"12-09-35","status":"publish","type":"post","link":"https:\/\/www.reunion68.se\/?p=75548","title":{"rendered":"Promowanie b\u0142\u0119dnego przekonania o \u201dPalesty\u0144czykach\u201d"},"content":{"rendered":"<h5 style=\"text-align: center;\"><a href=\"http:\/\/www.listyznaszegosadu.pl\/\" target=\"_blank\" rel=\"noopener noreferrer\"><img decoding=\"async\" width=\"45%\" class=\"center alignleft\" alt=\"\" src=\"http:\/\/www.reunion68.com\/Biuletyn\/img\/z-naszego.jpg\"><\/a><span style=\"text-decoration: underline; color: #000080;\"><strong><a style=\"color: #000080; text-decoration: underline;\" href=\"http:\/\/www.listyznaszegosadu.pl\/notatki\/promowanie-blednego-przekonania-o-palestynczykach\" target=\"_blank\" rel=\"noopener noreferrer\">Promowanie b\u0142\u0119dnego przekonania o \u201dPalesty\u0144czykach\u201d<\/a><\/strong><\/span><\/h5>\n<p style=\"text-align: center;\"><span style=\"color: #000000;\"><strong> Sheri Oz<br \/>\n<\/strong>T\u0142umaczenie:<strong> Ma\u0142gorzata Koraszewska<\/strong><\/span><\/p>\n<hr style=\"height: 15px; background: #d0e6fa; width: 100%;\">\n<p><img decoding=\"async\" width=\"100%\" class=\"aligncenter\" src=\"http:\/\/www.listyznaszegosadu.pl\/upload\/article\/bild\/513\/820709\/flaga__2__s.png\"><\/p>\n<p style=\"text-align: left;\"><span style=\"color: #000080;\">Kiedy arabscy autorzy i proizraelscy dzia\u0142acze, kt\u00f3rych szanuj\u0119 (lub szanowa\u0142am w przesz\u0142o\u015bci) tacy jak Fred Maroun, wykrzykuj\u0105, \u017ce Palesty\u0144czycy istniej\u0105 i nie mo\u017cemy powiedzie\u0107, \u017ce nie istniej\u0105, wpadaj\u0105 oni w pu\u0142apk\u0119 promowania k\u0142amstwa. Zaprzeczam istnieniu narodu zwanego Palestyn\u0105, jaki nigdy nie istnia\u0142 w historii ludzko\u015bci. Oczywi\u015bcie, nie zaprzeczam istnieniu os\u00f3b, kt\u00f3re siebie nazywaj\u0105 Palesty\u0144czykami. Ale to s\u0105 dwie r\u00f3\u017cne rzeczy.<\/span><\/p>\n<p style=\"text-align: left;\"><span style=\"color: #000080;\">Czy to znaczy, \u017ce musz\u0119 zgodzi\u0107 si\u0119 i nazywa\u0107 tych Arab\u00f3w Palesty\u0144czykami? Nie s\u0105dz\u0119. Maroun powiedzia\u0142by, \u017ce jestem \u017ca\u0142osna \u2013 istotnie, tego w\u0142a\u015bnie s\u0142owa u\u017cy\u0142 w wielu odpowiedziach na komentarze na jego stronie Facebooka i w samym blogu. A tak\u017ce w tytule swojego postu: It is Pathetic to Deny the Existence of Palestinians [Jest \u017ca\u0142osne zaprzeczanie istnieniu Palesty\u0144czyk\u00f3w].<\/span><\/p>\n<p style=\"text-align: left;\"><span style=\"color: #000080;\">Tylko to, \u017ce kto\u015b nazywa siebie w pewien spos\u00f3b, nie stanowi jednak, \u017ce tym czym\u015b jest.<\/span><\/p>\n<p style=\"text-align: left;\"><strong>Nazwy i okre\u015blenia s\u0105 wa\u017cne dla rdzennych lud\u00f3w<\/strong><\/p>\n<p style=\"text-align: left;\"><span style=\"color: #000080;\">Rdzenne grupy na ca\u0142ym \u015bwiecie walcz\u0105 o prawo nazywania siebie w\u0142asnymi nazwami, nie za\u015b jakimi\u015b przezwiskami nadanymi im przez mocarstwa kolonialne, kt\u00f3re je podbi\u0142y. Na przyk\u0142ad, Inuici z Kanady zbuntowali si\u0119 w latach 1970. i nalegali, by u\u017cywa\u0107 w stosunku do nich ich prawdziwej nazwy, a nie pogardliwego okre\u015blenia Eskimosi.<\/span><\/p>\n<p style=\"text-align: left;\"><span style=\"color: #000080;\">S\u0105dz\u0119, \u017ce ludzie zacz\u0119li m\u00f3wi\u0107 o palesty\u0144skich Arabach Palesty\u0144czycy tylko dlatego, \u017ce wymaga\u0142o zbyt wiele energii m\u00f3wienie rzeczy takich jak: arabscy uchod\u017acy z by\u0142ego brytyjskiego mandatu Palestyny, albo Arabowie w Autonomii Palesty\u0144skiej, chocia\u017c takie okre\u015blenia s\u0105 \u015bcis\u0142e i poprawne. Jest du\u017co pro\u015bciej m\u00f3wi\u0107 po prostu Palesty\u0144czycy.<\/span><\/p>\n<p style=\"text-align: left;\"><span style=\"color: #000080;\">Pocz\u0105tkowo Arabowie odrzucili to okre\u015blenie. Deklarowali (s\u0142usznie), \u017ce s\u0142owo \u201ePalesty\u0144czycy\u201d odnosi si\u0119 do \u017byd\u00f3w. Przed 1948 rokiem reszta \u015bwiata zgadza\u0142a si\u0119 z nimi, skanduj\u0105c: \u201e\u017bydzi, wracajcie do Palestyny\u201d. (Prosz\u0119 zwr\u00f3ci\u0107 uwag\u0119 na \u201ewracajcie\u201d, nie za\u015b \u201eid\u017acie\u201d, ale to by\u0142by materia\u0142 na osobny artyku\u0142.)<\/span><\/p>\n<p style=\"text-align: left;\"><span style=\"color: #000080;\">Istotnie, jeszcze w 1996 roku Azmi Bishara, w\u00f3wczas arabski cz\u0142onek izraelskiego Knesetu, powiedzia\u0142 wyra\u017anie w wywiadzie dla izraelskiej telewizji, \u017ce Arabowie NIE s\u0105 Palesty\u0144czykami i nigdy nie byli (mo\u017cna to obejrze\u0107 na wideo poni\u017cej):<\/span><\/p>\n<div class=\"content-alignment\" id=\"content\">\n<div class=\"yt-uix-button-panel\" id=\"watch-description\">\n<div id=\"watch-description-text\" style=\"text-align: center;\"><iframe loading=\"lazy\" width=\"680\" height=\"400\" src=\"https:\/\/www.youtube.com\/embed\/FD5xdZgCHvk\" frameborder=\"0\" allowfullscreen=\"allowfullscreen\"><\/iframe><\/div>\n<\/div>\n<\/div>\n<p style=\"text-align: left;\"><span style=\"color: #000080;\">Bishara nie by\u0142 jedyny. Do dzisiaj istniej\u0105 Arabowie, \u017cyj\u0105cy w regionie, kt\u00f3rzy twierdz\u0105, \u017ce nie ma niczego takiego jak Palesty\u0144czyk.<\/span><\/p>\n<div class=\"content-alignment\" id=\"content\">\n<div class=\"yt-uix-button-panel\" id=\"watch-description\">\n<div id=\"watch-description-text\" style=\"text-align: center;\">\n<p><iframe loading=\"lazy\" width=\"480\" height=\"400\" src=\"https:\/\/www.youtube.com\/embed\/0B5hKbDdkU4\" frameborder=\"0\" allowfullscreen=\"allowfullscreen\"><\/iframe><\/p>\n<\/div>\n<\/div>\n<\/div>\n<p style=\"text-align: left;\"><span style=\"color: #000080;\">(W osobnym artykule pisz\u0119 o tym, dlaczego Arabowie, kt\u00f3rzy obecnie nazywaj\u0105 siebie Palesty\u0144czykami, zacz\u0119li stosowa\u0107 t\u0119 nazw\u0119 wobec siebie. Wykracza to poza zasi\u0119g tego postu.)<\/span><\/p>\n<p style=\"text-align: left;\"><span style=\"color: #000080;\">Na swojej stronie Facebooka Maroun (29 pa\u017adziernika) pisze w odpowiedzi na czyj\u015b komentarz:<\/span><\/p>\n<blockquote>\n<p style=\"text-align: left;\">W ka\u017cdym razie odchodzimy daleko od tematu, kt\u00f3rym jest po prostu zaakceptowanie szeroko akceptowanego okre\u015blenia \u201ePalesty\u0144czyk\u201d i odej\u015bcie od absurdalnych i bezsensownych debat o jego pochodzeniu.<\/p>\n<\/blockquote>\n<p style=\"text-align: left;\"><span style=\"color: #000080;\">Czy Maroun, kanadyjski obywatel, powiedzia\u0142by tak\u017ce, \u017ce debata o pochodzeniu nazwy dru\u017cyny futbolowej, Edmonton Eskimos, jest absurdalna i bezsensown\u0105? Kiedy\u015b \u201eEskimos\u201d by\u0142 szeroko akceptowanym okre\u015bleniem. Mimo \u017ce Inuici nie s\u0105 d\u0142u\u017cej znani pod t\u0105 nazw\u0105, nie podoba im si\u0119, \u017ce cokolwiek jest nazywane s\u0142owem, kt\u00f3re kiedy\u015b by\u0142o kolonialnym okre\u015bleniem stosowanym do nich.<\/span><\/p>\n<p style=\"text-align: left;\"><span style=\"color: #000080;\">Ashinabe Niigaan Sinclair, dziekan Wydzia\u0142u Bada\u0144 Lud\u00f3w Rdzennych na University of Manitoba m\u00f3wi:<\/span><\/p>\n<blockquote>\n<p style=\"text-align: left;\">. . .to okre\u015blenie jest uw\u0142aczaj\u0105ce i nie powinno by\u0107 d\u0142u\u017cej nazw\u0105 dru\u017cyny. Nie jest \u0142atwo rozsta\u0107 si\u0119 z tymi nazwami, ale historia w ko\u0144cu uwolni nas od tych rasowo niestosownych, b\u0142\u0119dnie opisuj\u0105cych nazw.<\/p>\n<\/blockquote>\n<p style=\"text-align: left;\"><span style=\"color: #000080;\">Nazwa dru\u017cyny jest uw\u0142aczaj\u0105ca i pogardliwa. I jest uw\u0142aczaj\u0105ca i pogardliwa w\u0142a\u015bnie ze wzgl\u0119du na swoje pochodzenie. Je\u015bli stosuje si\u0119 to do dru\u017cyny futbolowej, czy nie stosuje si\u0119 r\u00f3wnie\u017c do grupy Arab\u00f3w, kt\u00f3rzy otwarcie deklaruj\u0105 swoje pragnienie wymazania z powierzchni Ziemi tych, do kt\u00f3rych okre\u015blenie \u201ePalesty\u0144czyk\u201d by\u0142o pierwotnie stosowane? Moim zdaniem dla Araba nazywanie siebie \u201edumnym Palesty\u0144czykiem\u201d jest zar\u00f3wno \u017ca\u0142osne, jak niew\u0142a\u015bciwe. I przepraszam, je\u015bli nie jest to politycznie poprawne i je\u015bli urazi\u0142am czyje\u015b uczucia.<\/span><\/p>\n<hr>\n<p style=\"text-align: left;\"><img decoding=\"async\" width=\"20%\" class=\"alignleft\" src=\"http:\/\/www.listyznaszegosadu.pl\/upload\/article\/bild\/6756\/820711\/sheri_oz_s.jpg\"><span style=\"color: #808080;\"><em><strong>Sheri Oz<\/strong> &#8211; Urodzona w Kanadzie w 1951 roku, w wieku 26 lat wyemigrowa\u0142a do Izraela, gdzie studiowa\u0142a rolnictwo, po studiach wr\u00f3ci\u0142a do Kanady, studiowa\u0142a psychologi\u0119. W 1986 wr\u00f3ci\u0142a do Izraela zajmuj\u0105c si\u0119 psychoterapi\u0105 rodzin. Autorka ksi\u0105\u017cki Overcoming Childhood Sexual Trauma: A Guide to Breaking Through the Wall of Fear for Practitioners and Survivors Sheri Oz prowadzi blog Israel Diaries.<\/em><\/span><\/p>\n<hr style=\"height: 15px; background: #d0e6fa; width: 100%;\">\n<div class=\"content-alignment\" id=\"content\">\n<div class=\"yt-uix-button-panel\" id=\"watch-description\">\n<div id=\"watch-description-text\" style=\"text-align: center;\">\n<p><em>Zawarto\u015b\u0107 publikowanych artyku\u0142\u00f3w i materia\u0142\u00f3w nie reprezentuje pogl\u0105d\u00f3w ani opinii Reunion&#8217;68,<\/em><em><br \/>\nani te\u017c webmastera Blogu Reunion&#8217;68, chyba ze jest to wyra\u017anie zaznaczone.<br \/>\nTwoje uwagi, linki, w\u0142asne artyku\u0142y lub wiadomo\u015bci prze\u015blij na adres:<br \/>\n<\/em><span style=\"color: #000080;\"><strong><em><a style=\"color: #000080;\" href=\"mailto:webmaster@reunion68.com\"><span style=\"text-decoration: underline;\">webmaster@reunion68.com<\/span><\/a><\/em><\/strong><\/span><\/p>\n<\/div>\n<\/div>\n<\/div>\n<hr style=\"width: 100%;\">\n","protected":false},"excerpt":{"rendered":"<p>Promowanie b\u0142\u0119dnego przekonania o \u201dPalesty\u0144czykach\u201d Sheri Oz T\u0142umaczenie: Ma\u0142gorzata Koraszewska Kiedy arabscy autorzy i proizraelscy dzia\u0142acze, kt\u00f3rych szanuj\u0119 (lub szanowa\u0142am w przesz\u0142o\u015bci) tacy jak Fred Maroun, wykrzykuj\u0105, \u017ce Palesty\u0144czycy istniej\u0105 i nie mo\u017cemy powiedzie\u0107, \u017ce nie istniej\u0105, wpadaj\u0105 oni w pu\u0142apk\u0119 promowania k\u0142amstwa. Zaprzeczam istnieniu narodu zwanego Palestyn\u0105, jaki nigdy nie istnia\u0142 w historii ludzko\u015bci. [&hellip;]<\/p>\n","protected":false},"author":1,"featured_media":0,"comment_status":"closed","ping_status":"closed","sticky":false,"template":"","format":"standard","meta":[],"categories":[6],"tags":[26,24],"_links":{"self":[{"href":"https:\/\/www.reunion68.se\/index.php?rest_route=\/wp\/v2\/posts\/75548"}],"collection":[{"href":"https:\/\/www.reunion68.se\/index.php?rest_route=\/wp\/v2\/posts"}],"about":[{"href":"https:\/\/www.reunion68.se\/index.php?rest_route=\/wp\/v2\/types\/post"}],"author":[{"embeddable":true,"href":"https:\/\/www.reunion68.se\/index.php?rest_route=\/wp\/v2\/users\/1"}],"replies":[{"embeddable":true,"href":"https:\/\/www.reunion68.se\/index.php?rest_route=%2Fwp%2Fv2%2Fcomments&post=75548"}],"version-history":[{"count":5,"href":"https:\/\/www.reunion68.se\/index.php?rest_route=\/wp\/v2\/posts\/75548\/revisions"}],"predecessor-version":[{"id":75564,"href":"https:\/\/www.reunion68.se\/index.php?rest_route=\/wp\/v2\/posts\/75548\/revisions\/75564"}],"wp:attachment":[{"href":"https:\/\/www.reunion68.se\/index.php?rest_route=%2Fwp%2Fv2%2Fmedia&parent=75548"}],"wp:term":[{"taxonomy":"category","embeddable":true,"href":"https:\/\/www.reunion68.se\/index.php?rest_route=%2Fwp%2Fv2%2Fcategories&post=75548"},{"taxonomy":"post_tag","embeddable":true,"href":"https:\/\/www.reunion68.se\/index.php?rest_route=%2Fwp%2Fv2%2Ftags&post=75548"}],"curies":[{"name":"wp","href":"https:\/\/api.w.org\/{rel}","templated":true}]}}