{"id":75669,"date":"2020-01-18T17:05:39","date_gmt":"2020-01-18T15:05:39","guid":{"rendered":"http:\/\/www.reunion68.se\/?p=75669"},"modified":"2020-01-16T11:54:31","modified_gmt":"2020-01-16T09:54:31","slug":"18-05-44","status":"publish","type":"post","link":"https:\/\/www.reunion68.se\/?p=75669","title":{"rendered":"A new Holocaust opera premieres \u2014 in Thailand"},"content":{"rendered":"<h5 style=\"text-align: center;\"><a href=\"https:\/\/forward.com\/\" target=\"_blank\" rel=\"noopener noreferrer\"><img decoding=\"async\" class=\"center alignleft\" src=\"http:\/\/www.reunion68.com\/Biuletyn\/img\/forward.png\" alt=\"\" width=\"35%\" \/><\/a><span style=\"text-decoration: underline; color: #000080;\"><strong><a style=\"color: #000080; text-decoration: underline;\" href=\"https:\/\/forward.com\/culture\/437198\/a-new-holocaust-opera-premieres-in-thailand\/\" target=\"_blank\" rel=\"noopener noreferrer\">A new Holocaust opera premieres \u2014 in Thailand<\/a><\/strong><\/span><\/h5>\n<p style=\"text-align: center;\"><span style=\"color: #000000;\"><strong>Benjamin Ivry<\/strong><\/span><\/p>\n<hr style=\"height: 15px; background: #d0e6fa; width: 100%;\" \/>\n<p><img decoding=\"async\" class=\"aligncenter\" src=\"https:\/\/images.forwardcdn.com\/image\/1300x\/left\/top\/images\/cropped\/helena-poster-1577983298.jpg\" width=\"100%\" \/><\/p>\n<p style=\"text-align: left;\"><span style=\"color: #000080;\">Thailand might not seem the most probable point of origin for a new opera about the Holocaust, but on January 16, the world premiere of\u00a0<a style=\"color: #000080;\" href=\"https:\/\/www.thaibusinessnews.com\/readnews.php?id=2324\" target=\"_blank\" rel=\"nofollow noopener noreferrer\"><span style=\"text-decoration: underline;\"><strong>\u201cHelena Citr\u00f3nov\u00e1\u201d<\/strong><\/span><\/a>\u00a0by the composer Somtow Sucharitkul, 67, will be staged in Bangkok.<\/span><\/p>\n<p style=\"text-align: left;\"><span style=\"color: #000080;\">It is about a real-life Auschwitz survivor of Slovak Jewish origin who at a trial in 1972, testified that a Nazi officer had fallen in love with her and thereafter, saved her and her sister. Despite testimony from others attesting to his crimes, the Nazi was allowed to go free due to a statute of limitations.<\/span><\/p>\n<p style=\"text-align: left;\"><span style=\"color: #000080;\">Citr\u00f3nov\u00e1\u2019s story gained further currency in a 2005 BBC-TV documentary,\u00a0<span style=\"text-decoration: underline;\"><strong><a style=\"color: #000080; text-decoration: underline;\" href=\"https:\/\/www.amazon.com\/Auschwitz-Nazis-Solution-Laurence-2005-09-01\/dp\/B01MYMGAYY\/?tag=thefor03-20\" target=\"_blank\" rel=\"nofollow noopener noreferrer\">\u201cAuschwitz: The Nazis and the \u2018Final Solution\u2019\u201d<\/a><\/strong><\/span>\u00a0in which she was\u00a0<a style=\"color: #000080;\" href=\"https:\/\/www.amazon.com\/Auschwitz-Nazis-Final-Solution-Regions\/dp\/B0006FNXNA\/?tag=thefor03-20\" target=\"_blank\" rel=\"nofollow noopener noreferrer\"><span style=\"text-decoration: underline;\"><strong>interviewed.<\/strong><\/span><\/a><\/span><\/p>\n<p style=\"text-align: left;\"><span style=\"color: #000080;\">It inspired a<span style=\"text-decoration: underline;\"><strong>\u00a0<a style=\"color: #000080; text-decoration: underline;\" href=\"https:\/\/www.amazon.com\/Such-Time-Kate-Breslin\/dp\/0764211609\/?tag=thefor03-20\" target=\"_blank\" rel=\"nofollow noopener noreferrer\">controversial romance novel<\/a>\u00a0<\/strong><\/span>about a Jewish prisoner at a Nazi concentration camp whose love for a Nazi commandant redeems him. As The Forward reported in August 2015, this book sparked objections, notably from Katherine Locke, a Jewish writer based in Philadelphia.<\/span><\/p>\n<p style=\"text-align: left;\"><span style=\"color: #000080;\">Far from Auschwitz and Philadelphia, Somtow Sucharitkul, who writes and composes under the name S.P. Somtow, published\u00a0<a style=\"color: #000080;\" href=\"https:\/\/www.amazon.com\/Helena-Citr%C3%B3nov%C3%A1-libretto-S-P-Somtow\/dp\/1940999197\/?tag=thefor03-20\" target=\"_blank\" rel=\"nofollow noopener noreferrer\"><span style=\"text-decoration: underline;\"><strong>his libretto for Helena Citr\u00f3nov\u00e1<\/strong><\/span><\/a><span style=\"text-decoration: underline;\"><strong>\u00a0<\/strong><\/span>in 2018.<\/span><\/p>\n<p style=\"text-align: left;\"><span style=\"color: #000080;\">A polymath, Somtow is a conductor as well as composer, having founded orchestral ensembles, including one that performed a complete cycle of Mahler symphonies, and\u00a0<span style=\"text-decoration: underline;\"><strong><a style=\"color: #000080; text-decoration: underline;\" href=\"https:\/\/www.amazon.com\/Opera-Siam-2001-2018-First-Productions\/dp\/1940999405\/?tag=thefor03-20\" target=\"_blank\" rel=\"nofollow noopener noreferrer\">an opera company<\/a><\/strong><\/span>\u00a0in the Land of Smiles.<\/span><\/p>\n<p style=\"text-align: left;\"><span style=\"color: #000080;\">Somtow is also a science fiction and horror author; Isaac Asimov, of Russian Jewish origin,\u00a0<a style=\"color: #000080;\" href=\"https:\/\/www.amazon.com\/I-Asimov-Memoir-Isaac\/dp\/055356997X\/?tag=thefor03-20\" target=\"_blank\" rel=\"nofollow noopener noreferrer\"><span style=\"text-decoration: underline;\"><strong>ranked him<\/strong><\/span><\/a>\u00a0among the \u201cexcellent new writers\u201d of science fiction, while Robert Bloch, author of\u00a0<a style=\"color: #000080;\" href=\"https:\/\/www.amazon.com\/Psycho-Novel-Robert-Bloch\/dp\/1590203356\/?tag=thefor03-20\" target=\"_blank\" rel=\"nofollow noopener noreferrer\"><span style=\"text-decoration: underline;\"><strong>\u201cPsycho\u201d (1959)<\/strong><\/span><\/a>, termed Somtow a \u201cbrilliant and important new writer whose work is like a bolt of lightning &#8211; it is both illuminating and electrifying.\u201d<\/span><\/p>\n<p style=\"text-align: left;\"><span style=\"color: #000080;\">Shortly before the premiere of his Holocaust-themed opera, Somtow took time to share his motivations with The Forward\u2019s Benjamin Ivry.<\/span><\/p>\n<p style=\"text-align: left;\"><img decoding=\"async\" class=\"alignleft\" src=\"https:\/\/images.forwardcdn.com\/image\/335x\/center\/images\/cropped\/somtownat-larger-1577983236.jpg\" width=\"40%\" \/><span style=\"color: #999999;\"><em>Courtesy of Opera Siam \/ Somtow Sucharitkul<\/em><\/span><\/p>\n<p><strong style=\"-webkit-font-smoothing: antialiased; -webkit-tap-highlight-color: transparent; box-sizing: inherit; font-family: FreightSans-Bold, 'Arial Black', sans-serif; font-weight: 400;\">Last October, you\u00a0<span style=\"text-decoration: underline;\"><a href=\"https:\/\/twitter.com\/somtow\/status\/1188762771221073920\" target=\"_blank\" rel=\"nofollow noopener noreferrer\"><span style=\"color: #000080; text-decoration: underline;\">tweeted a response<\/span><\/a><\/span>\u00a0to those who wonder why you chose the subject of Helena Citr\u00f3nov\u00e1 by citing lines from Yevgeny Yevtushenko\u2019s poem\u00a0<a href=\"https:\/\/www.amazon.com\/Selected-Penguin-Classics-Yevgeny-Yevtushenko\/dp\/0140424776\/?tag=thefor03-20\" target=\"_blank\" rel=\"nofollow noopener noreferrer\"><span style=\"color: #000080;\"><span style=\"text-decoration: underline;\">\u201cBabi Yar,\u201d about Nazi atrocities in the USSR<\/span>:<\/span><\/a>\u00a0\u201cToday, I am as old\/ As the entire Jewish race itself,\u201d adding \u201cThis story belongs to all of us.\u201d What did you mean by that?<\/strong><\/p>\n<p style=\"text-align: left;\"><span style=\"color: #000080;\">Somtow Sucharitkul: People ask me all the time why should I talk about these things as if I were somehow schnorring in on someone else\u2019s life. I was born in Thailand, but left when I was six months old and lived in Europe for most of my childhood, so it feels like more of my past than what happened in Asian countries. The reason I started getting involved in Jewish issues in Thailand were that none of my students here knew whether Thailand had won or lost the Second World War. I was in the Terminal 21 Shopping Mall [in Bangkok] and saw a statue of Hitler dressed as Ronald McDonald. No one meant anything by it, but it was a terrible moment of disjunction, and I felt that I should explain to young people around me and those in a wider range.<\/span><\/p>\n<p style=\"text-align: left;\"><strong style=\"-webkit-font-smoothing: antialiased; -webkit-tap-highlight-color: transparent; box-sizing: inherit; font-family: FreightSans-Bold, 'Arial Black', sans-serif; font-weight: 400;\">You posted on\u00a0<span style=\"text-decoration: underline;\"><span style=\"color: #000080; text-decoration: underline;\"><a style=\"color: #000080; text-decoration: underline;\" href=\"https:\/\/www.facebook.com\/somtow\/posts\/10157451069838070\" target=\"_blank\" rel=\"nofollow noopener noreferrer\">Facebook in October<\/a><\/span><\/span>\u00a0that in the opera\u2019s final scene, when you set the heroine\u2019s words, \u201cMy father told me once, never forget you\u2019re a Jew,\u201d you chose to rework a melody from\u00a0<span style=\"text-decoration: underline;\"><a href=\"https:\/\/www.amazon.com\/Die-Walkure-Richard-Wagner\/dp\/B0000042H6\/?tag=thefor03-20\" target=\"_blank\" rel=\"nofollow noopener noreferrer\"><span style=\"color: #000080; text-decoration: underline;\">Wagner\u2019s \u201cDie Walk\u00fcre.\u201d<\/span><\/a><\/span>\u00a0You add that this was done \u201cunconsciously,\u201d but using the notorious anti-Semite Wagner\u2019s music in this context was an \u201callusion so cogent and so trenchant that my unconscious must have intended it.\u201d So was it intentional or unconscious?<\/strong><\/p>\n<p style=\"text-align: left;\"><span style=\"color: #000080;\">I imagine it was unconsciously intentional. At the time I wrote those notes, I thought to myself, this is Wagner, but I couldn\u2019t place it. That was an odd moment, I have to admit.<\/span><\/p>\n<p style=\"text-align: left;\"><span style=\"color: #808080;\"><em>art. recommended <strong>Leon Rozenbaum<\/strong><\/em><\/span><br \/>\n<img decoding=\"async\" class=\"center alignleft\" src=\"http:\/\/www.reunion68.com\/Biuletyn\/ico\/leon-r.jpg\" alt=\"\" width=\"25%\" \/><\/p>\n<p style=\"text-align: left;\"><strong style=\"-webkit-font-smoothing: antialiased; -webkit-tap-highlight-color: transparent; box-sizing: inherit; font-family: FreightSans-Bold, 'Arial Black', sans-serif; font-weight: 400;\">When you programmed in Bangkok\u00a0<a href=\"https:\/\/www.amazon.com\/Brundibar-KRASA-LAITMAN\/dp\/B000K97RKC\/?tag=thefor03-20\" target=\"_blank\" rel=\"nofollow noopener noreferrer\"><span style=\"color: #000080; text-decoration: underline;\">Hans Kr\u00e1sa\u2019s opera \u201cBrundib\u00e1r,\u201d<\/span><\/a>\u00a0first performed in 1943 by children at Theresienstadt concentration camp (Terez\u00edn), and the Russian Jewish composer\u00a0<a href=\"https:\/\/www.amazon.com\/Das-Tagebuch-Anne-Frank-Diary\/dp\/B0002IVNYC\/?tag=thefor03-20\" target=\"_blank\" rel=\"nofollow noopener noreferrer\"><span style=\"color: #000080; text-decoration: underline;\">Grigori Frid\u2019s \u201cDiary of Anne Frank\u201d (1968)<\/span><\/a>\u00a0as well as Michael Tippett\u2019s oratorio\u00a0<a href=\"https:\/\/www.amazon.com\/Tippett-Child-Time-Jessye-Norman\/dp\/B00000E3HY\/?tag=thefor03-20\" target=\"_blank\" rel=\"nofollow noopener noreferrer\"><span style=\"color: #000080; text-decoration: underline;\">\u201cA Child of Our Time\u201d<\/span><\/a>\u00a0inspired by the events surrounding\u00a0<a href=\"https:\/\/www.amazon.com\/Night-Broken-Glass-Eyewitness-Kristallnacht\/dp\/0745650848\/?tag=thefor03-20\" target=\"_blank\" rel=\"nofollow noopener noreferrer\"><span style=\"color: #000080; text-decoration: underline;\">Kristallnacht in 1938,<\/span><\/a>\u00a0what were your goals?<\/strong><\/p>\n<p style=\"text-align: left;\"><span style=\"color: #000080;\">I wanted to help the Israeli embassy to commemorate Holocaust Memorial Day in January. Because it is about humanity. This is also about that such things should not happen again. I sometimes tell people that the past is like a mirror and we don\u2019t dare look into it because we are afraid of seeing ourselves.<\/span><\/p>\n<p style=\"text-align: left;\"><strong style=\"-webkit-font-smoothing: antialiased; -webkit-tap-highlight-color: transparent; box-sizing: inherit; font-family: FreightSans-Bold, 'Arial Black', sans-serif; font-weight: 400;\">Your novel\u00a0<span style=\"color: #000080;\"><a style=\"color: #000080;\" href=\"https:\/\/www.amazon.com\/Other-City-Angels-Comedy-Bangkok\/dp\/0980014905\/?tag=thefor03-20\" target=\"_blank\" rel=\"nofollow noopener noreferrer\"><span style=\"text-decoration: underline;\">\u201cThe Other City of Angels\u201d (2008)<\/span><\/a><\/span><span style=\"text-decoration: underline;\">\u00a0<\/span>is set in Bangkok, where Judith Abramovitz, an American socialite, marries a Thai man who may be a serial killer. Judith experiments with Thai animism and other mysticism. Do you know any American Jewish expats who try Thai popular religious beliefs?<\/strong><\/p>\n<p><span style=\"color: #000080;\">She\u2019s like so many of my friends in the States, but not like many of my friends in Thailand. When I lived in the States, I lived in the East Coast and Los Angeles in a culturally Jewish milieu, so I was fascinated by how these friends might react when they were in Thailand.<\/span><\/p>\n<p style=\"text-align: left;\"><strong style=\"-webkit-font-smoothing: antialiased; -webkit-tap-highlight-color: transparent; box-sizing: inherit; font-family: FreightSans-Bold, 'Arial Black', sans-serif; font-weight: 400;\">The\u00a0<a href=\"https:\/\/www.amazon.com\/Companion-Blackwell-Companions-Literature-Culture\/dp\/1119062500\/?tag=thefor03-20\" target=\"_blank\" rel=\"nofollow noopener noreferrer\"><span style=\"color: #000080; text-decoration: underline;\">literary critic David Punter<\/span><\/a>\u00a0has compared Judith Abramovitz\u2019s story to that of the\u00a0<span style=\"color: #000080;\"><a style=\"color: #000080;\" href=\"https:\/\/www.amazon.com\/Legend-Wandering-Jew-George-Anderson\/dp\/0874515475\/?tag=thefor03-20\" target=\"_blank\" rel=\"nofollow noopener noreferrer\">\u201cWandering Jew who seeks forbidden knowledge.\u201d<\/a><\/span><\/strong><\/p>\n<p style=\"text-align: left;\"><span style=\"color: #000080;\">Oh my God. (laughs) That\u2019s certainly reading a lot into it. I never thought of it like that, but it\u2019s sort of cool. But the Wandering Jew myth is that he is punished for some anti-Christian thing, and that was the farthest thing from my mind.<\/span><\/p>\n<p style=\"text-align: left;\"><strong style=\"-webkit-font-smoothing: antialiased; -webkit-tap-highlight-color: transparent; box-sizing: inherit; font-family: FreightSans-Bold, 'Arial Black', sans-serif; font-weight: 400;\">In another novel,\u00a0<a href=\"https:\/\/www.amazon.com\/Aquila-New-World-Aquiliad-No\/dp\/0345338677\/?tag=thefor03-20\" target=\"_blank\" rel=\"nofollow noopener noreferrer\"><span style=\"color: #000080; text-decoration: underline;\">\u201cAquila in the New World\u201d (1983)<\/span><\/a>\u00a0set in another dimension where ancient Rome never fell, adventurers meet a certain Abraham bar-David and a group of Jews who remain loyal to their customs, admitting to an \u201cirresistible appetite for this smoked salmon, which we devour constantly with a kind of round, holed bread loaf smeared with creamed cheese.\u201d So bagels and lox will survive into other dimensions and worlds?<\/strong><\/p>\n<p style=\"text-align: left;\">Well, I have tried to find good [bagels and lox] in Bangkok without much success. My editor at Del Rey Books in New York was very Orthodox and once she met me for lunch on Saturday on the top story of my hotel. She walked up all 22 flights because it was Saturday. Her faith was so central to her existence that she did this without thinking. This drew me greatly into looking more closely at my Jewish friends and started a lifelong interest that led to writing this opera.<\/p>\n<p style=\"text-align: left;\"><strong style=\"-webkit-font-smoothing: antialiased; -webkit-tap-highlight-color: transparent; box-sizing: inherit; font-family: FreightSans-Bold, 'Arial Black', sans-serif; font-weight: 400;\">In 1987, you told the\u00a0<a href=\"https:\/\/www.latimes.com\/archives\/la-xpm-1987-07-30-vw-145-story.html\" target=\"_blank\" rel=\"nofollow noopener noreferrer\"><span style=\"text-decoration: underline;\"><span style=\"color: #000080; text-decoration: underline;\">Los Angeles Times,<\/span><\/span><\/a>\u00a0\u201cI had initially envisioned myself becoming the Kwisatz Haderach, the term for a future-day messiah used in the science fiction novel\u00a0<span style=\"color: #000080; text-decoration: underline;\"><a style=\"color: #000080; text-decoration: underline;\" href=\"https:\/\/www.amazon.com\/Great-Dune-Trilogy-Children-Gollancz\/dp\/0575070706\/?tag=thefor03-20\" target=\"_blank\" rel=\"nofollow noopener noreferrer\">\u201cDune\u201d<\/a>\u00a0<\/span>of Thai music.\u201d Kfitzat ha derech is in fact an equivalent of the term shortcut, but what is the appeal of Hebrew language to science fiction authors such as yourself or Frank Herbert, author of \u201cDune\u201d?<\/strong><\/p>\n<p style=\"text-align: left;\"><span style=\"color: #000080;\">That\u2019s a very interesting question. One of the most intriguing ideas about the Hebrew language is that words contain their own essences, that words are by their nature magical, in some sense. I don\u2019t know what language is the ur-language of the universe, but Hebrew has the sound that it might be, it has that kind of ring to it.<\/span><\/p>\n<hr style=\"height: 15px; background: #d0e6fa; width: 100%;\" \/>\n<div id=\"content\" class=\"content-alignment\">\n<div id=\"watch-description\" class=\"yt-uix-button-panel\">\n<div id=\"watch-description-text\" style=\"text-align: center;\">\n<p><em>Zawarto\u015b\u0107 publikowanych artyku\u0142\u00f3w i materia\u0142\u00f3w nie reprezentuje pogl\u0105d\u00f3w ani opinii Reunion&#8217;68,<\/em><em><br \/>\nani te\u017c webmastera Blogu Reunion&#8217;68, chyba ze jest to wyra\u017anie zaznaczone.<br \/>\nTwoje uwagi, linki, w\u0142asne artyku\u0142y lub wiadomo\u015bci prze\u015blij na adres:<br \/>\n<\/em><span style=\"color: #000080;\"><strong><em><a style=\"color: #000080;\" href=\"mailto:webmaster@reunion68.com\"><span style=\"text-decoration: underline;\">webmaster@reunion68.com<\/span><\/a><\/em><\/strong><\/span><\/p>\n<\/div>\n<\/div>\n<\/div>\n<hr style=\"width: 100%;\" \/>\n","protected":false},"excerpt":{"rendered":"<p>A new Holocaust opera premieres \u2014 in Thailand Benjamin Ivry Thailand might not seem the most probable point of origin for a new opera about the Holocaust, but on January 16, the world premiere of\u00a0\u201cHelena Citr\u00f3nov\u00e1\u201d\u00a0by the composer Somtow Sucharitkul, 67, will be staged in Bangkok. It is about a real-life Auschwitz survivor of Slovak [&hellip;]<\/p>\n","protected":false},"author":1,"featured_media":0,"comment_status":"closed","ping_status":"closed","sticky":false,"template":"","format":"standard","meta":[],"categories":[6],"tags":[26,24],"_links":{"self":[{"href":"https:\/\/www.reunion68.se\/index.php?rest_route=\/wp\/v2\/posts\/75669"}],"collection":[{"href":"https:\/\/www.reunion68.se\/index.php?rest_route=\/wp\/v2\/posts"}],"about":[{"href":"https:\/\/www.reunion68.se\/index.php?rest_route=\/wp\/v2\/types\/post"}],"author":[{"embeddable":true,"href":"https:\/\/www.reunion68.se\/index.php?rest_route=\/wp\/v2\/users\/1"}],"replies":[{"embeddable":true,"href":"https:\/\/www.reunion68.se\/index.php?rest_route=%2Fwp%2Fv2%2Fcomments&post=75669"}],"version-history":[{"count":5,"href":"https:\/\/www.reunion68.se\/index.php?rest_route=\/wp\/v2\/posts\/75669\/revisions"}],"predecessor-version":[{"id":75680,"href":"https:\/\/www.reunion68.se\/index.php?rest_route=\/wp\/v2\/posts\/75669\/revisions\/75680"}],"wp:attachment":[{"href":"https:\/\/www.reunion68.se\/index.php?rest_route=%2Fwp%2Fv2%2Fmedia&parent=75669"}],"wp:term":[{"taxonomy":"category","embeddable":true,"href":"https:\/\/www.reunion68.se\/index.php?rest_route=%2Fwp%2Fv2%2Fcategories&post=75669"},{"taxonomy":"post_tag","embeddable":true,"href":"https:\/\/www.reunion68.se\/index.php?rest_route=%2Fwp%2Fv2%2Ftags&post=75669"}],"curies":[{"name":"wp","href":"https:\/\/api.w.org\/{rel}","templated":true}]}}