{"id":75683,"date":"2020-01-22T17:09:00","date_gmt":"2020-01-22T15:09:00","guid":{"rendered":"http:\/\/www.reunion68.se\/?p=75683"},"modified":"2020-01-18T21:18:35","modified_gmt":"2020-01-18T19:18:35","slug":"19-09-48","status":"publish","type":"post","link":"https:\/\/www.reunion68.se\/?p=75683","title":{"rendered":"Europa nie ukrywa d\u0142u\u017cej swojej wrogo\u015bci wobec Izraela"},"content":{"rendered":"<h5 style=\"text-align: center;\"><a href=\"https:\/\/pl.gatestoneinstitute.org\/\" target=\"_blank\" rel=\"noopener noreferrer\"><img decoding=\"async\" width=\"45%\" class=\"center alignleft\" alt=\"\" src=\"https:\/\/pl.gatestoneinstitute.org\/images\/gatestone-logo-1000.gif\"><\/a><span style=\"text-decoration: underline; color: #000080;\"><strong><a style=\"color: #000080; text-decoration: underline;\" href=\"https:\/\/pl.gatestoneinstitute.org\/15454\/europa-wrogosci-wobec-izraela\" target=\"_blank\" rel=\"noopener noreferrer\">Europa nie ukrywa d\u0142u\u017cej swojej wrogo\u015bci wobec Izraela<\/a><\/strong><\/span><\/h5>\n<p style=\"text-align: center;\"><span style=\"color: #000000;\"><strong>Alain Destexhe<br \/>\n<\/strong>T\u0142umaczenie:<strong> Ma\u0142gorzata Koraszewska<\/strong><\/span><\/p>\n<hr style=\"height: 15px; background: #d0e6fa; width: 100%;\">\n<p style=\"text-align: center;\"><img decoding=\"async\" width=\"100%\" class=\"aligncenter\" src=\"https:\/\/www.gatestoneinstitute.org\/pics\/4215.jpg\"><br \/>\n<span style=\"color: #999999;\"><em>Wiele europejskich rz\u0105d\u00f3w udaje przyja\u017a\u0144 wobec Izraela, ale z up\u0142ywem lat Unia Europejska stawa\u0142a si\u0119 coraz bardziej wroga wobec Izraela. Na zdj\u0119ciu: izraelski premier Benjamin Netanjahu i niemiecka kanclerz Angela Merkel na konferencji prasowej w Jerozolimie w Izraelu, 4 pa\u017adziernika 2018 roku. (Zdj\u0119cie: Lior Mizrahi\/Getty Images)<\/em><\/span><\/p>\n<p style=\"text-align: left;\"><span style=\"color: #000080;\">Przez lata Unia Europejska stawa\u0142a si\u0119 coraz bardziej wroga wobec Izraela. Ta postawa potwierdzi\u0142a si\u0119 na pocz\u0105tku listopada, kiedy Trybuna\u0142 Sprawiedliwo\u015bci Unii Europejskiej&nbsp;<a style=\"color: #000080;\" href=\"https:\/\/curia.europa.eu\/jcms\/upload\/docs\/application\/pdf\/2019-11\/cp190140en.pdf\" target=\"_blank\" rel=\"noopener noreferrer\">orzek\u0142<\/a>, \u017ce produkty \u017cywno\u015bciowe z tak zwanych osiedli we wschodniej Jerozolimie, na Zachodnim Brzegu i na Wzg\u00f3rzach Golan musz\u0105 by\u0107 oznakowane i nie mog\u0105 nosi\u0107 etykietki &#8220;Made in Israel.&#8221;<\/span><\/p>\n<p style=\"text-align: left;\"><span style=\"color: #000080;\">Jak s\u0142usznie argumentowa\u0142 specjalista bada\u0144 strategicznych, Soeren Kern, na ca\u0142ym \u015bwiecie istnieje wiele konflikt\u00f3w terytorialnych, ale europejski s\u0105d&nbsp;<a style=\"color: #000080;\" href=\"https:\/\/www.gatestoneinstitute.org\/15165\/european-court-israel-labels\" target=\"_blank\" rel=\"noopener noreferrer\">pi\u0119tnuje tylko Izrael<\/a>. Przyk\u0142ady uprzedze\u0144 UE przeciwko Izraelowi s\u0105 liczne, szczeg\u00f3lnie w por\u00f3wnaniu do Stan\u00f3w Zjednoczonych.<\/span><\/p>\n<p style=\"text-align: left;\"><span style=\"color: #000080;\">UE wydaje si\u0119 umy\u015blnie nie przyznawa\u0107, \u017ce Izrael, suwerenne pa\u0144stwo, jest nieustannie zagro\u017cone \u2013 tak\u017ce przez systematyczny ogie\u0144 rakietowy z&nbsp;<a style=\"color: #000080;\" href=\"https:\/\/www.timesofisrael.com\/tense-calm-in-southern-israel-after-a-day-of-rockets-airstrikes\/\" target=\"_blank\" rel=\"noopener noreferrer\">Gaz<\/a>y i&nbsp;<a style=\"color: #000080;\" href=\"https:\/\/www.bbc.com\/news\/world-middle-east-50492169\" target=\"_blank\" rel=\"noopener noreferrer\">Syrii<\/a>&nbsp;\u2013 i cho\u0107by z tego powodu zas\u0142uguje na poparcie. \u017baden kraj na \u015bwiecie, szczeg\u00f3lnie kraj wielko\u015bci mniej wi\u0119cej wyspy Vancouver, nie jest poddawany militarnym atakom tak nieustannie jak Izrael. 12 i 13 listopada, w mniej ni\u017c 48 godzin, ponad&nbsp;<a style=\"color: #000080;\" href=\"https:\/\/www.bbc.com\/news\/world-middle-east-50430783\" target=\"_blank\" rel=\"noopener noreferrer\">450 rakiet i pocisk\u00f3w mo\u017adzie\u017cowych<\/a>&nbsp;wystrzelono ze Strefy Gazy na izraelskie miasta. Rakiety z Gazy spowodowa\u0142y zniszczenia, rani\u0142y co najmniej 63 osoby i si\u0119gn\u0119\u0142y a\u017c do obszaru Tel Awiwu.<\/span><\/p>\n<p style=\"text-align: left;\"><span style=\"color: #000080;\">Czterysta pi\u0119\u0107dziesi\u0105t rakiet w mniej ni\u017c 48 godzin nie jest ma\u0142ym incydentem lub drobnym atakiem; to jest wojskowy atak na pe\u0142n\u0105 skal\u0119. Ka\u017cdy podobny atak na Francj\u0119 lub Niemcy \u2013 je\u015bli uderzy\u0142aby w nie cho\u0107by jedna rakieta \u2013 wywo\u0142a\u0142by wielki kryzys.<\/span><\/p>\n<p style=\"text-align: left;\"><span style=\"color: #000080;\"><a style=\"color: #000080;\" href=\"https:\/\/eeas.europa.eu\/headquarters\/headquarters-homepage\/70279\/statement-spokesperson-security-situation-israel-and-gaza_en\" target=\"_blank\" rel=\"noopener noreferrer\">Oficjalna reakcja UE<\/a>&nbsp;by\u0142a, by powiedzie\u0107 naj\u0142agodniej, rozczarowuj\u0105ca:<\/span><\/p>\n<blockquote>\n<p style=\"text-align: left;\">&#8220;Dzi\u015b rano Izrael przeprowadzi\u0142 operacj\u0119 w Gazie, atakuj\u0105c starszego rang\u0105 przyw\u00f3dc\u0119 palesty\u0144skiego Islamskiego D\u017cihadu. W odpowiedzi z Gazy wystrzelono rakiety na po\u0142udniowy i centralny Izrael. Strzelanie rakietami do cywilnej populacji jest ca\u0142kowicie nie do przyj\u0119cia i musi natychmiast zosta\u0107 zatrzymane. Szybka i ca\u0142kowita deeskalacja jest obecnie konieczna, dla ochrony \u017cycia i bezpiecze\u0144stwa palesty\u0144skich i izraelskich cywil\u00f3w. Jak UE konsekwentnie powtarza, tylko polityczne rozwi\u0105zanie mo\u017ce po\u0142o\u017cy\u0107 kres tym trwaj\u0105cym cyklom przemocy&#8221;.<\/p>\n<\/blockquote>\n<p style=\"text-align: left;\"><span style=\"color: #000080;\">To o\u015bwiadczenie z wielu powod\u00f3w bardzo wiele pokazuje. Nie wspomina si\u0119, \u017ce Izrael zlikwidowa\u0142 terroryst\u0119 nale\u017c\u0105cego do ekstremistycznej grupy, kt\u00f3ry&nbsp;<a style=\"color: #000080;\" href=\"https:\/\/www.bbc.com\/news\/world-middle-east-50386164\" target=\"_blank\" rel=\"noopener noreferrer\">w\u0142a\u015bnie przygotowywa\u0142 kolejny atak<\/a>. O\u015bwiadczenie nie wspomina tak\u017ce liczby rakiet wystrzelonych na Izrael ani prawa Izraela do obrony. Nie ma ani s\u0142owa o konsekwencjach dla cywilnej ludno\u015bci Izraela. Nie ma s\u0142owa o tym, kto wystrzeli\u0142 rakiety i kto podsyca te rzekome &#8220;trwaj\u0105ce cykle przemocy&#8221; i nie ma ani cienia empatii wobec bombardowanej ludno\u015bci Izraela.<\/span><\/p>\n<p style=\"text-align: left;\"><span style=\"color: #000080;\">W odr\u00f3\u017cnieniu od tego rzecznik Departamentu Stanu USA,&nbsp;<a style=\"color: #000080;\" href=\"https:\/\/twitter.com\/statedeptspox\/status\/1194579739572342785\" target=\"_blank\" rel=\"noopener noreferrer\">tweetowa\u0142<\/a>:<\/span><\/p>\n<blockquote>\n<p style=\"text-align: left;\">&#8220;Stany Zjednoczone stoj\u0105 w solidarno\u015bci z Izraelem, kiedy izraelskie rodziny i miasta chroni\u0105 si\u0119 przed rakietami wystrzeliwanymi przez sponsorowany przez Iran Palesty\u0144ski Islamski D\u017cihad, Izrael ma pe\u0142ne prawo broni\u0107 siebie i swoich obywateli&#8221;.<\/p>\n<\/blockquote>\n<p style=\"text-align: left;\"><span style=\"color: #000080;\">Ambasador USA w Izraelu, David Friedman,&nbsp;<a style=\"color: #000080;\" href=\"https:\/\/twitter.com\/USAmbIsrael\/status\/1194285106069942272\" target=\"_blank\" rel=\"noopener noreferrer\">tweetowa\u0142<\/a>:<\/span><\/p>\n<blockquote>\n<p style=\"text-align: left;\">&#8220;Palesty\u0144ski Islamski Dzihad, islamistyczna organizacja wspierana przez Iran, znowu atakuje Izrael pociskami skierowanymi na cywil\u00f3w. Stoimy razem z naszym przyjacielem i sojusznikiem, Izraelem, w tym krytycznym momencie i popieramy prawo Izraela do samoobrony i do po\u0142o\u017cenia kresu tym barbarzy\u0144skim atakom&#8221;.<\/p>\n<\/blockquote>\n<p style=\"text-align: left;\"><span style=\"color: #000080;\">Ponadto Avi Berkowitz, asystent prezydenta i Specjalny Przedstawiciel na Mi\u0119dzynarodowe Negocjacje,&nbsp;<a style=\"color: #000080;\" href=\"https:\/\/twitter.com\/aviberkow45\/status\/1194295616551161858\" target=\"_blank\" rel=\"noopener noreferrer\">tweetowa\u0142<\/a>:<\/span><\/p>\n<blockquote>\n<p style=\"text-align: left;\">&#8220;USA w pe\u0142ni popieraj\u0105 naszego partnera i sojusznika, Izrael, w walce przeciwko terroryzmowi i terrorystycznej grupie, Palesty\u0144ski Islamski D\u017cihad (PIJ)&#8221;.<\/p>\n<\/blockquote>\n<p style=\"text-align: left;\"><span style=\"color: #000080;\">R\u00f3\u017cnica m\u00f3wi sama za siebie. Stany Zjednoczone s\u0105 przyjacielem Izraela. Unia Europejska nie jest.<\/span><\/p>\n<p style=\"text-align: left;\"><span style=\"color: #000080;\">Kiedy w 2003 roku \u00f3wczesny premier Izraela, Ariel Szaron, zaproponowa\u0142 wycofanie wszystkich Izraelczyk\u00f3w ze Strefy Gazy i pozostawienie tej enklawy Palesty\u0144czykom, by rz\u0105dzili ni\u0105 sami, widocznie&nbsp;<a style=\"color: #000080;\" href=\"https:\/\/mfa.gov.il\/MFA\/AboutIsrael\/Maps\/Pages\/Israels%20Disengagement%20Plan-%202005.aspx\" target=\"_blank\" rel=\"noopener noreferrer\">s\u0105dzi\u0142<\/a>, \u017ce danie Palesty\u0144czykom niepodleg\u0142o\u015bci b\u0119dzie pozytywnym posuni\u0119ciem dla bezpiecze\u0144stwa jego kraju. Zamiast tego, jak to zapisano wyra\u017anie w &#8220;<a style=\"color: #000080;\" href=\"http:\/\/www.palestinefacts.org\/pf_1967to1991_plo_phasedplan_1974\/\" target=\"_blank\" rel=\"noopener noreferrer\">planie etap\u00f3w<\/a>&#8221; Organizacji Wyzwolenia Palestyny w 1974 roku \u2013 u\u017cycia ka\u017cdego terytorium, jakie dostanie, jako bazy do walki o wi\u0119cej \u2013 pa\u0144stwo \u017cydowskie jest pod ci\u0105g\u0142ymi atakami rakietowymi z Gazy i nie ma innego wyboru poza militarnymi pr\u00f3bami powstrzymania ich. Palesty\u0144czycy w Gazie nie s\u0105 ju\u017c d\u0142u\u017cej &#8220;okupowani&#8221;; obecnie walcz\u0105 pod rz\u0105dami totalitarnego, terrorystycznego re\u017cimu Hamasu, kt\u00f3rego priorytetem jest nie dobro w\u0142asnej ludno\u015bci, ale&nbsp;<a style=\"color: #000080;\" href=\"https:\/\/fas.org\/irp\/world\/para\/docs\/880818a.htm\" target=\"_blank\" rel=\"noopener noreferrer\">zniszczenie<\/a>&nbsp;pa\u0144stwa Izrael.<\/span><\/p>\n<p style=\"text-align: left;\"><span style=\"color: #000080;\">6 grudnia 2017 roku prezydent Donald J. Trump poinformowa\u0142 o uznaniu przez Stany Zjednoczone Jerozolimy jako stolicy Izraela i o przeniesieniu ambasady USA. Europejskie rz\u0105dy i Unia Europejska ostro skrytykowa\u0142y decyzj\u0119 USA i zgodnie z tym oznajmieniem zar\u00f3wno \u015bmiechu wartym, jak pe\u0142nym hipokryzji, nadal&nbsp;<a style=\"color: #000080;\" href=\"https:\/\/www.timesofisrael.com\/european-countries-blast-us-embassy-move-to-jerusalem\/\" target=\"_blank\" rel=\"noopener noreferrer\">odmawiaj\u0105 uznania<\/a>&nbsp;Jerozolimy za stolic\u0119 Izraela. Niemniej, kiedy europejskie g\u0142owy pa\u0144stw, ministrowie i ambasadorzy spotykaj\u0105 si\u0119 z przedstawicielami Izraela, musz\u0105 jecha\u0107 do Jerozolimy.<\/span><\/p>\n<p style=\"text-align: left;\"><span style=\"color: #000080;\">Dwa lata temu podczas oficjalnego spotkania siedzia\u0142em w Knesecie w Jerozolimie obok europejskich ambasador\u00f3w, kt\u00f3rzy \u2013 wed\u0142ug ich rz\u0105d\u00f3w \u2013 nie powinni by\u0107 tam, ale w Tel Awiwie. Czy europejskim rz\u0105dom si\u0119 to podoba, czy nie, Jerozolima jest stolic\u0105 Izraela. Dlaczego ka\u017cde pa\u0144stwo na \u015bwiecie ma swobod\u0119 wybrania w\u0142asnej stolicy \u2013 z wyj\u0105tkiem Izraela? Jak zareagowa\u0142by europejski kraj, gdyby spo\u0142eczno\u015b\u0107 mi\u0119dzynarodowa powiedzia\u0142a, \u017ce Pary\u017c nie jest stolic\u0105 Francji lub Bruksela nie jest stolic\u0105 Belgii?<\/span><\/p>\n<p style=\"text-align: left;\"><span style=\"color: #000080;\">Przez zaprzeczanie rzeczywisto\u015bci UE nie tylko nie doprowadzi\u0142a do \u017cadnego &#8220;pokoju&#8221; w konflikcie mi\u0119dzy Izraelem a Palesty\u0144czykami, w dalszym ci\u0105gu niszczy \u017cycie \u017cyj\u0105cym tam Palesty\u0144czykom. Je\u015bli wym\u00f3wk\u0105 UE jest to, \u017ce popiera Palesty\u0144czyk\u00f3w, to dlaczego zachowuje ca\u0142kowite milczenie o z\u0142ym traktowaniu Palesty\u0144czyk\u00f3w&nbsp;<a style=\"color: #000080;\" href=\"https:\/\/www.hrw.org\/news\/2007\/02\/01\/syria-give-refuge-palestinians-fleeing-threats-iraqhttps:\/www.hrw.org\/news\/2007\/02\/01\/syria-give-refuge-palestinians-fleeing-threats-iraq\" target=\"_blank\" rel=\"noopener noreferrer\">Syrii<\/a>,&nbsp;<a style=\"color: #000080;\" href=\"https:\/\/www.aljazeera.com\/news\/2017\/12\/palestinians-lebanon-living-prison-171215114602518.html\" target=\"_blank\" rel=\"noopener noreferrer\">Libanie<\/a>&nbsp;i&nbsp;<a style=\"color: #000080;\" href=\"https:\/\/www.independent.co.uk\/news\/world\/middle-east\/jordan-palestine-refugee-camps-photography-a8341826.html\" target=\"_blank\" rel=\"noopener noreferrer\">Jordan<\/a>ii? Krokodyle \u0142zy UE nad Palesty\u0144czykami wydaj\u0105 si\u0119 pojawia\u0107 tylko wtedy, kiedy mog\u0105 by\u0107 u\u017cyte jako bro\u0144 przeciwko Izraelowi.<\/span><\/p>\n<p style=\"text-align: left;\"><span style=\"color: #000080;\">Prezydent Trump starannie pozostawi\u0142 otwart\u0105 kwesti\u0119 przysz\u0142ych granic Jerozolimy,&nbsp;<a style=\"color: #000080;\" href=\"https:\/\/www.whitehouse.gov\/briefings-statements\/statement-president-trump-jerusalem\/\" target=\"_blank\" rel=\"noopener noreferrer\">m\u00f3wi\u0105c<\/a>:<\/span><\/p>\n<blockquote>\n<p style=\"text-align: left;\">&#8220;Nie zajmujemy stanowiska wobec jakichkolwiek kwestii ko\u0144cowego statusu, w\u0142\u0105cznie z konkretnymi granicami izraelskiej suwerenno\u015bci w Jerozolimie lub rozwi\u0105zania kwestii spornych granic. Te kwestie nale\u017c\u0105 do stron, kt\u00f3rych to dotyczy&#8221;.<\/p>\n<\/blockquote>\n<p style=\"text-align: left;\"><span style=\"color: #000080;\">To jest rozs\u0105dne stanowisko. Czy europejskie rz\u0105dy podwa\u017caj\u0105 nawet fakt, \u017ce zachodnia Jerozolima nale\u017cy do Izraela? Dlaczego UE mia\u0142aby czeka\u0107 z uznaniem Jerozolimy za stolic\u0119 Izraela na &#8220;ko\u0144cowe porozumienie&#8221; \u2013 kt\u00f3re mo\u017ce nigdy si\u0119 nie zdarzy\u0107?<\/span><\/p>\n<p style=\"text-align: left;\"><span style=\"color: #000080;\">Pod koniec sierpnia 2018 roku prezydent Trump zdecydowa\u0142 zatrzyma\u0107 wyp\u0142acanie funduszy dla Agendy Narod\u00f3w Zjednoczonych dla Pomocy Uchod\u017acom Palesty\u0144skim, znanej jako UNRWA. Unia Europejska natychmiast rzuci\u0142a si\u0119, \u017ceby&nbsp;<a style=\"color: #000080;\" href=\"https:\/\/www.euractiv.com\/section\/global-europe\/news\/eu-regrets-us-decision-to-end-funding-for-palestinian-refugee-agency\/\" target=\"_blank\" rel=\"noopener noreferrer\">uzupe\u0142ni\u0107 ten brak<\/a>. UE nazwa\u0142a decyzj\u0119 USA &#8220;godn\u0105 ubolewania&#8221; i podnios\u0142a swoje wsparcie. W 2018 roku 50% wszystkich zobowi\u0105za\u0144 wp\u0142at dla UNRWA \u2013 1,27 miliarda dolar\u00f3w \u2013 pochodzi\u0142o z&nbsp;<a style=\"color: #000080;\" href=\"https:\/\/www.unrwa.org\/our-partners\/government-partners\" target=\"_blank\" rel=\"noopener noreferrer\">wp\u0142at<\/a>&nbsp;pa\u0144stw cz\u0142onkowskich UE, w sumie 643 miliony dolar\u00f3w.<\/span><\/p>\n<p style=\"text-align: left;\"><span style=\"color: #000080;\">Oficjalnie UNRWA jest humanitarn\u0105 organizacj\u0105, kt\u00f3ra utrzymuje, \u017ce dostarcza edukacji, opieki zdrowotnej i us\u0142ug spo\u0142ecznych potrzebuj\u0105cym Palesty\u0144czykom na Zachodnim Brzegu, w Gazie, Jordanii, Syrii i Libanie. UNRWA jednak jest systematycznie oskar\u017cana o to, \u017ce nie trzyma si\u0119 \u015bci\u015ble humanitarnej roli, ale zamiast tego jest w kooperacji, je\u015bli nie&nbsp;<a style=\"color: #000080;\" href=\"https:\/\/unwatch.org\/whats-wrong-unrwa-must-reformed\/\" target=\"_blank\" rel=\"noopener noreferrer\">wsp\u00f3lnictwie,<\/a>&nbsp;z Hamasem. UNRWA daje tak\u017ce Palesty\u0144czykom fa\u0142szyw\u0105 nadziej\u0119, \u017ce kt\u00f3rego\u015b dnia wr\u00f3c\u0105 do rodzinnych dom\u00f3w w Izraelu, kt\u00f3re opu\u015bcili w 1948 roku, zanim wi\u0119kszo\u015b\u0107 &#8220;uchod\u017ac\u00f3w&#8221; w og\u00f3le by\u0142a na \u015bwiecie. Tylko kilka tysi\u0119cy spo\u015br\u00f3d pierwotnych uciekinier\u00f3w nadal \u017cyje. Wi\u0119kszo\u015b\u0107 mieszka\u0144c\u00f3w palesty\u0144skich terytori\u00f3w jest potomkami w trzecim lub czwartym pokoleniu ludzi, kt\u00f3rzy uciekli przed tamt\u0105 wojn\u0105.<\/span><\/p>\n<p style=\"text-align: left;\"><span style=\"color: #000080;\">UE jednak w oficjalnych o\u015bwiadczeniach&nbsp;<a style=\"color: #000080;\" href=\"https:\/\/www.developmentaid.org\/#!\/news-stream\/post\/38946\/the-european-union-announces-a-vital-eur-82-million-contribution-to-unrwa\" target=\"_blank\" rel=\"noopener noreferrer\">utrzymuje<\/a>&nbsp;fikcj\u0119, \u017ce Palesty\u0144czycy w Gazie i gdzie indziej s\u0105 &#8220;uchod\u017acami&#8221;:<\/span><\/p>\n<blockquote>\n<p style=\"text-align: left;\">&#8220;Od ponad czterdziestu lat Unia Europejska jest kluczowym, strategicznym partnerem Agencji, wspieraj\u0105c UNRWA w jej staraniach pomocy&nbsp;<b>palesty\u0144skim uchod\u017acom<\/b>&nbsp;w osi\u0105gni\u0119ciu ich pe\u0142nego potencja\u0142u w ludzkim rozwoju mimo trudnych warunk\u00f3w (&#8230;) Buduj\u0105c na dziesi\u0119cioleciach oddania i partnerstwa UE utrzyma\u0142a szczodry poziom wsparcia dla&nbsp;<b>palesty\u0144skich uchod\u017ac\u00f3w<\/b>.&#8221; [Podkre\u015blenie dodane]<\/p>\n<\/blockquote>\n<p style=\"text-align: left;\"><span style=\"color: #000080;\">UNRWA jest politycznie zorientowan\u0105 organizacj\u0105, kt\u00f3ra przyczynia si\u0119 do utrwalenia problemu palesty\u0144skich uchod\u017ac\u00f3w i do narracji o tak zwanym &#8220;prawie powrotu&#8221;, kt\u00f3rego celem jest w rzeczywisto\u015bci&nbsp;<a style=\"color: #000080;\" href=\"https:\/\/pij.org\/app.php\/articles\/892\/the-right-of-return-different-approaches-to-a-crucial-issue\" target=\"_blank\" rel=\"noopener noreferrer\">zniszczenie Izraela<\/a>. UNRWA powinna zosta\u0107 zamkni\u0119ta, a jej praca wykonywana przez inne agencje ONZ, takie jak&nbsp;<a style=\"color: #000080;\" href=\"https:\/\/www.undp.org\/\" target=\"_blank\" rel=\"noopener noreferrer\">UNDP<\/a>&nbsp;i&nbsp;<a style=\"color: #000080;\" href=\"https:\/\/www.unicef.org\/\" target=\"_blank\" rel=\"noopener noreferrer\">UNICEF<\/a>.<\/span><\/p>\n<p style=\"text-align: left;\"><span style=\"color: #000080;\">Unia Europejska wydaje si\u0119&nbsp;<a style=\"color: #000080;\" href=\"https:\/\/ec.europa.eu\/neighbourhood-enlargement\/neighbourhood\/countries\/palestine_en\" target=\"_blank\" rel=\"noopener noreferrer\">dumna<\/a>&nbsp;z tego, \u017ce jest &#8220;najwi\u0119kszym dostawc\u0105 zewn\u0119trznej pomocy dla Palesty\u0144czyk\u00f3w&#8221;. Od lutego 2008 roku dostarczy\u0142a ponad 2,5 miliard\u00f3w euro (2,8 miliard\u00f3w dolar\u00f3w). UE dostarcza podstawowego finansowego wsparcia Autonomii Palesty\u0144skie (AP), mimo \u017ce cz\u0119\u015b\u0107 bud\u017cetu AP jest&nbsp;<a style=\"color: #000080;\" href=\"https:\/\/www.ynetnews.com\/articles\/0,7340,L-5204886,00.html\" target=\"_blank\" rel=\"noopener noreferrer\">przeznaczona<\/a>&nbsp;dla terroryst\u00f3w i rodziny terroryst\u00f3w, daj\u0105c w ten spos\u00f3b zach\u0119t\u0119 do terroryzmu.<\/span><\/p>\n<p style=\"text-align: left;\"><span style=\"color: #000080;\">Unia Europejska jest tak\u017ce g\u0142\u00f3wnym&nbsp;<a style=\"color: #000080;\" href=\"https:\/\/eeas.europa.eu\/delegations\/palestine-occupied-palestinian-territory-west-bank-and-gaza-strip\/area\/projects_en\" target=\"_blank\" rel=\"noopener noreferrer\">ofiarodawc\u0105<\/a>&nbsp;pomagaj\u0105cym AP w p\u0142aceniu pensji pracownikom bud\u017cet\u00f3wki, czego AP nie mog\u0142aby zrobi\u0107 bez tych datk\u00f3w, to za\u015b czyni AP nie tylko najwi\u0119kszym na \u015bwiecie &#8220;pa\u0144stwem pomocy spo\u0142ecznej&#8221;, ale tak\u017ce&nbsp;<i>zniech\u0119ca<\/i>&nbsp;AP do pr\u00f3b osi\u0105gni\u0119cia wi\u0119kszej samowystarczalno\u015bci. Z funduszy z UE Autonomia Palesty\u0144ska p\u0142aci rodzinom terroryst\u00f3w uwi\u0119zionych w Izraelu, kt\u00f3rzy zostali zabici, w tym tak\u017ce zamachowc\u00f3w-samob\u00f3jc\u00f3w. Kiedy AP musia\u0142a dokona\u0107 ci\u0119\u0107 bud\u017cetowych,&nbsp;<a style=\"color: #000080;\" href=\"https:\/\/www.timesofisrael.com\/pa-to-cut-civil-servant-salaries-after-israeli-tax-freeze-over-terror-stipends\/\" target=\"_blank\" rel=\"noopener noreferrer\">podkre\u015bli\u0142a<\/a>, \u017ce redukcje nie b\u0119d\u0105 stosowa\u0142y si\u0119 do pensji &#8220;wyp\u0142acanych emerytom i rodzinom m\u0119czennik\u00f3w, rannym lub wi\u0119\u017aniom&#8221; Wielu Palesty\u0144czyk\u00f3w uwa\u017ca tych wi\u0119\u017ani\u00f3w i zabitych podczas dokonywania zamach\u00f3w terrorystycznych za&nbsp;<a style=\"color: #000080;\" href=\"https:\/\/www.timesofisrael.com\/banner-at-al-quds-university-praises-terrorist-heroes\/\" target=\"_blank\" rel=\"noopener noreferrer\">bohater\u00f3w<\/a>&nbsp;w walce z Izraelem i&nbsp;<a style=\"color: #000080;\" href=\"https:\/\/www.timesofisrael.com\/think-tank-terrorists-to-be-paid-as-pa-allots-nis-1-2b-for-inmates-martyrs\/\" target=\"_blank\" rel=\"noopener noreferrer\">czci<\/a>&nbsp;ich jako m\u0119czennik\u00f3w.&nbsp;<a style=\"color: #000080;\" href=\"https:\/\/www.jpost.com\/Arab-Israeli-Conflict\/Palestinian-Authority-spent-NIS-7b-to-fund-terror-report-607277\" target=\"_blank\" rel=\"noopener noreferrer\">Wed\u0142ug<\/a>&nbsp;izraelskiej prasy wyp\u0142aty AP dla terroryst\u00f3w si\u0119gaj\u0105 rocznie oko\u0142o 138 milion\u00f3w dolar\u00f3w.<\/span><\/p>\n<p style=\"text-align: left;\"><span style=\"color: #000080;\">Innymi s\u0142owy, UE, kt\u00f3ra&nbsp;<a style=\"color: #000080;\" href=\"https:\/\/www.consilium.europa.eu\/en\/policies\/fight-against-terrorism\/\" target=\"_blank\" rel=\"noopener noreferrer\">oficjalnie<\/a>&nbsp;jest oddana walce z terroryzmem,&nbsp;<a style=\"color: #000080;\" href=\"https:\/\/www.jpost.com\/Israel-News\/Is-the-EU-funding-ongoing-Palestinian-Authority-terrorist-payments-589377\" target=\"_blank\" rel=\"noopener noreferrer\">wspiera<\/a>&nbsp;Autonomi\u0119 Palesty\u0144sk\u0105, kt\u00f3ra wspiera terroryst\u00f3w i ich rodziny. Spr\u00f3bujcie nada\u0107 temu sens.<\/span><\/p>\n<p style=\"text-align: left;\"><span style=\"color: #000080;\">19 listopada holenderski parlament&nbsp;<a style=\"color: #000080;\" href=\"https:\/\/www.israelhayom.com\/2019\/11\/21\/dutch-parliament-curbs-aid-to-pa-over-its-support-of-terrorism\/\" target=\"_blank\" rel=\"noopener noreferrer\">przyj\u0105\u0142<\/a>&nbsp;uchwa\u0142\u0119 sprzeciwiaj\u0105ca si\u0119 finansowaniu Autonomii Palesty\u0144skiej, jak d\u0142ugo cz\u0119\u015b\u0107 jej bud\u017cetu jest przeznaczona dla palesty\u0144skich terroryst\u00f3w w izraelskich wi\u0119zieniach. Robi\u0105c to, nie tylko uratowa\u0142 nieco honoru Europy, ale da\u0142 przyk\u0142ad innym europejskim krajom.<\/span><\/p>\n<p style=\"text-align: left;\"><span style=\"color: #000080;\">Wiele europejskich rz\u0105d\u00f3w udaje, \u017ce s\u0105 przyjaci\u00f3\u0142mi Izraela. Powinni przesta\u0107 akceptowa\u0107 polityk\u0119 UE opart\u0105 na konsensusie 28 kraj\u00f3w i okaza\u0107 wi\u0119cej poparcia dla Izraela, kraju otoczonego wieloma wrogami i b\u0119d\u0105cego jedyn\u0105 demokracj\u0105 w tym regionie. Ich poparcie zaczyna si\u0119 od uznania Jerozolimy jako stolicy Izraela.<\/span><\/p>\n<hr>\n<p><span style=\"color: #808080;\"><em><strong>Alain Destexhe<\/strong>:&nbsp;Belgijski senator, by\u0142y sekretarz generalny organizacji &#8220;Lekarze bez granic&#8221;, by\u0142y przewodnicz\u0105cy organizacji International Crisis Group, publicysta i analityk spraw mi\u0119dzynarodowych.<\/em><\/span><\/p>\n<hr style=\"height: 15px; background: #d0e6fa; width: 100%;\">\n<div class=\"content-alignment\" id=\"content\">\n<div class=\"yt-uix-button-panel\" id=\"watch-description\">\n<div id=\"watch-description-text\" style=\"text-align: center;\">\n<p><em>Zawarto\u015b\u0107 publikowanych artyku\u0142\u00f3w i materia\u0142\u00f3w nie reprezentuje pogl\u0105d\u00f3w ani opinii Reunion&#8217;68,<\/em><em><br \/>\nani te\u017c webmastera Blogu Reunion&#8217;68, chyba ze jest to wyra\u017anie zaznaczone.<br \/>\nTwoje uwagi, linki, w\u0142asne artyku\u0142y lub wiadomo\u015bci prze\u015blij na adres:<br \/>\n<\/em><span style=\"color: #000080;\"><strong><em><a style=\"color: #000080;\" href=\"mailto:webmaster@reunion68.com\"><span style=\"text-decoration: underline;\">webmaster@reunion68.com<\/span><\/a><\/em><\/strong><\/span><\/p>\n<\/div>\n<\/div>\n<\/div>\n<hr style=\"width: 100%;\">\n","protected":false},"excerpt":{"rendered":"<p>Europa nie ukrywa d\u0142u\u017cej swojej wrogo\u015bci wobec Izraela Alain Destexhe T\u0142umaczenie: Ma\u0142gorzata Koraszewska Wiele europejskich rz\u0105d\u00f3w udaje przyja\u017a\u0144 wobec Izraela, ale z up\u0142ywem lat Unia Europejska stawa\u0142a si\u0119 coraz bardziej wroga wobec Izraela. Na zdj\u0119ciu: izraelski premier Benjamin Netanjahu i niemiecka kanclerz Angela Merkel na konferencji prasowej w Jerozolimie w Izraelu, 4 pa\u017adziernika 2018 roku. [&hellip;]<\/p>\n","protected":false},"author":1,"featured_media":0,"comment_status":"closed","ping_status":"closed","sticky":false,"template":"","format":"standard","meta":[],"categories":[6],"tags":[26,24],"_links":{"self":[{"href":"https:\/\/www.reunion68.se\/index.php?rest_route=\/wp\/v2\/posts\/75683"}],"collection":[{"href":"https:\/\/www.reunion68.se\/index.php?rest_route=\/wp\/v2\/posts"}],"about":[{"href":"https:\/\/www.reunion68.se\/index.php?rest_route=\/wp\/v2\/types\/post"}],"author":[{"embeddable":true,"href":"https:\/\/www.reunion68.se\/index.php?rest_route=\/wp\/v2\/users\/1"}],"replies":[{"embeddable":true,"href":"https:\/\/www.reunion68.se\/index.php?rest_route=%2Fwp%2Fv2%2Fcomments&post=75683"}],"version-history":[{"count":3,"href":"https:\/\/www.reunion68.se\/index.php?rest_route=\/wp\/v2\/posts\/75683\/revisions"}],"predecessor-version":[{"id":75737,"href":"https:\/\/www.reunion68.se\/index.php?rest_route=\/wp\/v2\/posts\/75683\/revisions\/75737"}],"wp:attachment":[{"href":"https:\/\/www.reunion68.se\/index.php?rest_route=%2Fwp%2Fv2%2Fmedia&parent=75683"}],"wp:term":[{"taxonomy":"category","embeddable":true,"href":"https:\/\/www.reunion68.se\/index.php?rest_route=%2Fwp%2Fv2%2Fcategories&post=75683"},{"taxonomy":"post_tag","embeddable":true,"href":"https:\/\/www.reunion68.se\/index.php?rest_route=%2Fwp%2Fv2%2Ftags&post=75683"}],"curies":[{"name":"wp","href":"https:\/\/api.w.org\/{rel}","templated":true}]}}