{"id":75685,"date":"2020-01-19T17:05:32","date_gmt":"2020-01-19T15:05:32","guid":{"rendered":"http:\/\/www.reunion68.se\/?p=75685"},"modified":"2020-01-17T16:47:42","modified_gmt":"2020-01-17T14:47:42","slug":"19-05-46","status":"publish","type":"post","link":"https:\/\/www.reunion68.se\/?p=75685","title":{"rendered":"Following Poland\u2019s lead, Lithuania proposes a controversial Holocaust law"},"content":{"rendered":"<h5 style=\"text-align: center;\"><a href=\"http:\/\/www.israelnationalnews.com\/\" target=\"_blank\" rel=\"noopener noreferrer\"><img decoding=\"async\" class=\"center alignleft\" src=\"http:\/\/www.reunion68.com\/Biuletyn\/img\/arutz.png\" alt=\"\" width=\"35%\" \/><\/a><span style=\"text-decoration: underline; color: #000080;\"><strong><a style=\"color: #000080; text-decoration: underline;\" href=\"http:\/\/www.israelnationalnews.com\/News\/News.aspx\/274580\" target=\"_blank\" rel=\"noopener noreferrer\">Following Poland\u2019s lead, Lithuania proposes a controversial Holocaust law<\/a><\/strong><\/span><\/h5>\n<p style=\"text-align: center;\"><span style=\"color: #000000;\"><strong>Cnaan Liphshiz<\/strong><\/span><\/p>\n<hr style=\"height: 15px; background: #d0e6fa; width: 100%;\" \/>\n<p style=\"text-align: center;\"><strong>Lithuanian lawmaker pushing controversial bill which would declare that the country had no responsibility for the Holocaust.<\/strong><br \/>\n<img decoding=\"async\" class=\"aligncenter\" src=\"http:\/\/k6s3v6r4.ssl.hwcdn.net\/pictures\/937\/937150.jpg\" width=\"100%\" \/><span style=\"color: #999999;\"><em>Prime Minister Saulius Skvernelis of Lithuania \/ Petras Malukas\/AFP via Getty Images<\/em><\/span><\/p>\n<p style=\"text-align: left;\"><span style=\"color: #000080;\">Poland passed a controversial Holocaust law last year that drew sharp international criticism and damaged its relations with Israel, United States and Jewish groups around the world. Many feared the law, which prohibited rhetoric accusing Poland of complicity in Nazi crimes \u2014 since the Nazis occupied Poland, Polish leaders argue \u2014 would hamper education and historical research of the genocide.<\/span><\/p>\n<p style=\"text-align: left;\"><span style=\"color: #000080;\">Those concerns and issues have not disappeared in the year since Poland passed the legislation. Despite several attempts to bury the hatchet, Polish President Andrzej Duda last week pulled out of a major Holocaust commemoration event in Jerusalem.<\/span><\/p>\n<p style=\"text-align: left;\"><span style=\"color: #000080;\">Some historians and survivors say the Polish legislation has encouraged other European nations with far more sinister Holocaust records to attempt to whitewash their own participation in the genocide.<\/span><\/p>\n<p style=\"text-align: left;\"><span style=\"color: #000080;\">One such country is Lithuania, where Nazi complicity was both widespread and a major reason why about 95 percent of the country\u2019s 250,000 Jews were wiped out, according to major international research institutions about the Holocaust.<\/span><\/p>\n<p style=\"text-align: left;\"><span style=\"color: #000080;\">Trying to counter that narrative, a Lithuanian lawmaker for the ruling party of Prime Minister Saulius Skvernelis announced last month that a committee he heads is drafting legislation declaring that neither Lithuania nor its leaders participated in the Holocaust.<\/span><\/p>\n<p style=\"text-align: left;\"><span style=\"color: #000080;\">\u201cThe Lithuanian state did not participate in the Holocaust because it was occupied, just as the Lithuanian nation could not participate in the Holocaust because it was enslaved,\u201d said the lawmaker, Arunas Gumuliauskas.<\/span><\/p>\n<p style=\"text-align: left;\"><span style=\"color: #000080;\">To Rosa Bloch, a 91-year-old survivor of the Kaunas, or Kovno, ghetto, the assertions are \u201cso clearly false and outrageous that it could only have been the result of the Polish legislation,\u201d she told the Jewish Telegraphic Agency.<\/span><\/p>\n<p style=\"text-align: left;\"><span style=\"color: #000080;\">\u201cThe Lithuanians saw it worked for the Poles, so they also went ahead,\u201d Bloch said.<\/span><\/p>\n<p style=\"text-align: left;\"><span style=\"color: #000080;\">The Lithuanian push is perhaps more disturbing to Bloch than the Polish one \u201cbecause the Lithuanians were active and cruel partners in the Holocaust. There isn\u2019t a Lithuanian Jew alive who didn\u2019t lose relatives to Lithuanian murderers,\u201d she said.<\/span><\/p>\n<p style=\"text-align: left;\"><span style=\"color: #000080;\">The causality Bloch and many others see between the law in Poland and the legislation being contemplated in Lithuania is difficult to establish, but the projects are clearly connected.<\/span><\/p>\n<p style=\"text-align: left;\"><span style=\"color: #000080;\">In September, Gumuliauskas organized a meeting with Polish lawmakers about historical memory, referring to what he described as a common challenge.<\/span><\/p>\n<p style=\"text-align: left;\"><span style=\"color: #000080;\">\u201cToday, when Lithuanian-Polish relations are good, third parties are trying to knock us over the head by using the prism of historical memory,\u201d he said in an interview about the meeting. Gumuliauskas did not name the third parties.<\/span><\/p>\n<p style=\"text-align: left;\"><span style=\"color: #000080;\">The meeting, he added, was to promote \u201ccooperation between historians of both countries in pursuit of common goals.\u201d<\/span><\/p>\n<p style=\"text-align: left;\"><span style=\"color: #000080;\">Whatever the exact relationship between the Polish and Lithuanian pushes for exoneration \u2013 Gumuliauskas did not respond to JTA\u2019s query on the matter \u2014 they are part of a broader effort on the part of Eastern European nations to emphasize their populations\u2019 victimhood and contradict or diminish allegations of complicity in the Holocaust.<\/span><\/p>\n<p style=\"text-align: left;\"><span style=\"color: #000080;\">Whereas Western European societies have increasingly assumed responsibility for the persecution of their Jews, the opposite has happened in Eastern European nations, where education about the Holocaust was largely absent or lacking under communism.<\/span><\/p>\n<p style=\"text-align: left;\"><span style=\"color: #000080;\">Many in Eastern Europe today excuse their compatriots\u2019 collaboration with Nazi Germany as \u201caimed at achieving independence from the Soviet Union\u201d rather than to kill Jews, Michael Berenbaum, a former director of the U.S. Holocaust Museum\u2019s research institute, told JTA. He also said that the Polish law was \u201cencouraging\u201d politicians in other countries to seek similar legislation.<\/span><\/p>\n<p style=\"text-align: left;\"><span style=\"color: #000080;\">Amid rising nationalism across the continent, governments in multiple Eastern European countries now celebrate Nazi collaborators, including perpetrators of the Holocaust, as patriotic heroes.<\/span><\/p>\n<p style=\"text-align: left;\"><span style=\"color: #000080;\">In Ukraine, the parliament passed a law in 2015 that praised \u201canti-communist partisans,\u201d including Nazi collaborationists, and criminalized uttering \u201cinsults\u201d about their memory. Streets there are named for collaborators Stepan Bandera and Roman Shukhevych, among others.<\/span><\/p>\n<p style=\"text-align: left;\"><span style=\"color: #000080;\">In 2014, Latvia introduced a law stipulating up to five years in jail for those who deny the role of \u201cthe foreign powers that have perpetrated crimes against Latvia and the Latvian nation\u201d without mentioning the involvement of Latvian SS volunteers in murdering nearly all of the country\u2019s 70,000 Jews. German SS veterans march annually through the streets of the capital Riga flanked by ultranationalist activists.<\/span><\/p>\n<p style=\"text-align: left;\"><span style=\"color: #000080;\">Back in Lithuania, a school is named for Jonas Noreika, a wartime leader who helped killed Jews.<\/span><\/p>\n<p style=\"text-align: left;\"><span style=\"color: #000080;\">Seen in this context, the proposed legislation in Lithuania is a trial balloon and \u201cthe next step in Holocaust distortion in Eastern Europe,\u201d said Efraim Zuroff, the Eastern Europe director of the Simon Wiesenthal Center, who in recent years has focused on Holocaust history and revisionism in Lithuania.<\/span><\/p>\n<p style=\"text-align: left;\"><span style=\"color: #000080;\">If a nation with a Holocaust record such as Lithuania\u2019s passes a law that exonerates it without significant diplomatic fallout, Zuroff suggested, \u201cit could be a terrible sign for others.\u201d<\/span><\/p>\n<p style=\"text-align: left;\"><span style=\"color: #000080;\">Ruta Vangaite, a bestselling author in Lithuania who has written about the Holocaust, said the law would be a \u201ctravesty.\u201d<\/span><\/p>\n<p style=\"text-align: left;\"><span style=\"color: #000080;\">\u201cOn the first week of occupation, the Lithuanian government established the first concentration camp and created a battalion that killed Jews. This was the Lithuanian government. And everybody knows it,\u201d she said.<\/span><\/p>\n<p style=\"text-align: left;\"><span style=\"color: #000080;\">The remarkable brutality of anti-Semitic pogroms in Lithuania is another challenge for the law\u2019s architects. One of the most infamous happened in Kaunas, where dozens of Jews were butchered by club-wielding locals at a bus garage. Some perpetrators posed for pictures over the tortured bodies of their victims while displaying the murder weapons.<\/span><\/p>\n<p style=\"text-align: left;\"><span style=\"color: #000080;\">From a historical perspective, Poland has a far stronger case than Lithuania for opposing allegations of complicity in the Holocaust, according to Zuroff.<\/span><\/p>\n<p style=\"text-align: left;\"><span style=\"color: #000080;\">In both countries, he said, the Holocaust would not have happened if not for the Germans. And in both, locals killed thousands of Jews during the Nazi occupation.<\/span><\/p>\n<p style=\"text-align: left;\"><span style=\"color: #000080;\">But Poland \u201cdidn\u2019t exist as a country\u201d when the Nazis occupied it, and its government in exile \u201cdidn\u2019t encourage actions against the Jews.\u201d In Poland today, expressions of admiration for Nazi collaborators are quite rare.<\/span><\/p>\n<p style=\"text-align: left;\"><span style=\"color: #000080;\">By contrast, the collaborationist Provisional Government of Lithuania was responsible for countless murders in the six weeks of its brief existence.<\/span><\/p>\n<p style=\"text-align: left;\"><span style=\"color: #000080;\">Language used by leading Holocaust historians about the two countries reflects that difference.<\/span><\/p>\n<p style=\"text-align: left;\"><span style=\"color: #000080;\">On Poland, Sara Bloomfield, director of the U.S. Holocaust Memorial Museum, wrote last year in a letter to the Polish president that \u201cThe Polish nation was the victim of German aggression and suffered an exceptionally brutal occupation. Characterizations \u2013 due to either ignorance or malice \u2013 of Polish responsibility for the establishment of Nazi concentration and death camps are unquestionably historically inaccurate.\u201d<\/span><\/p>\n<p style=\"text-align: left;\"><span style=\"color: #000080;\">Bloomfield also mentioned the many Poles who saved Jews alongside many others who helped kill them.<\/span><\/p>\n<p style=\"text-align: left;\"><span style=\"color: #000080;\">Yad Vashem, Israel\u2019s Holocaust memorial and museum, writes on Poland that \u201cFacing a ruthless occupation and being engaged in a constant struggle for existence, the Polish public at large paid little attention to the immensely greater distress\u201d of the Jews.<\/span><\/p>\n<p style=\"text-align: left;\"><span style=\"color: #000080;\">Both museums use different terminology about Lithuania.<\/span><\/p>\n<p style=\"text-align: left;\"><span style=\"color: #000080;\">\u201cThe Lithuanians carried out violent riots against the Jews both shortly before and immediately after the arrival of German forces,\u201d a U.S. Holocaust Memorial Museum summary reads, noting that most of the country\u2019s Jews had been shot during the brief lifespan of its Quisling government.<\/span><\/p>\n<p style=\"text-align: left;\"><span style=\"color: #000080;\">Lithuania is the only Nazi-occupied country noted by Yad Vashem for its people\u2019s \u201centhusiasm\u201d for collaboration with Germany. Even when this enthusiasm \u201csubsided \u2026 hostility towards Jews and denunciation persisted,\u201d the Jerusalem museum says.<\/span><\/p>\n<p style=\"text-align: left;\"><span style=\"color: #000080;\">Zuroff said Lithuania\u2019s government needs to face this record.<\/span><\/p>\n<p style=\"text-align: left;\"><span style=\"color: #000080;\">\u201cWhile nongovernmental organizations carry out important commemoration work, the main thrust of Holocaust education is done in the school system and by prosecuting perpetrators,\u201d he said. \u201cThese are things only a government can do.\u201d<\/span><\/p>\n<hr style=\"height: 15px; background: #d0e6fa; width: 100%;\" \/>\n<div id=\"content\" class=\"content-alignment\" style=\"text-align: left;\">\n<div id=\"watch-description\" class=\"yt-uix-button-panel\">\n<div id=\"watch-description-text\" style=\"text-align: center;\">\n<p><span style=\"color: #808080;\"><em>Zawarto\u015b\u0107 publikowanych artyku\u0142\u00f3w i materia\u0142\u00f3w nie reprezentuje pogl\u0105d\u00f3w ani opinii Reunion&#8217;68,<\/em><em><br \/>\nani te\u017c webmastera Blogu Reunion&#8217;68, chyba ze jest to wyra\u017anie zaznaczone.<br \/>\nTwoje uwagi, linki, w\u0142asne artyku\u0142y lub wiadomo\u015bci prze\u015blij na adres:<br \/>\n<\/em><strong><em><a style=\"color: #808080;\" href=\"mailto:webmaster@reunion68.com\"><span style=\"text-decoration: underline;\">webmaster@reunion68.com<\/span><\/a><\/em><\/strong><\/span><\/p>\n<\/div>\n<\/div>\n<\/div>\n<hr style=\"width: 100%;\" \/>\n","protected":false},"excerpt":{"rendered":"<p>Following Poland\u2019s lead, Lithuania proposes a controversial Holocaust law Cnaan Liphshiz Lithuanian lawmaker pushing controversial bill which would declare that the country had no responsibility for the Holocaust. Prime Minister Saulius Skvernelis of Lithuania \/ Petras Malukas\/AFP via Getty Images Poland passed a controversial Holocaust law last year that drew sharp international criticism and damaged [&hellip;]<\/p>\n","protected":false},"author":1,"featured_media":0,"comment_status":"closed","ping_status":"closed","sticky":false,"template":"","format":"standard","meta":[],"categories":[3],"tags":[26,24],"_links":{"self":[{"href":"https:\/\/www.reunion68.se\/index.php?rest_route=\/wp\/v2\/posts\/75685"}],"collection":[{"href":"https:\/\/www.reunion68.se\/index.php?rest_route=\/wp\/v2\/posts"}],"about":[{"href":"https:\/\/www.reunion68.se\/index.php?rest_route=\/wp\/v2\/types\/post"}],"author":[{"embeddable":true,"href":"https:\/\/www.reunion68.se\/index.php?rest_route=\/wp\/v2\/users\/1"}],"replies":[{"embeddable":true,"href":"https:\/\/www.reunion68.se\/index.php?rest_route=%2Fwp%2Fv2%2Fcomments&post=75685"}],"version-history":[{"count":4,"href":"https:\/\/www.reunion68.se\/index.php?rest_route=\/wp\/v2\/posts\/75685\/revisions"}],"predecessor-version":[{"id":75691,"href":"https:\/\/www.reunion68.se\/index.php?rest_route=\/wp\/v2\/posts\/75685\/revisions\/75691"}],"wp:attachment":[{"href":"https:\/\/www.reunion68.se\/index.php?rest_route=%2Fwp%2Fv2%2Fmedia&parent=75685"}],"wp:term":[{"taxonomy":"category","embeddable":true,"href":"https:\/\/www.reunion68.se\/index.php?rest_route=%2Fwp%2Fv2%2Fcategories&post=75685"},{"taxonomy":"post_tag","embeddable":true,"href":"https:\/\/www.reunion68.se\/index.php?rest_route=%2Fwp%2Fv2%2Ftags&post=75685"}],"curies":[{"name":"wp","href":"https:\/\/api.w.org\/{rel}","templated":true}]}}