{"id":75749,"date":"2020-01-23T17:05:03","date_gmt":"2020-01-23T15:05:03","guid":{"rendered":"http:\/\/www.reunion68.se\/?p=75749"},"modified":"2020-01-20T09:26:39","modified_gmt":"2020-01-20T07:26:39","slug":"23-05-44","status":"publish","type":"post","link":"https:\/\/www.reunion68.se\/?p=75749","title":{"rendered":"Italian opposition leader vows to recognize Jerusalem as capital if elected"},"content":{"rendered":"<h5 style=\"text-align: center;\"><a href=\"https:\/\/www.jpost.com\/\" target=\"_blank\" rel=\"noopener noreferrer\"><img decoding=\"async\" class=\"center alignleft\" src=\"http:\/\/www.reunion68.com\/Biuletyn\/img\/jpost.png\" alt=\"\" width=\"35%\" \/><\/a><span style=\"text-decoration: underline; color: #000080;\"><strong><a style=\"color: #000080; text-decoration: underline;\" href=\"https:\/\/www.jpost.com\/International\/Italian-opposition-leader-vows-to-recognize-Jerusalem-as-capital-if-elected-614674\" target=\"_blank\" rel=\"noopener noreferrer\">Italian opposition leader vows to recognize Jerusalem as capital if elected<\/a><\/strong><\/span><\/h5>\n<p style=\"text-align: center;\"><span style=\"color: #000000;\"><strong> ROSSELLA TERCATIN<\/strong><\/span><\/p>\n<hr style=\"height: 15px; background: #d0e6fa; width: 100%;\" \/>\n<p style=\"text-align: center;\"><strong>Matteo Salvini also discussed several issues, including the rise of antisemitism in Europe.<\/strong><\/p>\n<p style=\"text-align: center;\"><img decoding=\"async\" class=\"aligncenter\" src=\"https:\/\/images.jpost.com\/image\/upload\/f_auto,fl_lossy\/t_JD_ArticleMainImageFaceDetect\/432798\" width=\"100%\" \/><span style=\"color: #808080;\"><em>Italian Deputy Prime Minister and right-wing League party leader Matteo Salvini attends a news conference at the Foreign Press Club in Rome, Italy December 10, 2018. \/ (photo credit: REUTERS\/TONY GENTILE)<\/em><\/span><\/p>\n<p style=\"text-align: left;\"><span style=\"color: #000080;\">Italian opposition leader Matteo Salvini has vowed that if he is elected to head the government he will recognize Jerusalem as the capital of Israel.<\/span><\/p>\n<p style=\"text-align: left;\"><span style=\"color: #000080;\">Salvini is the head of the League party, which has been traditionally considered in the far-right spectrum of Italian politics. Still, it is also currently the largest right-wing party in the Italian Parliament and by far the largest party in general according to polls conducted in the past year \u2013 League regularly polls above 30%.<\/span><\/p>\n<p style=\"text-align: left;\"><span style=\"color: #000080;\">In an interview with the Israeli daily Israel Hayom, Salvini explicitly stated that if he becomes prime minister, he will &#8220;absolutely&#8221; recognize Jerusalem as Israel&#8217;s capital.<\/span><\/p>\n<p style=\"text-align: left;\"><span style=\"color: #000080;\">The Italian politician also discussed several issues, including the rise of antisemitism in Europe.<\/span><\/p>\n<p style=\"text-align: left;\"><span style=\"color: #000080;\">&#8220;I think that it has to do with the strengthening of Islamic extremism and fanaticism in the last years. Most importantly, it is connected to the fact that some academics and media are mobilized against Israel, and they create hate of Israel to justify antisemitism. There is, of course, antisemitism of small political minority groups \u2013 Nazis and communists. But, now the massive presence in Europe of migrants coming from Muslim countries, among whom are many fanatics who are getting the full support of certain intellectuals, is spreading antisemitism, in Italy as well,&#8221; Salvini said.<\/span><br \/>\n<span style=\"color: #000080;\">He also rejected the accusations of being close to Italian small far-right parties, which do not even bother to conceal to be inspired by fascist ideals, such as CasaPound.<\/span><\/p>\n<p style=\"text-align: left;\"><span style=\"color: #000080;\">&#8220;We [Lega] have no relations whatsoever with such organizations. In the elections, parties like Forza Nuova, CasaPound, Fiamma are running against us. So there are no contacts with them. Those who believe in Neo-Nazi and Neo\u2013fascist antisemitism are our enemies as those who believe in the antisemitism of the radical left and radical Islam,&#8221; he highlighted.<\/span><\/p>\n<p style=\"text-align: left;\"><span style=\"color: #000080;\">On Thursday Salvini organized a conference on fighting antisemitism at the Senate in Rome, two months after he and all the right camp in Italy sparked outrage among many, including Italian Jewish leaders, for refraining from supporting the establishment of a parliamentary commission to fight antisemitism and racism proposed by 89-year-old Auschwitz survivor and senator for life Liliana Segre.<\/span><\/p>\n<p style=\"text-align: left;\"><span style=\"color: #000080;\">After the episode, Salvini and Segre met, and he invited her to participate in the event at the senate. She declined because of her tight schedule in the period of Holocaust Memorial Day, which falls on January 27 and is very felt in Italy. However, Segre also warned of the risk of trying to separate antisemitism from racism.<\/span><\/p>\n<p style=\"text-align: left;\"><span style=\"color: #000080;\">During the event, Salvini also called on the Italian government, currently supported by a coalition made by its former government ally, the anti-system 5-Star-Movement, and by the center-left Democratic Party (plus some smaller formations), to adopt the definition of antisemitism proposed by the International Holocaust Remembrance Alliance.<\/span><\/p>\n<p style=\"text-align: left;\"><span style=\"color: #000080;\">The definition explicitly describes denial of the Jewish people&#8217;s right to self-determination and comparisons between Israel and the Nazis as forms of antisemitism.<\/span><\/p>\n<p style=\"text-align: left;\"><span style=\"color: #000080;\">The Italian government adopted the definition on the very same day and appointed a commissioner to fight antisemitism, in a move that had been pursued for a long time also by local Jewish leaders.<\/span><\/p>\n<p style=\"text-align: left;\"><span style=\"color: #000080;\">The Italian Jewish community&#8217;s tiny number (less than 30,000 people) does not make them a factor in deciding election results. Nonetheless, there are several issues for which Jewish institutions are considered an essential partner by Italian authorities, including the remembrance of the Holocaust and the fight against intolerance and racism. A 2013 survey suggested that the majority of Italian Jews identify as center-right or right-wing.<\/span><\/p>\n<p><span style=\"color: #000080;\">However, even among them, many feel uncomfortable with Salvini&#8217;s attitude, considered anti-immigration and populist, in spite of his support for Israel.<\/span><\/p>\n<p><span style=\"color: #000080;\">In the interview, Salvini said that the fight against hate towards Israel &#8220;should start in school.&#8221;<\/span><\/p>\n<p style=\"text-align: left;\"><span style=\"color: #000080;\">&#8220;I spent nine years at the European Parliament and I can say that the European institutions \u2013 let alone the institutions the UN \u2013 are no friends of Israel. The European Parliament has today a majority that is not friendly to Israel. So, I believe we shouldn&#8217;t focus on these institutions but rather on the new generations. Those who want to erase the State of Israel should know that they will have in us an enemy. Israel is an ally. This should be taught in schools and universities,&#8221; he told Israel Hayom.<\/span><\/p>\n<p style=\"text-align: left;\"><span style=\"color: #000080;\">He also stated that the EU should ban the BDS movement and join the US in issuing harsher sanctions against Iran.<\/span><\/p>\n<p style=\"text-align: left;\"><span style=\"color: #000080;\">&#8220;To do so we would need a strong and free Europe because nowadays we are unfortunately hostage of economic interests and leftist prejudices that is anti\u2013US and anti\u2013Israel,&#8221; he explained.<\/span><\/p>\n<hr style=\"height: 15px; background: #d0e6fa; width: 100%;\" \/>\n<div id=\"content\" class=\"content-alignment\">\n<div id=\"watch-description\" class=\"yt-uix-button-panel\">\n<div id=\"watch-description-text\" style=\"text-align: center;\">\n<p><em>Zawarto\u015b\u0107 publikowanych artyku\u0142\u00f3w i materia\u0142\u00f3w nie reprezentuje pogl\u0105d\u00f3w ani opinii Reunion&#8217;68,<\/em><em><br \/>\nani te\u017c webmastera Blogu Reunion&#8217;68, chyba ze jest to wyra\u017anie zaznaczone.<br \/>\nTwoje uwagi, linki, w\u0142asne artyku\u0142y lub wiadomo\u015bci prze\u015blij na adres:<br \/>\n<\/em><span style=\"color: #000080;\"><strong><em><a style=\"color: #000080;\" href=\"mailto:webmaster@reunion68.com\"><span style=\"text-decoration: underline;\">webmaster@reunion68.com<\/span><\/a><\/em><\/strong><\/span><\/p>\n<\/div>\n<\/div>\n<\/div>\n<hr style=\"width: 100%;\" \/>\n","protected":false},"excerpt":{"rendered":"<p>Italian opposition leader vows to recognize Jerusalem as capital if elected ROSSELLA TERCATIN Matteo Salvini also discussed several issues, including the rise of antisemitism in Europe. Italian Deputy Prime Minister and right-wing League party leader Matteo Salvini attends a news conference at the Foreign Press Club in Rome, Italy December 10, 2018. \/ (photo credit: [&hellip;]<\/p>\n","protected":false},"author":1,"featured_media":0,"comment_status":"closed","ping_status":"closed","sticky":false,"template":"","format":"standard","meta":[],"categories":[3],"tags":[26,24],"_links":{"self":[{"href":"https:\/\/www.reunion68.se\/index.php?rest_route=\/wp\/v2\/posts\/75749"}],"collection":[{"href":"https:\/\/www.reunion68.se\/index.php?rest_route=\/wp\/v2\/posts"}],"about":[{"href":"https:\/\/www.reunion68.se\/index.php?rest_route=\/wp\/v2\/types\/post"}],"author":[{"embeddable":true,"href":"https:\/\/www.reunion68.se\/index.php?rest_route=\/wp\/v2\/users\/1"}],"replies":[{"embeddable":true,"href":"https:\/\/www.reunion68.se\/index.php?rest_route=%2Fwp%2Fv2%2Fcomments&post=75749"}],"version-history":[{"count":5,"href":"https:\/\/www.reunion68.se\/index.php?rest_route=\/wp\/v2\/posts\/75749\/revisions"}],"predecessor-version":[{"id":75765,"href":"https:\/\/www.reunion68.se\/index.php?rest_route=\/wp\/v2\/posts\/75749\/revisions\/75765"}],"wp:attachment":[{"href":"https:\/\/www.reunion68.se\/index.php?rest_route=%2Fwp%2Fv2%2Fmedia&parent=75749"}],"wp:term":[{"taxonomy":"category","embeddable":true,"href":"https:\/\/www.reunion68.se\/index.php?rest_route=%2Fwp%2Fv2%2Fcategories&post=75749"},{"taxonomy":"post_tag","embeddable":true,"href":"https:\/\/www.reunion68.se\/index.php?rest_route=%2Fwp%2Fv2%2Ftags&post=75749"}],"curies":[{"name":"wp","href":"https:\/\/api.w.org\/{rel}","templated":true}]}}