{"id":75845,"date":"2020-01-25T17:09:40","date_gmt":"2020-01-25T15:09:40","guid":{"rendered":"http:\/\/www.reunion68.se\/?p=75845"},"modified":"2020-01-25T12:07:09","modified_gmt":"2020-01-25T10:07:09","slug":"28-09-46","status":"publish","type":"post","link":"https:\/\/www.reunion68.se\/?p=75845","title":{"rendered":"&#8220;Putin m\u00f3wi\u0142 o Polsce mi\u0119dzy wierszami&#8221;."},"content":{"rendered":"<h5 style=\"text-align: center;\"><a href=\"https:\/\/wyborcza.pl\/\" target=\"_blank\" rel=\"noopener noreferrer\"><img decoding=\"async\" width=\"30%\" class=\"center\" alt=\"\" src=\"http:\/\/www.reunion68.com\/Biuletyn\/img\/wyborcza-ale.png\"><\/a><span style=\"text-decoration: underline; color: #000080;\"><strong><a style=\"color: #000080; text-decoration: underline;\" href=\"https:\/\/wyborcza.pl\/alehistoria\/7,121681,25627719,putin-mowil-o-polsce-miedzy-wierszami-komentarze-specjalistow.html\" target=\"_blank\" rel=\"noopener noreferrer\">&#8220;Putin m\u00f3wi\u0142 o Polsce mi\u0119dzy wierszami&#8221;. &#8220;To przem\u00f3wienie nie wr\u00f3\u017cy nic dobrego&#8221; [KOMENTARZE SPECJALIST\u00d3W]<\/a><\/strong><\/span><\/h5>\n<p style=\"text-align: center;\"><span style=\"color: #000000;\"><strong>bm, mim, irk<\/strong><\/span><\/p>\n<hr style=\"height: 15px; background: #d0e6fa; width: 100%;\">\n<p><img decoding=\"async\" width=\"100%\" class=\"aligncenter\" src=\"https:\/\/bi.im-g.pl\/im\/be\/70\/18\/z25627838V,23-01-2020--Jerozolima--Yad-Vashem--Wladymir-Putin.jpg\"><span style=\"color: #808080;\"><em>23.01.2020, Jerozolima, Yad Vashem, W\u0142adymir Putin podczas uroczysto\u015bci z okazji 75. rocznicy wyzwolenia obozu koncentracyjnego w Auschwitz. (Abir Sultan \/ AP \/ AP)<\/em><\/span><\/p>\n<h4>&#8211; Putin tak wysoko wywindowa\u0142 temperatur\u0119 emocji przed obchodami w Yad Vashem, \u017ce prezydent Andrzej Duda zrezygnowa\u0142 z udzia\u0142u w nich. Zastanawiam si\u0119, czy nie o to w\u0142a\u015bnie mi\u0119dzy innymi chodzi\u0142o od pocz\u0105tku Putinowi &#8211; m\u00f3wi prof. Grzegorz Motyka, dyrektor Instytutu Studi\u00f3w Politycznych PAN.<\/h4>\n<h3 style=\"text-align: center;\"><strong>*<\/strong><\/h3>\n<p style=\"text-align: left;\"><i>W czwartek w Jerozolimie&nbsp;zosta\u0142y zorganizowane&nbsp;obchody 75. rocznicy wyzwolenia obozu koncentracyjnego Auschwitz, czyli inaczej \u015awiatowe Forum Holocaustu. W obchodach, pomimo zaproszenia, nie&nbsp;wzi\u0105\u0142 udzia\u0142 prezydent Andrzej Duda.<\/i><\/p>\n<h3 style=\"text-align: center;\"><strong>*<\/strong><\/h3>\n<p class=\"art_sub_title\" style=\"text-align: left;\"><strong>Dr S\u0142awomir D\u0119bski, dyrektor Polskiego Instytutu Spraw Mi\u0119dzynarodowych<\/strong><\/p>\n<p style=\"text-align: left;\"><span style=\"color: #000080;\">Przyznam, \u017ce ju\u017c sam fakt organizacji imprezy w Jerozolimie po to, \u017ceby konkurowa\u0142a z uroczysto\u015bciami na terenie samego obozu Auschwitz-Birkenau budzi absmak. To jednak mo\u017cna nazwa\u0107 uprawianiem polityki na pami\u0119ci ofiar. Dobrze uj\u0105\u0142 to dzisiaj izraelski dziennik \u201eHaaretz\u201d, kt\u00f3ry w komentarzu napisa\u0142, \u017ce to impreza zrobiona tylko po to, by premier Beniamin Netanjahu m\u00f3g\u0142 wyj\u015b\u0107 i na kilka tygodni przed wyborami powiedzie\u0107 \u015bwiatu, a przede wszystkim obywatelom Izraela: jak mnie wybierzecie, to ju\u017c nigdy nie b\u0119dzie Holokaustu.<\/span><\/p>\n<p style=\"text-align: left;\"><span style=\"color: #000080;\">Przem\u00f3wienie&nbsp;<a style=\"color: #000080;\" href=\"http:\/\/wyborcza.pl\/7,75399,24211542,putin-w-tarapatach-wiec-pachnie-wojna.html#anchorLink\">W\u0142adimira Putina<\/a>&nbsp;nie budzi potrzeby polemik. Chyba nieprzypadkowo przypomnia\u0142 zbrodnie niemieck\u0105 w bia\u0142oruskiej wsi Chaty\u0144, kt\u00f3ra w propagandzie sowieckiej odgrywa\u0142a istotn\u0105 rol\u0119 w zaciemnianiu wiedzy o zbrodni w Katyniu. Wida\u0107 wi\u0119c, \u017ce jak trzeba, to czerpie z sowieckiej tradycji historycznej i propagandowej. Ale poza tym przem\u00f3wienie pozbawione by\u0142o kontrowersyjnych akcent\u00f3w i tez, kt\u00f3re z premedytacj\u0105 fa\u0142szowa\u0142yby histori\u0119. By\u0107 mo\u017ce wp\u0142yw na to mia\u0142a reakcja \u015bwiata na jego poprzednie wypowiedzi o pakcie Ribbentrop-Mo\u0142otow i okoliczno\u015bciach wybuchu II wojny \u015bwiatowej, kt\u00f3re spotka\u0142y si\u0119 z ostr\u0105 krytyka.<\/span><\/p>\n<p style=\"text-align: left;\"><span style=\"color: #000080;\">Propozycja zorganizowania konferencji, na kt\u00f3rej wielkie mocarstwa dyskutowa\u0142yby o historii, te\u017c nie jest zaskakuj\u0105ca, polityka rosyjska od dawna zabiega o to, \u017ceby na \u015bwicie nast\u0105pi\u0142 powr\u00f3t do polityki opartej o \u201ekoncert mocarstw\u201d i Putin uroczysto\u015b\u0107 w Yad Vashem instrumentalnie do tego wykorzysta\u0142.<\/span><\/p>\n<p class=\"art_sub_title\" style=\"text-align: left;\"><strong>David Harris, przewodnicz\u0105cy American Jewish Committee (Ameryka\u0144ski Komitet \u017bydowski)<\/strong><\/p>\n<p style=\"text-align: left;\"><span style=\"color: #000080;\"><a style=\"color: #000080;\" href=\"http:\/\/wyborcza.pl\/alehistoria\/7,162090,24385860,23-stycznia-corka-cara-i-syn-brytyjskiej-krolowej-wzieli-podwojny.html#anchorLink\">23 stycznia<\/a>&nbsp;wydarzy\u0142a si\u0119 historia. Z wizyt\u0105 do obozu Auschwitz przyby\u0142a najwy\u017cszego szczebla delegacja muzu\u0142ma\u0144ska wraz z delegacj\u0105 Ameryka\u0144skiego Komitetu \u017bydowskiego. W\u0142a\u015bnie dlatego jestem obecnie w Polsce.<\/span><\/p>\n<p style=\"text-align: left;\"><span style=\"color: #000080;\">Niepokoj\u0105ce jest to, \u017ce polski prezydent Andrzej Duda odwo\u0142a\u0142 swoj\u0105 wizyt\u0119 w Izraelu i nie wzi\u0105\u0142 udzia\u0142u w spotkaniu \u015bwiatowych lider\u00f3w na konferencji w Yad Vashem. Ale rozumiem jego decyzj\u0119. Polski prezydent ma co\u015b wa\u017cnego do powiedzenia na temat Zag\u0142ady i nieprzemijaj\u0105cych lekcji, jakie p\u0142yn\u0105 z Holocaustu. Moim zdaniem powinien by\u0142 mie\u0107 prawo to powiedzie\u0107.<\/span><\/p>\n<blockquote>\n<p style=\"text-align: left;\">Naprawd\u0119 rozumiem potrzeb\u0119 Izraela, by mie\u0107 serdeczne stosunki z Rosj\u0105.<\/p>\n<\/blockquote>\n<p style=\"text-align: left;\"><span style=\"color: #000080;\">Ale niewiele z tego b\u0119dzie i nie mo\u017cna za to zap\u0142aci\u0107 ceny rewizjonizmu historycznego lub relacji z innymi przyjaznymi krajami. Historia ma swoje argumenty, co si\u0119 sta\u0142o, to si\u0119 nie odstanie. Polska nie rozpocz\u0119\u0142a II wojny \u015bwiatowej, co powinno by\u0107 jasne na ca\u0142ym \u015bwiecie. Sugestie rosyjskiej propagandy s\u0105 po prostu \u015bmieszne.<\/span><\/p>\n<p style=\"text-align: left;\"><span style=\"color: #000080;\">Przed 1941 r. ZSRR mia\u0142 wyj\u0105tkowo obrzydliw\u0105 histori\u0119, a po 1945 r. nie mo\u017cna jej po prostu si\u0119 wyprze\u0107 albo przepisa\u0107 na nowo. Ta obrzydliwa historia g\u0142\u0119boko dotkn\u0119\u0142a \u017byd\u00f3w i Polak\u00f3w, nie wspominaj\u0105c ju\u017c o wielu innych.<\/span><\/p>\n<p style=\"text-align: left;\"><span style=\"color: #000080;\">Tak, \u017bydzi w Rosji maj\u0105 dzi\u015b na szcz\u0119\u015bcie znacznie mniej powod\u00f3w do obaw ni\u017c \u017bydzi we&nbsp;<a style=\"color: #000080;\" href=\"http:\/\/wyborcza.pl\/10,82983,24263449,zamieszki-we-francji-protesty-zoltych-kamizelek.html#anchorLink\">Francji<\/a>, Belgii czy Szwecji. I, dodam, tak jest r\u00f3wnie\u017c w przypadku \u017byd\u00f3w w Estonii, na \u0141otwie, Litwie i w Polsce.<\/span><\/p>\n<p class=\"art_sub_title\" style=\"text-align: left;\"><strong>Prof. Grzegorz Motyka, dyrektor Instytutu Studi\u00f3w Politycznych PAN<\/strong><\/p>\n<p style=\"text-align: left;\"><span style=\"color: #000080;\">Armia Czerwona, kt\u00f3rej zas\u0142ug\u0105 by\u0142o wyzwolenie obozu Auschwitz-Birkenau, sk\u0142ada\u0142a si\u0119 z przedstawicieli wielu narod\u00f3w. Obok&nbsp;oczywi\u015bcie Rosjan s\u0142u\u017cyli w niej te\u017c m.in. Ukrai\u0144cy, Bia\u0142orusini, Kazachowie, Gruzini i Ormianie. Polityka historyczna lansowana przez prezydenta W\u0142adimira Putina zmierza jednak do tego, \u017ceby ca\u0142y wysi\u0142ek w wyzwoleniu obozu i szerzej w pokonaniu hitlerowskich Niemiec, przypisa\u0107 wy\u0142\u0105cznie Rosji i Rosjanom. Tak te\u017c odbieram wyd\u017awi\u0119k jego wyst\u0105pienia. To przejmowanie historycznej schedy jest wi\u0119c wybi\u00f3rcze: Putin akceptuje i korzysta z tej jej cz\u0119\u015bci, z kt\u00f3rej mo\u017ce by\u0107 dumny, a odrzuca wszystko inne, czyli zbrodnie komunist\u00f3w i ich grzechy pope\u0142nione w 1939 r., gdy podj\u0119li wsp\u00f3\u0142prac\u0119 z Hitlerem.<\/span><\/p>\n<p style=\"text-align: left;\"><span style=\"color: #000080;\">W wyst\u0105pieniu prezydenta Rosji nie pojawi\u0142a si\u0119 Polska. Tym razem nie postawi\u0142 nam \u017cadnych zarzut\u00f3w, cho\u0107 w ostatnich tygodniach stawia\u0142 je kilka razy. Mam, niestety, wra\u017cenie, \u017ce robi\u0142 to w bardzo przemy\u015blany spos\u00f3b i w konkretnym celu. Tak wysoko wywindowa\u0142 temperatur\u0119 emocji przed obchodami w Yad Vashem, \u017ce prezydent Andrzej Duda zrezygnowa\u0142 z udzia\u0142u w nich. Zastanawiam si\u0119, czy nie o to w\u0142a\u015bnie mi\u0119dzy innymi chodzi\u0142o od pocz\u0105tku Putinowi.<\/span><\/p>\n<p class=\"art_sub_title\" style=\"text-align: left;\"><strong>Prof. Niko\u0142aj Iwanow, historyk, sowiecki dysydent bia\u0142oruskiego pochodzenia<\/strong><\/p>\n<p style=\"text-align: left;\"><span style=\"color: #000080;\">Wszyscy chyba byli zaskoczeni, \u017ce nie pad\u0142o s\u0142owo \u201ePolska\u201d, ale pojawia\u0142a si\u0119 jednak mi\u0119dzy linijkami przem\u00f3wienia prezydenta&nbsp;Putina. Gdy m\u00f3wi\u0142 o konieczno\u015bci walki z falsyfikacj\u0105 historii, gdy podkre\u015bla\u0142, \u017ce&nbsp;pami\u0119\u0107 o wojnie i jej lekcja, spu\u015bcizna, coraz cz\u0119\u015bciej staje si\u0119 obiektem chwilowej, bie\u017c\u0105cej koniunktury politycznej, mo\u017cna by\u0142o us\u0142ysze\u0107&nbsp;echo niedawnych&nbsp;atak\u00f3w&nbsp;wobec Polski.<\/span><\/p>\n<blockquote>\n<p style=\"text-align: left;\">Poza tym sporo by\u0142o te\u017c Polski, gdy przedstawiano&nbsp;antysemickie ekscesy z ca\u0142ego \u015bwiata i&nbsp;pokazano&nbsp;te\u017c film rejestruj\u0105cy&nbsp;palenie we Wroc\u0142awiu&nbsp;kuk\u0142y stylizowanej na ortodoksyjnego \u017byda.<\/p>\n<\/blockquote>\n<p style=\"text-align: left;\"><span style=\"color: #000080;\">Ogl\u0105da\u0142em z ciekawo\u015bci\u0105 przebieg tej wizyty, bo ona pokazuje, jak niesamowit\u0105 pozycj\u0105 ma&nbsp;Putin w Izraelu.&nbsp;Gdy&nbsp;szef MSZ&nbsp;Israel&nbsp;<a style=\"color: #000080;\" href=\"https:\/\/wyborcza.pl\/TylkoZdrowie\/7,137474,25554681,jak-nie-miec-kaca.html#anchorLink\">Kac<\/a>&nbsp;wita\u0142 prezydenta&nbsp;na lotnisku w Tel&nbsp;Avivie, to dzi\u0119kowa\u0142 mu za ocalenie matki&nbsp;z Auschwitz i podkre\u015bla\u0142, \u017ce wita wspania\u0142ego przyjaciela. Wita, go na wydarzeniu, kt\u00f3re symbolizuje&nbsp;wyj\u0105tkowe relacje mi\u0119dzy rosyjskim i \u017cydowskim narodem. Przypomnijmy, \u017ce Kac&nbsp;m\u00f3wi\u0142 w ubieg\u0142ym roku o Polakach, kt\u00f3rzy wyssali antysemityzm z mlekiem matki i kolaborowali z nazistami, wi\u0119c przepa\u015b\u0107 jest ogromna. Wzruszaj\u0105cy by\u0142 te\u017c moment ods\u0142aniania pomnika ofiar blokady leningradzkiej, uroczysto\u015b\u0107 ewidentnie przygotowana \u201epod Putina\u201d, kt\u00f3rego brat zmar\u0142&nbsp;wtedy&nbsp;z g\u0142odu.&nbsp;Putin m\u00f3wi\u0142, \u017ce w Izraelu nadaje si\u0119 szczeg\u00f3lne znaczenie zachowaniu prawdy o decyduj\u0105cym wk\u0142adzie Zwi\u0105zku Radzieckiego w zwyci\u0119stwo nad nazizmem\u201d.<\/span><\/p>\n<blockquote>\n<p style=\"text-align: left;\">A&nbsp;Wiaczes\u0142aw Mosze Kantor&nbsp;opowiadaj\u0105c o wsp\u00f3\u0142czesnym antysemityzmie&nbsp;stwierdzi\u0142, \u017ce jest jeden kraj wolny od&nbsp;tej zarazy \u2013 Rosja.<\/p>\n<\/blockquote>\n<p style=\"text-align: left;\"><span style=\"color: #000080;\">Najbardziej kontrowersyjnie zabrzmia\u0142a&nbsp;propozycja&nbsp;spotkania&nbsp;Rosji, Chin, Francji i Wielkiej Brytanii oraz USA,&nbsp;maj\u0105ca by\u0107&nbsp;elementem obchod\u00f3w&nbsp;75. rocznicy zako\u0144czenia II wojny \u015bwiatowej. Nie mam poj\u0119cia,&nbsp;czemu ma s\u0142u\u017cy\u0107 to zebranie \u201epi\u0105tki\u201d,&nbsp;bo chyba nie ustaleniu wsp\u00f3lnej wersji historii.<\/span><\/p>\n<p class=\"art_sub_title\" style=\"text-align: left;\"><strong>Prof. Antoni Dudek, politolog i historyk<\/strong><\/p>\n<p style=\"text-align: left;\"><span style=\"color: #000080;\">Niekt\u00f3rzy spodziewali si\u0119, \u017ce Putin b\u0119dzie kontynuowa\u0142 ostr\u0105 retoryk\u0119, ale nast\u0105pi\u0142o z jego strony wyra\u017ane z\u0142agodzenie stanowiska.&nbsp;Moim zdaniem&nbsp;wynika to z tego, jak oceni\u0142 efekty swoich wypowiedzi grudniowych. Najwyra\u017aniej uzna\u0142, \u017ce cel nie zosta\u0142 osi\u0105gni\u0119ty i dalsze podsycanie wypowiedzi atakuj\u0105cych Polsk\u0119 jako wsp\u00f3\u0142odpowiedzialn\u0105 za drug\u0105 wojn\u0119 \u015bwiatow\u0105 i po\u015brednio za Holokaustu nie przynosi spodziewanych rezultat\u00f3w.<\/span><\/p>\n<blockquote>\n<p style=\"text-align: left;\">Jego przem\u00f3wienie by\u0142o \u0142agodne i neutralne &#8211; i trudno mie\u0107 do niego jakie\u015b zastrze\u017cenia.<\/p>\n<\/blockquote>\n<p style=\"text-align: left;\"><span style=\"color: #000080;\">Nieobecno\u015b\u0107 prezydenta Andrzeja Dudy nie b\u0119dzie mie\u0107 wi\u0119kszego znaczenia. Zgadzam si\u0119 z prezydentem, \u017ce nie nale\u017ca\u0142o jecha\u0107 do Jerozolimy w sytuacji, w kt\u00f3rej jako prezydent Polski nie m\u00f3g\u0142 zabra\u0107 g\u0142osu na takich samych zasadach jak przedstawiciele tych kilku pa\u0144stw, kt\u00f3re dopuszczono do g\u0142osu. Kryterium, \u017ce to s\u0105 g\u0142\u00f3wne pa\u0144stwa koalicji antyhitlerowskiej, jest w\u0105tpliwe. To nie jest forum zwi\u0105zane z tym, kto zwyci\u0119\u017cy\u0142 w drugiej wojnie \u015bwiatowej, tylko forum dotycz\u0105ce Holokaustu, a on si\u0119 dokona\u0142 w wi\u0119kszo\u015bci na ziemiach polskich. M\u00f3wienie, \u017ce w tej sytuacji nie ma miejsca na g\u0142os przedstawiciela pa\u0144stwa polskiego, jest absurdalne i intelektualnie nie do obrony.<\/span><\/p>\n<p class=\"art_sub_title\" style=\"text-align: left;\"><strong>Prof. Tomasz Na\u0142\u0119cz, historyk i polityk, by\u0142y wicemarsza\u0142ek Sejmu, doradca prezydenta Bronis\u0142awa Komorowskiego ds. historii i dziedzictwa narodowego<\/strong><\/p>\n<p style=\"text-align: left;\"><span style=\"color: #000080;\">Raz jeszcze rosyjska dyplomacja pokaza\u0142a swoja moc. Rosja nie zrobi\u0142a zbyt wiele w tym kierunku, a sta\u0142a si\u0119 g\u0142\u00f3wnym bohaterem pi\u0119knej, podnios\u0142ej uroczysto\u015bci. Dawno nikt nie widzia\u0142 tylu \u015bwiatowych przyw\u00f3dc\u00f3w w jednym miejscu. M\u00f3wi\u0119 o tym w kontek\u015bcie polskich obchod\u00f3w rocznicy wyzwolenia obozu w Auschwitz-Birkenau, kt\u00f3re odb\u0119d\u0105 si\u0119 w poniedzia\u0142ek. I cho\u0107 odb\u0119d\u0105 si\u0119 na terenie obozu, to trudno b\u0119dzie przebi\u0107 uroczysto\u015bci w Yad Vashem.<\/span><\/p>\n<p style=\"text-align: left;\"><span style=\"color: #000080;\">Wyst\u0105pienie W\u0142adimira Putina by\u0142o wywa\u017cone i skoncentrowane na roli Armii Czerwonej w wygraniu wojny. Oczywi\u015bcie my w Polsce mamy o tym w\u0142asne zdanie &#8211; dla Polak\u00f3w to by\u0142o wydarzenie o zupe\u0142nie innym wymiarze ni\u017c dla \u017byd\u00f3w, dla kt\u00f3rych oznacza\u0142o koniec wielkich cierpie\u0144, kres Holokaustu.<\/span><\/p>\n<p style=\"text-align: left;\"><span style=\"color: #000080;\">Oczywi\u015bcie Putin wbi\u0142 nam troch\u0119 szpil\u0119, m\u00f3wi\u0105c o pomocnikach Niemc\u00f3w, ale wspomnia\u0142 o nich og\u00f3lnie, nie wymieni\u0142 Polak\u00f3w. Powiedzia\u0142 te\u017c o walce z fa\u0142szowaniem historii, ale prawdopodobnie widz\u0105c mobilizacj\u0119 po drugiej stronie, omin\u0105\u0142 t\u0119 redut\u0119 wielkim \u0142ukiem i nie sformu\u0142owa\u0142 konkretnych oskar\u017ce\u0144 pod niczyim adresem.<\/span><\/p>\n<p class=\"art_sub_title\" style=\"text-align: left;\"><strong>Prof. Pawe\u0142 Kowal, politolog, historyk i polityk<\/strong><\/p>\n<p style=\"text-align: left;\"><span style=\"color: #000080;\">To przem\u00f3wienie nie wr\u00f3\u017cy nic dobrego.<\/span><\/p>\n<p style=\"text-align: left;\"><span style=\"color: #000080;\">W Polsce wielu os\u00f3b nakr\u0119ci\u0142o si\u0119, \u017ce Putin b\u0119dzie si\u0119 koncentrowa\u0107 na sprawach polskich. Tak si\u0119 nie sta\u0142o, natomiast prezydent Rosji wobec najlepszego audytorium na kuli ziemskiej, jakie m\u00f3g\u0142 dosta\u0107, m\u00f3wi\u0142 o swojej wersji historii drugiej wojny \u015bwiatowej i totalitaryzmu. To jest najpowa\u017cniejszy problem, jaki mam z tym przem\u00f3wieniem. Putin odkr\u0119ca to, co si\u0119 wydarzy\u0142o, cofa si\u0119 za lini\u0119 interpretacji historii, kt\u00f3ra by\u0142a krytyczna wobec swych dziej\u00f3w i by\u0142a zwi\u0105zana z pocz\u0105tkiem demokratycznej Rosji, i wraca do tradycji stalinowskiej. Robi to nie dla cel\u00f3w historycznych, ale by uzasadni\u0107 prowadzon\u0105 przez siebie polityk\u0119.<\/span><\/p>\n<blockquote>\n<p style=\"text-align: left;\">W Polsce wszyscy dali si\u0119 zwie\u015b\u0107 bardzo delikatnej formie tego wyst\u0105pienia, natomiast jego tre\u015b\u0107 by\u0142a bardzo brutalna, bo nawi\u0105zywa\u0142a do sposobu uprawiania polityki w czasach stalinowskich, gdy decydowa\u0142a si\u0142a Zwi\u0105zku Sowieckiego, a nie prawda.<\/p>\n<\/blockquote>\n<p style=\"text-align: left;\"><span style=\"color: #000080;\">Si\u0142a pozwala omin\u0105\u0107 takie sprawy jak chocia\u017cby prawo mi\u0119dzynarodowe. To jest realny problem z wyst\u0105pieniem Putina, a nie czy wspomnia\u0142 Polsk\u0119, czy nie. Mo\u017cna si\u0119 doszukiwa\u0107 aluzji do Polski, ale nie to jest istot\u0105.<\/span><\/p>\n<p style=\"text-align: left;\"><span style=\"color: #000080;\">Istot\u0105 jest to, \u017ce uda\u0142o si\u0119 zorganizowa\u0107 obchody, na kt\u00f3re Polska, mimo \u017ce ma sojusznik\u00f3w w Izraelu i Stanach Zjednoczonych, nie mia\u0142a \u017cadnego wp\u0142ywu. Ameryka\u0144ski wiceprezydent w kilku s\u0142owach upomnia\u0142 si\u0119 o polskie sprawy, ale to by\u0142 margines. Ca\u0142y ten dramat rozegra\u0142 si\u0119 bez nas. Trzeba przeanalizowa\u0107, dlaczego tak si\u0119 sta\u0142o, nie mo\u017cemy ucieka\u0107 od powa\u017cnej dyskusji. R\u00f3wnocze\u015bnie trzeba by\u0107 solidarnym z prezydentem Andrzejem Dud\u0105. Tam ju\u017c nie by\u0142o pola do negocjacji.<\/span><\/p>\n<p style=\"text-align: left;\"><span style=\"color: #000080;\">Nie podzielam opinii, \u017ce Putin nie by\u0142 taki ostry, bo przegra\u0142 narracj\u0119 i&nbsp;mo\u017cna og\u0142osi\u0107 zwyci\u0119stwo. Nie by\u0142 ostry, bo nie mia\u0142 interesu taki by\u0107. Jestem pewien, \u017ce propaganda kremlowska innymi metodami &#8211; poprzez fundacje, pieni\u0105dze, oligarch\u00f3w &#8211; b\u0119dzie kontynuowa\u0142a agresywn\u0105 lini\u0119.<\/span><\/p>\n<hr style=\"height: 15px; background: #d0e6fa; width: 100%;\">\n<div class=\"content-alignment\" id=\"content\">\n<div class=\"yt-uix-button-panel\" id=\"watch-description\">\n<div id=\"watch-description-text\" style=\"text-align: center;\">\n<p><em>Zawarto\u015b\u0107 publikowanych artyku\u0142\u00f3w i materia\u0142\u00f3w nie reprezentuje pogl\u0105d\u00f3w ani opinii Reunion&#8217;68,<\/em><em><br \/>\nani te\u017c webmastera Blogu Reunion&#8217;68, chyba ze jest to wyra\u017anie zaznaczone.<br \/>\nTwoje uwagi, linki, w\u0142asne artyku\u0142y lub wiadomo\u015bci prze\u015blij na adres:<br \/>\n<\/em><span style=\"color: #000080;\"><strong><em><a style=\"color: #000080;\" href=\"mailto:webmaster@reunion68.com\"><span style=\"text-decoration: underline;\">webmaster@reunion68.com<\/span><\/a><\/em><\/strong><\/span><\/p>\n<\/div>\n<\/div>\n<\/div>\n<hr style=\"width: 100%;\">\n","protected":false},"excerpt":{"rendered":"<p>&#8220;Putin m\u00f3wi\u0142 o Polsce mi\u0119dzy wierszami&#8221;. &#8220;To przem\u00f3wienie nie wr\u00f3\u017cy nic dobrego&#8221; [KOMENTARZE SPECJALIST\u00d3W] bm, mim, irk 23.01.2020, Jerozolima, Yad Vashem, W\u0142adymir Putin podczas uroczysto\u015bci z okazji 75. rocznicy wyzwolenia obozu koncentracyjnego w Auschwitz. (Abir Sultan \/ AP \/ AP) &#8211; Putin tak wysoko wywindowa\u0142 temperatur\u0119 emocji przed obchodami w Yad Vashem, \u017ce prezydent Andrzej [&hellip;]<\/p>\n","protected":false},"author":1,"featured_media":0,"comment_status":"closed","ping_status":"closed","sticky":false,"template":"","format":"standard","meta":[],"categories":[6],"tags":[26,24],"_links":{"self":[{"href":"https:\/\/www.reunion68.se\/index.php?rest_route=\/wp\/v2\/posts\/75845"}],"collection":[{"href":"https:\/\/www.reunion68.se\/index.php?rest_route=\/wp\/v2\/posts"}],"about":[{"href":"https:\/\/www.reunion68.se\/index.php?rest_route=\/wp\/v2\/types\/post"}],"author":[{"embeddable":true,"href":"https:\/\/www.reunion68.se\/index.php?rest_route=\/wp\/v2\/users\/1"}],"replies":[{"embeddable":true,"href":"https:\/\/www.reunion68.se\/index.php?rest_route=%2Fwp%2Fv2%2Fcomments&post=75845"}],"version-history":[{"count":4,"href":"https:\/\/www.reunion68.se\/index.php?rest_route=\/wp\/v2\/posts\/75845\/revisions"}],"predecessor-version":[{"id":75861,"href":"https:\/\/www.reunion68.se\/index.php?rest_route=\/wp\/v2\/posts\/75845\/revisions\/75861"}],"wp:attachment":[{"href":"https:\/\/www.reunion68.se\/index.php?rest_route=%2Fwp%2Fv2%2Fmedia&parent=75845"}],"wp:term":[{"taxonomy":"category","embeddable":true,"href":"https:\/\/www.reunion68.se\/index.php?rest_route=%2Fwp%2Fv2%2Fcategories&post=75845"},{"taxonomy":"post_tag","embeddable":true,"href":"https:\/\/www.reunion68.se\/index.php?rest_route=%2Fwp%2Fv2%2Ftags&post=75845"}],"curies":[{"name":"wp","href":"https:\/\/api.w.org\/{rel}","templated":true}]}}