{"id":75875,"date":"2020-01-27T17:09:19","date_gmt":"2020-01-27T15:09:19","guid":{"rendered":"http:\/\/www.reunion68.se\/?p=75875"},"modified":"2020-01-27T16:03:05","modified_gmt":"2020-01-27T14:03:05","slug":"30-09-37","status":"publish","type":"post","link":"https:\/\/www.reunion68.se\/?p=75875","title":{"rendered":"Historia stara jak \u015bwiat"},"content":{"rendered":"<h5 style=\"text-align: center;\"><a href=\"http:\/\/www.listyznaszegosadu.pl\/\" target=\"_blank\" rel=\"noopener noreferrer\"><img decoding=\"async\" width=\"45%\" class=\"center alignleft\" alt=\"\" src=\"http:\/\/www.reunion68.com\/Biuletyn\/img\/z-naszego.jpg\"><\/a><span style=\"text-decoration: underline; color: #000080;\"><strong><a style=\"color: #000080; text-decoration: underline;\" href=\"http:\/\/www.listyznaszegosadu.pl\/brunatna-fala\/historia-stara-jak-swiat\" target=\"_blank\" rel=\"noopener noreferrer\">Historia stara jak \u015bwiat<\/a><\/strong><\/span><\/h5>\n<p style=\"text-align: center;\"><span style=\"color: #000000;\"><strong><br \/>\nSeth J. Frantzman<\/strong><\/span><\/p>\n<hr style=\"height: 15px; background: #d0e6fa; width: 100%;\">\n<p><img decoding=\"async\" width=\"100%\" class=\"aligncenter\" src=\"http:\/\/www.listyznaszegosadu.pl\/upload\/article\/bild\/4535\/823883\/arabboy_s.png\"><\/p>\n<p style=\"text-align: left;\"><strong>Wst\u0119p od redakcji &#8220;List\u00f3w&#8221;:<\/strong><\/p>\n<p style=\"text-align: left;\"><span style=\"color: #000000;\">Najpierw by\u0142 kr\u00f3tki komunikat: policja poszukuje o\u015bmioletniego ch\u0142opca, kt\u00f3ry zagin\u0105\u0142 w pi\u0105tek (24 stycznia) wieczorem, we wschodniej Jerozolimie. Qais Abu Ramila widziany by\u0142 po raz ostatni o godzinie czwartej po po\u0142udniu.<\/span><\/p>\n<p style=\"text-align: left;\"><span style=\"color: #000000;\">Rodzina najpierw powiedzia\u0142a, \u017ce ch\u0142opiec zosta\u0142 porwany, potem zmieni\u0142a swoje zeznania. Natychmiast wybuch\u0142y zamieszki utrudniaj\u0105ce poszukiwania dziecka. Policj\u0119 obrzucano kamieniami. Trzy osoby zosta\u0142y aresztowane. Psy prowadzi\u0142y do zbiornika z wod\u0105, w sobot\u0119 nad ranem znaleziono zw\u0142oki dziecka. Ch\u0142opiec prawdopodobnie po\u015blizn\u0105\u0142 si\u0119 na mokrym brzegu, wpad\u0142 do wody i uton\u0105\u0142.<\/span><\/p>\n<p style=\"text-align: left;\"><span style=\"color: #000000;\">Tymczasem k\u0142amstwo obieg\u0142o \u015bwiat zanim prawda zd\u0105\u017cy\u0142a zwi\u0105za\u0107 sznur\u00f3wki. (W naszych czasach s\u0142ynna metafora Marka Twaina utraci\u0142a znamiona metafory.)<\/span><\/p>\n<p style=\"text-align: left;\"><span style=\"color: #000000;\">Palesty\u0144ska polityk, Hanan Ashrawi powieli\u0142a \u201ewiadomo\u015b\u0107\u201d, z konta na Twitterze podpisanego \u201cReal Seif Bitar\u201d, \u017ce \u201eizraelscy osadnicy porwali, zamordowali i wrzucili do wody palesty\u0144skiego ch\u0142opca\u201d, dodaj\u0105c komentarz: \u201eserce si\u0119 kroi, b\u00f3l jest niezno\u015bny, nie mam s\u0142\u00f3w\u201d.<\/span><\/p>\n<p style=\"text-align: left;\"><span style=\"color: #000000;\">Cz\u0142onkini ameryka\u0144skiego Kongresu Rashida Tliab natychmiast pu\u015bci\u0142a jej tweet dalej w \u015bwiat. Po kilku godzinach Hanan Asshrawi pisa\u0142a: \u201ePrzepraszam za przekazanie czego\u015b, co nie by\u0142o w pe\u0142ni zweryfikowane. Jak si\u0119 wydaje wiadomo\u015b\u0107 o jego porwaniu nie by\u0142a pewna\u201d. A potem, jak si\u0119 wydaje skasowa\u0142a wcze\u015bniejsze tweety.<\/span><\/p>\n<p><img decoding=\"async\" width=\"100%\" class=\"aligncenter\" src=\"http:\/\/www.listyznaszegosadu.pl\/upload\/article\/bild\/2684\/823885\/ashrawi_s.png\"><\/p>\n<p style=\"text-align: left;\"><span style=\"color: #000000;\">A kim jest cz\u0142owiek, kt\u00f3ry wstrz\u0105sn\u0105\u0142 sumieniami antysemit\u00f3w ca\u0142ego \u015bwiata? Seif Bitar nie jest dziennikarzem, kt\u00f3ry by\u0142 na miejscu, nie jest przypadkowym \u015bwiadkiem, nie jest przedstawicielem \u017cadnej instytucji. Jest zwyk\u0142ym internetowym trollem wymy\u015blaj\u0105cym od lat k\u0142amstwa o \u017bydach. Dlaczego dali mu wiar\u0119 politycy i dziennikarze z wielu kraj\u00f3w? Odpowied\u017a jest tylko jedna \u2013 wydawa\u0142o im si\u0119, \u017ce to musi by\u0107 prawda.<\/span><\/p>\n<p><img decoding=\"async\" width=\"100%\" class=\"aligncenter\" src=\"http:\/\/www.listyznaszegosadu.pl\/upload\/article\/bild\/7730\/823887\/bitar_s.png\"><\/p>\n<p style=\"text-align: left;\"><span style=\"color: #000080;\">Historii opowiadaj\u0105cych o porwaniu i zabiciu dziecka przez \u017byd\u00f3w by\u0142y setki, prowadzi\u0142y nieodmiennie do zamieszek i pogrom\u00f3w. Ochota dawania wiary w takie pog\u0142oski jest jak wida\u0107 niezmienna. Izraelski publicysta \u201eJerusalem Post\u201d, Seth J. Frantzman na swojej stronie Facebooka (26 stycznia) pisze:<\/span><\/p>\n<p style=\"text-align: left;\"><strong>Seth J. Frantzman:<\/strong><\/p>\n<p style=\"text-align: left;\"><span style=\"color: #000080;\">Jest tylko jeden kraj na \u015bwiecie, w kt\u00f3rym, kiedy gubi si\u0119 dziecko, a potem znajduj\u0105 je martwe w wodzie, zachodni politycy (Rashida Tlaib, komentatorzy w Wielkiej Brytanii) i inni zachodni komentatorzy powielaj\u0105 historie o \u201eporwaniu\u201d i \u201emorderstwie\u201d bez cienia dowod\u00f3w, bez tego, by byli w kraju, w kt\u00f3rym to si\u0119 sta\u0142o, bez czytania \u017cadnych raport\u00f3w\u2026 tylko dlatego, \u017ce\u2026 s\u0105 antysemitami.<\/span><\/p>\n<p style=\"text-align: left;\"><span style=\"color: #000080;\">Tym krajem jest Izrael.<\/span><\/p>\n<p style=\"text-align: left;\"><span style=\"color: #000080;\">Je\u015bli chcesz wierzy\u0107, \u017ce antyizraelskie pogl\u0105dy nie s\u0105 antysemickie, to zr\u00f3b prosty test. Jak to jest, \u017ce nie ma \u017bADNEGO innego kraju na \u015bwiecie, wobec kt\u00f3rego zachodni politycy i wykszta\u0142cone elity przyj\u0119\u0142y postaw\u0119 \u201eanty\u201d. Jest tylko jeden kraj, wobec kt\u00f3rego ludzie s\u0105 dumnie \u201eanty\u201d. I nie jest tylko przypadkiem, \u017ce tym krajem jest Izrael \u2013 jest tak z powodu zachodniej obsesji, kt\u00f3ra istnieje od wielu pokole\u0144, a jest ni\u0105 nienawi\u015b\u0107 do \u017byd\u00f3w.<\/span><\/p>\n<p style=\"text-align: left;\"><span style=\"color: #000080;\">Nie ma \u017cadnych dowod\u00f3w, \u017ce \u201dantyizraelskie\u201d pogl\u0105dy s\u0105 tylko spowodowane krytyk\u0105 \u201epolityki Izraela\u201d. Dlaczego ludzie w bardzo odleg\u0142ych miejscach nagle mieliby by\u0107 obsesyjnie krytyczni wobec \u201epolityki Izraela\u201d? Polityka Izraela nie jest szczeg\u00f3lnie gorsza ni\u017c polityka wielu innych kraj\u00f3w, jak na przyk\u0142ad Turcji. Nie zawsze gorsza ni\u017c polityka Chin lub Indii, lub innych miejsc.<\/span><\/p>\n<p style=\"text-align: left;\"><span style=\"color: #000080;\">Gdyby wi\u0119c by\u0142a to tylko krytyka, to logicznie ludzie powinni mie\u0107 t\u0119 sam\u0105 obsesj\u0119 na punkcie wszelkiej z\u0142ej polityki Chin, Iranu, Turcji, Maroka, Indii, Malezji i Australii. Ale nie maj\u0105. Nie ma tysi\u0119cy ludzi, kt\u00f3rzy obsesyjnie analizuj\u0105, omawiaj\u0105 i krytykuj\u0105 brutalne traktowanie uchod\u017ac\u00f3w na wyspie przez Australi\u0119\u2026 lub rasistowskie prawa Malezji.<\/span><\/p>\n<p style=\"text-align: left;\"><span style=\"color: #000080;\">Tylko w sprawie Izraela. To jest jedyny kraj na \u015bwiecie, wobec kt\u00f3rego ludzie w Szwecji, Wielkiej Brytanii, USA i innych krajach s\u0105 obsesyjnie \u201eanty\u201d i s\u0105 gotowi wierzy\u0107 w ka\u017cde nienawistne k\u0142amstwo, jedyny kraj, wobec kt\u00f3rego maj\u0105 tak\u0105 obsesj\u0119, \u017ce oskar\u017caj\u0105 \u201eparti\u0119 Likud\u201d o wp\u0142ywanie na wybory w Wielkiej Brytanii i USA. Nie wini\u0105 \u017cadnych innych zagranicznych partii, kt\u00f3rych nazw nawet nie znaj\u0105.<\/span><\/p>\n<p style=\"text-align: left;\"><span style=\"color: #000080;\">Kiedy wi\u0119c dziecko zgubi\u0142o si\u0119 w weekend w Jerozolimie\u2026 byli gotowi dzieli\u0107 si\u0119 pod\u017ceganiem, twierdzi\u0107 bez cienia dowodu, \u017ce zosta\u0142o \u201ezamordowane\u201d przez \u201eosadnik\u00f3w\u201d &#8211; to jest czyste pod\u017ceganie. Nie wzi\u0119li tego z arabskich medi\u00f3w, stworzyli w\u0142asne narracje, nawet ubarwili relacje i twierdzili, \u017ce \u201eizraelskie si\u0142y zaatakowa\u0142y personel medyczny\u201d\u2026 kiedy to Izraelczycy szukali tego ch\u0142opca.<\/span><\/p>\n<p style=\"text-align: left;\"><span style=\"color: #000080;\">Bowiem antyizraelskie pogl\u0105dy s\u0105 antysemickie. Nie tylko niekt\u00f3re z nich \u2013 wszystkie. Nie ma niczego takiego jak bycie \u201ekrytycznym wobec polityki Izraela\u201d, siedz\u0105c wygodnie o tysi\u0105ce kilometr\u00f3w od tego kraju. Naprawd\u0119? Dlaczego podrywasz si\u0119 nagle i decydujesz na obsesj\u0119 na temat Izraela? Dlaczego ludzie, kt\u00f3rych zna\u0142em na ameryka\u0144skim uniwersytecie, obsesyjnie czytaj\u0105 o najdrobniejszych szczeg\u00f3\u0142ach \u201eizraelsko-palesty\u0144skiego konfliktu\u201d\u2026 hmm, czyta\u0142e\u015b dzisiaj o Kaszmirze? O\u2026 niezbyt du\u017co.<\/span><\/p>\n<p style=\"text-align: left;\"><span style=\"color: #000080;\">Nie ma wym\u00f3wki dla tej \u201dantyizraelsko\u015bci\u201d. Jest to tylko przykrywka dla nienawi\u015bci. A ta nienawi\u015b\u0107 atakuje jedn\u0105, male\u0144k\u0105 grup\u0119 na \u015bwiecie. I dlatego \u201dantyizraelizm\u201d zawsze prowadzi do obsesyjnych teorii spiskowych i tendencji do tego, \u017ce ludzi, kt\u00f3rzy s\u0105 ca\u0142kowicie logiczni, kiedy chodzi o inne sprawy, wierz\u0105 w totalne nonsensy i retweetuj\u0105 totalne nonsensy. I dlatego jest tak ma\u0142y krok od ich rzekomo \u201eantyizraelskiej\u201d krucjaty do be\u0142kotu o \u201erotszyldach\u201d i nag\u0142ego pragnienia m\u00f3wienia o Holocau\u015bcie. Bo nie chodzi tu o Izrael.<\/span><\/p>\n<p style=\"text-align: left;\"><span style=\"color: #000080;\">Gdyby chodzi\u0142o o Izrael, to dlaczego jest to o Holocau\u015bcie? Gdzie s\u0105 grupy \u201eantyruandy\u0144skich\u201d aktywist\u00f3w, pouczaj\u0105cych nas, \u017ce \u201eofiary ludob\u00f3jstwa Hutu nie powinny uciska\u0107 innych\u201d? Och, nie ma ludzi daj\u0105cych nam takie nauczki. Tylko je\u015bli chodzi o Izrael, s\u0142yszymy tak\u017ce o Szoah. Nikt nie m\u00f3wi: &#8220;jak mog\u0105 kambod\u017ca\u0144skie ofiary ludob\u00f3jstwa uciska\u0107 lud Cham&#8221;. Tak wi\u0119c tylko wobec Izraela istnieje dziwaczny komentarz: \u201ejak mog\u0105 ofiary sta\u0107 si\u0119 ciemi\u0119\u017ccami w Gazie\u201d. Nie wiem, a jak mog\u0105 ofiary kolonializmu w Kongo sta\u0107 si\u0119 ciemi\u0119\u017ccami? Jak mog\u0105 ofiary islamofobii sta\u0107 si\u0119 ciemi\u0119\u017ccami w Afrin? O czym ty m\u00f3wisz? Jak mog\u0105 bo\u015bniackie ofiary lub ofiary z Kosowa sta\u0107 si\u0119 ciemi\u0119\u017ccami?<\/span><\/p>\n<p style=\"text-align: left;\"><span style=\"color: #000080;\">Prawdziwym pytaniem, jakie nale\u017cy zada\u0107, jest to, dlaczego ciemi\u0119\u017ccy s\u0105 ciemi\u0119\u017ccami, nie za\u015b jakie\u015b wy\u015bwiechtane bana\u0142y o Izraelu. I dlatego antyizraelskie pogl\u0105dy zawsze s\u0105 antysemickie, bo s\u0105 zawsze obsesyjnie unikatowe. Po prostu nie ma innego przyk\u0142adu, gdzie kraj jest poddany tak absurdalnej nienawi\u015bci, pod\u017ceganiu, spiskom i wyja\u015bnieniom.<\/span><\/p>\n<p style=\"text-align: left;\"><span style=\"color: #808080;\"><em>* Jedno zastrze\u017cenie&#8230;Izraelczycy i Palesty\u0144czycy maj\u0105 prawo do obsesji na punkcie Izraela.<\/em><\/span><\/p>\n<p style=\"text-align: left;\"><span style=\"color: #808080;\"><em>P.S. Pod wpisem Setha Fratzmana jest ogromna dyskusja, z mn\u00f3stwem przyk\u0142ad\u00f3w nienawistnych tweet\u00f3w i komentarzy z ca\u0142ego \u015bwiata.<\/em><\/span><\/p>\n<p style=\"text-align: left;\"><span style=\"color: #808080;\"><em>P.S. 2. Rashida Tlaib wycofa\u0142a sw\u00f3j tweet nie trudz\u0105c si\u0119 \u017cadnymi wyja\u015bnieniami, ani przepraszaniem.<\/em><\/span><\/p>\n<hr style=\"height: 15px; background: #d0e6fa; width: 100%;\">\n<div class=\"content-alignment\" id=\"content\">\n<div class=\"yt-uix-button-panel\" id=\"watch-description\">\n<div id=\"watch-description-text\" style=\"text-align: center;\">\n<p><em>Zawarto\u015b\u0107 publikowanych artyku\u0142\u00f3w i materia\u0142\u00f3w nie reprezentuje pogl\u0105d\u00f3w ani opinii Reunion&#8217;68,<\/em><em><br \/>\nani te\u017c webmastera Blogu Reunion&#8217;68, chyba ze jest to wyra\u017anie zaznaczone.<br \/>\nTwoje uwagi, linki, w\u0142asne artyku\u0142y lub wiadomo\u015bci prze\u015blij na adres:<br \/>\n<\/em><span style=\"color: #000080;\"><strong><em><a style=\"color: #000080;\" href=\"mailto:webmaster@reunion68.com\"><span style=\"text-decoration: underline;\">webmaster@reunion68.com<\/span><\/a><\/em><\/strong><\/span><\/p>\n<\/div>\n<\/div>\n<\/div>\n<hr style=\"width: 100%;\">\n","protected":false},"excerpt":{"rendered":"<p>Historia stara jak \u015bwiat Seth J. Frantzman Wst\u0119p od redakcji &#8220;List\u00f3w&#8221;: Najpierw by\u0142 kr\u00f3tki komunikat: policja poszukuje o\u015bmioletniego ch\u0142opca, kt\u00f3ry zagin\u0105\u0142 w pi\u0105tek (24 stycznia) wieczorem, we wschodniej Jerozolimie. Qais Abu Ramila widziany by\u0142 po raz ostatni o godzinie czwartej po po\u0142udniu. Rodzina najpierw powiedzia\u0142a, \u017ce ch\u0142opiec zosta\u0142 porwany, potem zmieni\u0142a swoje zeznania. Natychmiast wybuch\u0142y [&hellip;]<\/p>\n","protected":false},"author":1,"featured_media":0,"comment_status":"closed","ping_status":"closed","sticky":false,"template":"","format":"standard","meta":[],"categories":[6],"tags":[26,24],"_links":{"self":[{"href":"https:\/\/www.reunion68.se\/index.php?rest_route=\/wp\/v2\/posts\/75875"}],"collection":[{"href":"https:\/\/www.reunion68.se\/index.php?rest_route=\/wp\/v2\/posts"}],"about":[{"href":"https:\/\/www.reunion68.se\/index.php?rest_route=\/wp\/v2\/types\/post"}],"author":[{"embeddable":true,"href":"https:\/\/www.reunion68.se\/index.php?rest_route=\/wp\/v2\/users\/1"}],"replies":[{"embeddable":true,"href":"https:\/\/www.reunion68.se\/index.php?rest_route=%2Fwp%2Fv2%2Fcomments&post=75875"}],"version-history":[{"count":3,"href":"https:\/\/www.reunion68.se\/index.php?rest_route=\/wp\/v2\/posts\/75875\/revisions"}],"predecessor-version":[{"id":75885,"href":"https:\/\/www.reunion68.se\/index.php?rest_route=\/wp\/v2\/posts\/75875\/revisions\/75885"}],"wp:attachment":[{"href":"https:\/\/www.reunion68.se\/index.php?rest_route=%2Fwp%2Fv2%2Fmedia&parent=75875"}],"wp:term":[{"taxonomy":"category","embeddable":true,"href":"https:\/\/www.reunion68.se\/index.php?rest_route=%2Fwp%2Fv2%2Fcategories&post=75875"},{"taxonomy":"post_tag","embeddable":true,"href":"https:\/\/www.reunion68.se\/index.php?rest_route=%2Fwp%2Fv2%2Ftags&post=75875"}],"curies":[{"name":"wp","href":"https:\/\/api.w.org\/{rel}","templated":true}]}}