{"id":75927,"date":"2020-02-05T17:00:51","date_gmt":"2020-02-05T15:00:51","guid":{"rendered":"http:\/\/www.reunion68.se\/?p=75927"},"modified":"2020-02-01T09:13:03","modified_gmt":"2020-02-01T07:13:03","slug":"01-05-49","status":"publish","type":"post","link":"https:\/\/www.reunion68.se\/?p=75927","title":{"rendered":"Rivlin addresses German parliament in memory of Nazi victims"},"content":{"rendered":"<h5 style=\"text-align: center;\"><a href=\"https:\/\/www.jpost.com\/\" target=\"_blank\" rel=\"noopener noreferrer\"><img decoding=\"async\" width=\"40%\" class=\"center alignleft\" alt=\"\" src=\"http:\/\/www.reunion68.com\/Biuletyn\/img\/jpost.png\"><\/a><span style=\"text-decoration: underline; color: #000080;\"><span style=\"text-decoration: underline;\"><strong><a style=\"color: #000080; text-decoration: underline;\" href=\"https:\/\/www.jpost.com\/Israel-News\/President-Rivlin-addresses-German-parliament-in-memory-of-Nazi-victims-615784\" target=\"_blank\" rel=\"noopener noreferrer\">Rivlin addresses German parliament in memory of Nazi victims<\/a><\/strong><\/span><\/span><\/h5>\n<p style=\"text-align: center;\"><span style=\"color: #000000;\"><strong>JERUSALEM POST STAFF <\/strong><\/span><\/p>\n<hr style=\"height: 15px; background: #d0e6fa; width: 100%;\">\n<p style=\"text-align: center;\"><strong>Israel&#8217;s president is speaking at a special session of the Bundestag in memory of the victims of Nazism.<\/strong><\/p>\n<p style=\"text-align: center;\"><img decoding=\"async\" width=\"100%\" class=\"aligncenter\" src=\"https:\/\/images.jpost.com\/image\/upload\/f_auto,fl_lossy\/t_JD_ArticleMainImageFaceDetect\/452713\"><span style=\"color: #808080;\"><em>German Chancellor Angela Merkel receives Israeli President Reuven Rivlin at the Chancellery in Berlin, Germany, January 28, 2020<\/em><\/span><br \/>\n<span style=\"color: #808080;\"><em>(photo credit: REUTERS\/AXEL SCHMIDT)<\/em><\/span><\/p>\n<p style=\"text-align: left;\"><span style=\"color: #000080;\">Israeli President Reuven Rivlin is addressing the German parliament, known as the Bundestag, on Wednesday morning.<\/span><\/p>\n<p style=\"text-align: left;\"><span style=\"color: #000080;\">Speaking at a special session of the Bundestag in memory of the victims of Nazism, the president&#8217;s speech will mark the culmination of a week of Holocaust remembrance services. Rivlin spoke at the Fifth&nbsp;<span style=\"text-decoration: underline;\"><strong><a style=\"color: #000080; text-decoration: underline;\" href=\"https:\/\/www.jpost.com\/Tags\/World-Holocaust-Forum\" target=\"_blank\" rel=\"noopener noreferrer\">World Holocaust Forum<\/a><\/strong><\/span>&nbsp;in Jerusalem, and addressed Holocaust survivors at a commemoration of the 75th Anniversary of the liberation of&nbsp;<a style=\"color: #000080;\" href=\"https:\/\/www.jpost.com\/Diaspora\/Polish-President-Andrez-Dudja-visits-Auschwitz-615503\"><span style=\"text-decoration: underline;\"><strong>Auschwitz-Birkenau<\/strong><\/span><\/a>&nbsp;on Monday.<\/span><\/p>\n<p style=\"text-align: left;\"><span style=\"color: #000080;\">Rivlin also visited a Jewish school in Berlin on Tuesday alongside German President Frank-Walter Steinmeier. At the Moses Mendelssohn Jewish High School, Rivlin told the schoolchildren that building connections between different people from all over the world was the &#8220;most important thing&#8221; in order to build an inclusive society.<\/span><\/p>\n<hr style=\"height: 15px; background: #d0e6fa; width: 100%;\">\n<div class=\"content-alignment\" id=\"content\">\n<div class=\"yt-uix-button-panel\" id=\"watch-description\">\n<div id=\"watch-description-text\" style=\"text-align: center;\">\n<p><em>Zawarto\u015b\u0107 publikowanych artyku\u0142\u00f3w i materia\u0142\u00f3w nie reprezentuje pogl\u0105d\u00f3w ani opinii Reunion&#8217;68,<\/em><em><br \/>\nani te\u017c webmastera Blogu Reunion&#8217;68, chyba ze jest to wyra\u017anie zaznaczone.<br \/>\nTwoje uwagi, linki, w\u0142asne artyku\u0142y lub wiadomo\u015bci prze\u015blij na adres:<br \/>\n<\/em><span style=\"color: #000080;\"><strong><em><a style=\"color: #000080;\" href=\"mailto:webmaster@reunion68.com\"><span style=\"text-decoration: underline;\">webmaster@reunion68.com<\/span><\/a><\/em><\/strong><\/span><\/p>\n<\/div>\n<\/div>\n<\/div>\n<hr style=\"width: 100%;\">\n","protected":false},"excerpt":{"rendered":"<p>Rivlin addresses German parliament in memory of Nazi victims JERUSALEM POST STAFF Israel&#8217;s president is speaking at a special session of the Bundestag in memory of the victims of Nazism. German Chancellor Angela Merkel receives Israeli President Reuven Rivlin at the Chancellery in Berlin, Germany, January 28, 2020 (photo credit: REUTERS\/AXEL SCHMIDT) Israeli President Reuven [&hellip;]<\/p>\n","protected":false},"author":1,"featured_media":0,"comment_status":"closed","ping_status":"closed","sticky":false,"template":"","format":"standard","meta":[],"categories":[6],"tags":[26,24],"_links":{"self":[{"href":"https:\/\/www.reunion68.se\/index.php?rest_route=\/wp\/v2\/posts\/75927"}],"collection":[{"href":"https:\/\/www.reunion68.se\/index.php?rest_route=\/wp\/v2\/posts"}],"about":[{"href":"https:\/\/www.reunion68.se\/index.php?rest_route=\/wp\/v2\/types\/post"}],"author":[{"embeddable":true,"href":"https:\/\/www.reunion68.se\/index.php?rest_route=\/wp\/v2\/users\/1"}],"replies":[{"embeddable":true,"href":"https:\/\/www.reunion68.se\/index.php?rest_route=%2Fwp%2Fv2%2Fcomments&post=75927"}],"version-history":[{"count":3,"href":"https:\/\/www.reunion68.se\/index.php?rest_route=\/wp\/v2\/posts\/75927\/revisions"}],"predecessor-version":[{"id":75993,"href":"https:\/\/www.reunion68.se\/index.php?rest_route=\/wp\/v2\/posts\/75927\/revisions\/75993"}],"wp:attachment":[{"href":"https:\/\/www.reunion68.se\/index.php?rest_route=%2Fwp%2Fv2%2Fmedia&parent=75927"}],"wp:term":[{"taxonomy":"category","embeddable":true,"href":"https:\/\/www.reunion68.se\/index.php?rest_route=%2Fwp%2Fv2%2Fcategories&post=75927"},{"taxonomy":"post_tag","embeddable":true,"href":"https:\/\/www.reunion68.se\/index.php?rest_route=%2Fwp%2Fv2%2Ftags&post=75927"}],"curies":[{"name":"wp","href":"https:\/\/api.w.org\/{rel}","templated":true}]}}