{"id":76006,"date":"2020-02-02T17:00:48","date_gmt":"2020-02-02T15:00:48","guid":{"rendered":"http:\/\/www.reunion68.se\/?p=76006"},"modified":"2020-02-02T10:46:18","modified_gmt":"2020-02-02T08:46:18","slug":"06-00-52","status":"publish","type":"post","link":"https:\/\/www.reunion68.se\/?p=76006","title":{"rendered":"The Landscape As Danger"},"content":{"rendered":"<h5 style=\"text-align: center;\"><a href=\"https:\/\/mjhnyc.org\/\" target=\"_blank\" rel=\"noopener noreferrer\"><img decoding=\"async\" class=\"center alignleft\" src=\"http:\/\/www.reunion68.com\/Biuletyn\/img\/heritage.png\" alt=\"\" width=\"40%\" \/><\/a><span style=\"text-decoration: underline; color: #000080;\"><strong><a style=\"color: #000080; text-decoration: underline;\" href=\"https:\/\/mjhnyc.org\/the-landscape-as-danger\/\" target=\"_blank\" rel=\"noopener noreferrer\">The Landscape As Danger<\/a><\/strong><\/span><\/h5>\n<p style=\"text-align: center;\"><span style=\"color: #000000;\"><strong>Museum of Jewish Heritage \u2014 A Living Memorial to the Holocaust<\/strong><\/span><\/p>\n<hr style=\"height: 15px; background: #d0e6fa; width: 100%;\" \/>\n<p><img decoding=\"async\" src=\"https:\/\/d3k74ww17vqc8e.cloudfront.net\/app\/uploads\/2019\/12\/18142020\/treblinka-image.jpg\" width=\"100%\" \/><\/p>\n<p style=\"text-align: left;\"><span style=\"color: #000080;\">Historian and photographer <strong>El\u017cbieta Janicka<\/strong> investigates Polish participation in the murder of Jews set up by the German Nazi state, as well as Polish counter-narratives about the Holocaust and Jewish history.<\/span><\/p>\n<p style=\"text-align: left;\"><span style=\"color: #000080;\">Janicka was at the Museum on January 12, in conversation with YIVO Director Jonathan Brent. She discussed her work and research into Poland\u2019s history, Polish nature, and what is contained in the land itself.<\/span><\/p>\n<p style=\"text-align: left;\"><span style=\"color: #000080;\">Watch the program in the video below:<\/span><\/p>\n<div id=\"content\" class=\"content-alignment\">\n<div id=\"watch-description\" class=\"yt-uix-button-panel\">\n<div id=\"watch-description-text\" style=\"text-align: center;\">\n<p><iframe loading=\"lazy\" src=\"https:\/\/www.youtube.com\/embed\/l9agz5xoNgo\" width=\"680\" height=\"400\" frameborder=\"0\" allowfullscreen=\"allowfullscreen\"><\/iframe><\/p>\n<\/div>\n<\/div>\n<\/div>\n<hr style=\"height: 15px; background: #d0e6fa; width: 100%;\" \/>\n<div id=\"content\" class=\"content-alignment\">\n<div id=\"watch-description\" class=\"yt-uix-button-panel\">\n<div id=\"watch-description-text\" style=\"text-align: center;\">\n<p><em>Zawarto\u015b\u0107 publikowanych artyku\u0142\u00f3w i materia\u0142\u00f3w nie reprezentuje pogl\u0105d\u00f3w ani opinii Reunion&#8217;68,<\/em><em><br \/>\nani te\u017c webmastera Blogu Reunion&#8217;68, chyba ze jest to wyra\u017anie zaznaczone.<br \/>\nTwoje uwagi, linki, w\u0142asne artyku\u0142y lub wiadomo\u015bci prze\u015blij na adres:<br \/>\n<\/em><span style=\"color: #000080;\"><strong><em><a style=\"color: #000080;\" href=\"mailto:webmaster@reunion68.com\"><span style=\"text-decoration: underline;\">webmaster@reunion68.com<\/span><\/a><\/em><\/strong><\/span><\/p>\n<\/div>\n<\/div>\n<\/div>\n<hr style=\"width: 100%;\" \/>\n","protected":false},"excerpt":{"rendered":"<p>The Landscape As Danger Museum of Jewish Heritage \u2014 A Living Memorial to the Holocaust Historian and photographer El\u017cbieta Janicka investigates Polish participation in the murder of Jews set up by the German Nazi state, as well as Polish counter-narratives about the Holocaust and Jewish history. Janicka was at the Museum on January 12, in [&hellip;]<\/p>\n","protected":false},"author":1,"featured_media":0,"comment_status":"closed","ping_status":"closed","sticky":false,"template":"","format":"standard","meta":[],"categories":[6],"tags":[26,24],"_links":{"self":[{"href":"https:\/\/www.reunion68.se\/index.php?rest_route=\/wp\/v2\/posts\/76006"}],"collection":[{"href":"https:\/\/www.reunion68.se\/index.php?rest_route=\/wp\/v2\/posts"}],"about":[{"href":"https:\/\/www.reunion68.se\/index.php?rest_route=\/wp\/v2\/types\/post"}],"author":[{"embeddable":true,"href":"https:\/\/www.reunion68.se\/index.php?rest_route=\/wp\/v2\/users\/1"}],"replies":[{"embeddable":true,"href":"https:\/\/www.reunion68.se\/index.php?rest_route=%2Fwp%2Fv2%2Fcomments&post=76006"}],"version-history":[{"count":4,"href":"https:\/\/www.reunion68.se\/index.php?rest_route=\/wp\/v2\/posts\/76006\/revisions"}],"predecessor-version":[{"id":76016,"href":"https:\/\/www.reunion68.se\/index.php?rest_route=\/wp\/v2\/posts\/76006\/revisions\/76016"}],"wp:attachment":[{"href":"https:\/\/www.reunion68.se\/index.php?rest_route=%2Fwp%2Fv2%2Fmedia&parent=76006"}],"wp:term":[{"taxonomy":"category","embeddable":true,"href":"https:\/\/www.reunion68.se\/index.php?rest_route=%2Fwp%2Fv2%2Fcategories&post=76006"},{"taxonomy":"post_tag","embeddable":true,"href":"https:\/\/www.reunion68.se\/index.php?rest_route=%2Fwp%2Fv2%2Ftags&post=76006"}],"curies":[{"name":"wp","href":"https:\/\/api.w.org\/{rel}","templated":true}]}}