{"id":76044,"date":"2020-02-04T17:09:56","date_gmt":"2020-02-04T15:09:56","guid":{"rendered":"http:\/\/www.reunion68.se\/?p=76044"},"modified":"2020-02-03T15:36:37","modified_gmt":"2020-02-03T13:36:37","slug":"08-09-43","status":"publish","type":"post","link":"https:\/\/www.reunion68.se\/?p=76044","title":{"rendered":"Francja, &#8220;p\u0105czkuj\u0105ca republika islamska&#8221;"},"content":{"rendered":"<h5 style=\"text-align: center;\"><a href=\"http:\/\/www.listyznaszegosadu.pl\/\" target=\"_blank\" rel=\"noopener noreferrer\"><img decoding=\"async\" width=\"45%\" class=\"center alignleft\" alt=\"\" src=\"http:\/\/www.reunion68.com\/Biuletyn\/img\/z-naszego.jpg\"><\/a><span style=\"text-decoration: underline; color: #000080;\"><strong><a style=\"color: #000080; text-decoration: underline;\" href=\"http:\/\/www.listyznaszegosadu.pl\/notatki\/francja-paczkujaca-republika-islamska\" target=\"_blank\" rel=\"noopener noreferrer\">Francja, &#8220;p\u0105czkuj\u0105ca republika islamska&#8221;<\/a><\/strong><\/span><\/h5>\n<p style=\"text-align: center;\"><span style=\"color: #000000;\"><strong>Giulio Meotti<br \/>\n<\/strong>T\u0142umaczenie: <strong>Ma\u0142gorzata Koraszewska<\/strong><\/span><\/p>\n<hr style=\"height: 15px; background: #d0e6fa; width: 100%;\">\n<p style=\"text-align: center;\"><img decoding=\"async\" width=\"100%\" class=\"aligncenter\" src=\"http:\/\/www.listyznaszegosadu.pl\/upload\/article\/bild\/2299\/822353\/4265_s.jpg\"><span style=\"color: #808080;\"><em>We Francji, kraju, kt\u00f3ry kiedy\u015b opowiada\u0142 si\u0119 za wolno\u015bci\u0105 s\u0142owa, w pi\u0119\u0107 lat po ataku terrorystycznym na satyryczne pismo \u201eCharlie Hebdo\u201d gwa\u0142townie narasta autocenzura. 7 stycznia 2015 roku d\u017cihady\u015bci Ch\u00e9rif i Sa\u00efd Kouachi zamordowali 12 ludzi i ranili kolejnych 11, kiedy zaatakowali redakcj\u0119 \u201eCharlie Hebdo\u201d w Pary\u017cu. Na zdj\u0119ciu: poznaczony kulami samoch\u00f3d policyjny na miejscu ataku 7 stycznia 2015. (Zdj\u0119cie: STR\/AFP via Getty Images)<\/em><\/span><\/p>\n<p><span style=\"color: #000080;\">&#8220;Pi\u0119\u0107 lat po zab\u00f3jstwach w Charlie Hebdo i Hyper Cacher Francja nauczy\u0142a si\u0119 \u017cy\u0107 z islamskim zagro\u017ceniem\u201d &#8211;&nbsp;<a style=\"color: #000080;\" href=\"https:\/\/www.lefigaro.fr\/vox\/societe\/rien-n-a-change-20200106\" target=\"_blank\" rel=\"noopener noreferrer\"><span style=\"text-decoration: underline;\"><strong>napisa\u0142<\/strong><\/span><\/a>&nbsp;Yves Thr\u00e9ard, zast\u0119pca redaktora naczelnego gazety \u201eLe Figaro\u201d.<\/span><\/p>\n<p><span style=\"color: #000080;\">S\u0105dzi si\u0119, \u017ce na li\u015bcie podejrzanych terroryst\u00f3w jest 12 tysi\u0119cy radykalnych islamist\u00f3w, \u201ejednak tylko oko\u0142o dziesi\u0119ciu jest pod 24-godzinn\u0105 inwigilacj\u0105\u201d.<\/span><\/p>\n<blockquote>\n<p style=\"text-align: left;\">&#8220;Nie mija miesi\u0105c&#8230; bez morderczego ataku z okrzykiem &#8216;Allahu Akbar&#8217; dziej\u0105cego si\u0119 na naszej ziemi\u2026 Jaki jednak jest sens walki ze skutkami islamizmu, skoro nie zajmujemy si\u0119 pochodzeniem tej ideologii \u015bmierci? Na tym froncie jednak negacja konkuruje z naiwno\u015bci\u0105. Nic nie zmieni\u0142o si\u0119 przez ostatnich pi\u0119\u0107 lat. Wr\u0119cz przeciwnie.W imi\u0119 r\u00f3\u017cnorodno\u015bci, braku dyskryminacji i praw cz\u0142owieka Francja zaakceptowa\u0142a wiele cios\u00f3w w swoj\u0105 kultur\u0119 i histori\u0119\u2026 Islami\u015bci s\u0105 gor\u0105cym tematem.<\/p>\n<p>Kontynuuj\u0105 walk\u0119, kt\u00f3ra nawet bez broni ma wszystkie atrybuty wojny cywilizacji. Czy s\u0142ynny \u2018duch Charliego\u201d, o kt\u00f3rym ludzie s\u0105dzili, \u017ce unosi\u0142 si\u0119 po ataku w styczniu 2015 roku, by\u0142 tylko z\u0142udzeniem?\u201d<\/p><\/blockquote>\n<p style=\"text-align: left;\"><span style=\"color: #000080;\">Francja obchodzi\u0142a&nbsp;<a style=\"color: #000080;\" href=\"https:\/\/www.bbc.com\/news\/world-europe-51018163\" target=\"_blank\" rel=\"noopener noreferrer\"><span style=\"text-decoration: underline;\"><strong>pi\u0105t\u0105 rocznic\u0119<\/strong><\/span><\/a>&nbsp;morderczego ataku d\u017cihadyst\u00f3w na pismo satyryczne \u201eCharlie Hebdo\u201d, 7 stycznia 2015 roku. W zesz\u0142ym miesi\u0105cu francuska senator, Nathalie Goulet&nbsp;<a style=\"color: #000080;\" href=\"https:\/\/www.thenational.ae\/world\/french-senator-warns-of-isis-attack-over-monitoring-failings-on-anniversary-of-strasbourg-atrocity-1.950014\" target=\"_blank\" rel=\"noopener noreferrer\"><span style=\"text-decoration: underline;\"><strong>ostrzeg\u0142a<\/strong><\/span><\/a>&nbsp;przed prawdopodobnymi kolejnymi atakami. Goulet&nbsp;<a style=\"color: #000080;\" href=\"https:\/\/www.thenational.ae\/world\/french-senator-warns-of-isis-attack-over-monitoring-failings-on-anniversary-of-strasbourg-atrocity-1.950014\" target=\"_blank\" rel=\"noopener noreferrer\"><span style=\"text-decoration: underline;\"><strong>powiedzia\u0142a<\/strong><\/span>:<\/a>&nbsp;\u201eMamy we Francji powa\u017cny problem i musimy zrobi\u0107 wi\u0119cej, by przeszkodzi\u0107 dzia\u0142aniom ekstremist\u00f3w. Tak jak to wygl\u0105da, b\u0119dzie wi\u0119cej atak\u00f3w\u201d.<\/span><\/p>\n<p style=\"text-align: left;\"><span style=\"color: #000080;\">S\u0105dzi si\u0119, \u017ce na li\u015bcie podejrzanych terroryst\u00f3w jest 12 tysi\u0119cy radykalnych islamist\u00f3w, \u201ejednak tylko oko\u0142o dziesi\u0119ciu jest pod 24-godzinn\u0105 inwigilacj\u0105\u201d.<\/span><\/p>\n<p style=\"text-align: left;\"><span style=\"color: #000080;\">W tym tygodniu by\u0142a nowa seria atak\u00f3w islamistycznego terroru: policjant zraniony przez wymachuj\u0105cego no\u017cem m\u0119\u017cczyzn\u0119 na ulicy w p\u00f3\u0142nocnozachodnim mie\u015bcie&nbsp;<a style=\"color: #000080;\" href=\"https:\/\/www.thelocal.fr\/20200105\/knife-wielding-man-shot-dead-by-french-police-in-metz\" target=\"_blank\" rel=\"noopener noreferrer\"><span style=\"text-decoration: underline;\"><strong>Metz<\/strong><\/span><\/a>, dwa dni po tym, jak islamistyczny radyka\u0142 zasztyletowa\u0142 cz\u0142owieka na paryskim przedmie\u015bciu&nbsp;<a style=\"color: #000080;\" href=\"https:\/\/www.independent.co.uk\/news\/world\/europe\/paris-stabbing-attack-latest-terror-villejuif-france-a9270771.html\" target=\"_blank\" rel=\"noopener noreferrer\"><span style=\"text-decoration: underline;\"><strong>Villejuif<\/strong><\/span><\/a>, co prokuratorzy&nbsp;<span style=\"text-decoration: underline;\"><strong><a style=\"color: #000080; text-decoration: underline;\" href=\"https:\/\/www.france24.com\/en\/20200104-french-prosecutors-treating-deadly-stabbing-outside-paris-as-terror-attack\" target=\"_blank\" rel=\"noopener noreferrer\">traktuj\u0105<\/a><\/strong><\/span>&nbsp;jako zamach terrorystyczny. W obu wypadkach napastnicy krzyczeli \u201eAllahu Akbar&#8221;. Ten rodzaj ataku w tym tygodniu w artykule redakcyjnym w \u201eLe Figaro\u201d nazwano \u201e<a style=\"color: #000080;\" href=\"https:\/\/www.lefigaro.fr\/vox\/societe\/djihad-ordinaire-20200105\" target=\"_blank\" rel=\"noopener noreferrer\"><span style=\"text-decoration: underline;\"><strong>zwyk\u0142ym d\u017cihadem<\/strong><\/span><\/a>&#8220;.<\/span><\/p>\n<p style=\"text-align: left;\"><span style=\"color: #000080;\">7 stycznia 2015 roku karykaturzy\u015bci i dziennikarze Cabu, Charb, Honor\u00e9, Tignous i Wolinski, psychoanalityczka Elsa Cayat, ekonomista Bernard Maris i policjant Franck Brinsolaro zgin\u0119li pod kulami d\u017cihadystycznych braci Ch\u00e9rifa i Sa\u00efda Kouachi.&nbsp;W numerze \u201eCharlie Hebdo\u201d w rocznic\u0119 w 2020 roku upami\u0119tniono masakr\u0119 i&nbsp;<a style=\"color: #000080;\" href=\"http:\/\/www.rfi.fr\/en\/france\/20200107-charlie-hebdo-targets-politically-correct-censorship-five-years-after-terror-attacks\" target=\"_blank\" rel=\"noopener noreferrer\"><span style=\"text-decoration: underline;\"><strong>ostro skrytykowano<\/strong><\/span><\/a>&nbsp;\u201enowych guru monolitycznego my\u015blenia\u201d, kt\u00f3rzy pr\u00f3buj\u0105 narzuci\u0107 politycznie poprawn\u0105 cenzur\u0119.<\/span><\/p>\n<p style=\"text-align: left;\"><span style=\"color: #000080;\">Wybuch oburzenia Francuz\u00f3w zebranych w Pary\u017cu na olbrzymiej demonstracji 11 stycznia 2015 roku nie wystarczy\u0142 do obudzenia ducha oporu francuskich przyw\u00f3dc\u00f3w i elit przeciwko islamizmowi i jego kolaborantom. \u201ePowaga politycznego faktu islamizmu we Francji jest ostro niedoceniana\u201d &#8211; &nbsp;<a style=\"color: #000080;\" href=\"https:\/\/www.causeur.fr\/terrorisme-thibault-montbrial-daech-170861\" target=\"_blank\" rel=\"noopener noreferrer\"><span style=\"text-decoration: underline;\"><strong>m\u00f3wi<\/strong><\/span><\/a>&nbsp;prawnik Thibault de Montbrial, prezes Centrum Bada\u0144 Bezpiecze\u0144stwa Wewn\u0119trznego Francji.<\/span><\/p>\n<p style=\"text-align: left;\"><span style=\"color: #000080;\">W kraju, kt\u00f3ry kiedy\u015b opowiada\u0142 si\u0119 za wolno\u015bci\u0105 s\u0142owa, gwa\u0142townie narasta autocenzura. \u201eDla humoryst\u00f3w we Francji zawsze jest \u0142atwo wy\u015bmiewa\u0107 papie\u017ca i katolik\u00f3w, zawsze jest \u0142atwo wy\u015bmiewa\u0107 \u017byd\u00f3w, zawsze jest \u0142atwo wy\u015bmiewa\u0107 protestant\u00f3w\u201d \u2013&nbsp;<a style=\"color: #000080;\" href=\"https:\/\/www.journaldemontreal.com\/2020\/01\/07\/cinq-ans-apres-charlie-hebdo-les-terroristes-ont-gagne\" target=\"_blank\" rel=\"noopener noreferrer\"><span style=\"text-decoration: underline;\"><strong>przyznaje<\/strong><\/span><\/a>&nbsp;d\u0142ugoletni publicysta \u201eCharlie Hebdo\u201d, Patrick Pelloux. Wy\u015bmiewanie islamu nie jest \u0142atwe. \u201eCzujemy, \u017ce ta religia jest przera\u017caj\u0105ca. \u015awiat islamu jest przera\u017caj\u0105cy i na tym wygrywaj\u0105 terrory\u015bci\u201d. Poddanie si\u0119 jest zwyci\u0119stwem.<\/span><\/p>\n<p style=\"text-align: left;\"><span style=\"color: #000080;\">Podczas gdy&nbsp;<span style=\"text-decoration: underline;\"><strong><a style=\"color: #000080; text-decoration: underline;\" href=\"https:\/\/www.lefigaro.fr\/vox\/societe\/hugo-micheron-la-prison-est-essentielle-pour-comprendre-le-djihadisme-francais-20191013\" target=\"_blank\" rel=\"noopener noreferrer\">francuskie wi\u0119zienia<\/a><\/strong><\/span>&nbsp;sta\u0142y si\u0119 wyl\u0119garni\u0105 d\u017cihadyst\u00f3w, islamizacja paryskich przedmie\u015b\u0107,&nbsp;<em>banlieues<\/em>, post\u0119puje pe\u0142n\u0105 par\u0105. Tygodnik&nbsp;\u201eLe Point\u201d&nbsp;<span style=\"text-decoration: underline;\"><strong><a style=\"color: #000080; text-decoration: underline;\" href=\"https:\/\/www.lepoint.fr\/societe\/les-territoires-conquis-de-l-islamisme-02-01-2020-2355727_23.php\" target=\"_blank\" rel=\"noopener noreferrer\">po\u015bwi\u0119ci\u0142<\/a><\/strong><\/span>&nbsp;niedawno artyku\u0142 na pierwszej stronie \u201eterytoriom zdobytym przez islamist\u00f3w\u201d. W wielu z nich szaleje przemoc: 1500 samochod\u00f3w&nbsp;<span style=\"text-decoration: underline;\"><strong><a style=\"color: #000080; text-decoration: underline;\" href=\"https:\/\/www.ladepeche.fr\/2020\/01\/08\/nuit-du-nouvel-an-1457-voitures-brulees-en-france-triste-nouveau-record,8647821.php\" target=\"_blank\" rel=\"noopener noreferrer\">spalono<\/a><\/strong><\/span>&nbsp;tylko w Sylwestra. W niedawno opublikowanej ksi\u0105\u017cce&nbsp;<em>Les territoires conquis de l&#8217;islamisme<\/em>&nbsp;(&#8220;Terytoria zdobyte przez islamizm\u201d) Bernard Rougier, profesor uniwersytetu Sorbonne-Nouvelle i dyrektor O\u015brodka Bada\u0144 Arabskich i Wschodnich,&nbsp;<a style=\"color: #000080;\" href=\"https:\/\/www.lepoint.fr\/societe\/bernard-rougier-l-islamisme-est-un-projet-hegemonique-02-01-2020-2355726_23.php\" target=\"_blank\" rel=\"noopener noreferrer\"><span style=\"text-decoration: underline;\"><strong>wyja\u015bnia<\/strong><\/span><\/a>, \u017ce islamizm jest \u201ehegemonicznym projektem\u201d, rozbijaj\u0105cym dzielnice robotnicze. Te &#8220;<span style=\"text-decoration: underline;\"><strong><a style=\"color: #000080; text-decoration: underline;\" href=\"https:\/\/www.nouvelobs.com\/idees\/20200105.OBS23066\/l-islamisme-une-histoire-devenue-francaise.html\" target=\"_blank\" rel=\"noopener noreferrer\">ekosystemy<\/a><\/strong><\/span>&#8220;, m\u00f3wi, dzia\u0142aj\u0105 na \u201elogice rozrywania\u201d francuskiego spo\u0142ecze\u0144stwa, jego warto\u015bci i instytucji i opieraj\u0105 si\u0119 na meczetach, klubach sportowych i restauracjach halal.<\/span><\/p>\n<p style=\"text-align: left;\"><span style=\"color: #000080;\">Hugo Micheron, badacz z Ecole Normale Sup\u00e9rieure,&nbsp;<span style=\"text-decoration: underline;\"><strong><a style=\"color: #000080; text-decoration: underline;\" href=\"https:\/\/www.lemonde.fr\/idees\/article\/2020\/01\/06\/hugo-micheron-les-djihadistes-sont-a-l-aise-dans-l-enclavement-territorial-et-communautaire_6024881_3232.html\" target=\"_blank\" rel=\"noopener noreferrer\">pisa\u0142<\/a>,<\/strong><\/span> \u017ce d\u017cihadystom wygodnie jest w \u201eterytorialnej i spo\u0142ecznej izolacji\u201d. Prezeska Conseil sup\u00e9rieur des programmes ministerstwa edukacji, Sou\u00e2d Ayada,&nbsp;<a style=\"color: #000080;\" href=\"https:\/\/www.lemonde.fr\/idees\/article\/2019\/10\/25\/souad-ayada-le-visible-de-l-islam-aujourd-hui-en-france-est-sature-par-le-voile-et-le-djihad_6016821_3232.html\" target=\"_blank\" rel=\"noopener noreferrer\"><span style=\"text-decoration: underline;\"><strong>powiedzia\u0142a<\/strong><\/span>:<\/a>&nbsp;&#8220;Dzisiaj widzialny islam we Francji nasycony jest zas\u0142onami i d\u017cihadem\u201d.<\/span><\/p>\n<p style=\"text-align: left;\"><span style=\"color: #000080;\">Podczas gdy islamistyczni kaznodzieje i werbownicy s\u0105 na ulicach w poszukiwaniu s\u0142abych umys\u0142\u00f3w, kt\u00f3re stworz\u0105 pierwsz\u0105 lini\u0119 w ich \u015bwi\u0119tej wojnie, polityczny islam tworzy tak\u017ce&nbsp;<a style=\"color: #000080;\" href=\"http:\/\/www.leparisien.fr\/yvelines-78\/municipales-les-democrates-musulmans-visent-quatre-villes-dans-les-yvelines-10-12-2019-8214042.php\" target=\"_blank\" rel=\"noopener noreferrer\">listy wyborcze<\/a>&nbsp;na przedmie\u015bciach Francji. Francuski prezydent, Emmanuel Macron&nbsp;<a style=\"color: #000080;\" href=\"http:\/\/www.leparisien.fr\/politique\/municipales-macron-contre-l-interdiction-des-listes-communautaires-19-11-2019-8197158.php\" target=\"_blank\" rel=\"noopener noreferrer\">sprzeciwi\u0142 si\u0119<\/a>&nbsp;zakazaniu tych politycznych grup. \u201eFrancja jest p\u0105czkuj\u0105c\u0105 republik\u0105 islamsk\u0105\u201d&nbsp;<a style=\"color: #000080;\" href=\"https:\/\/www.lefigaro.fr\/vox\/monde\/2019\/02\/28\/31002-20190228ARTFIG00283-boualem-sansal-les-jeunes-execrent-le-regime-mais-l-algerie-a-peur-d-une-autre-guerre-civile.php\" target=\"_blank\" rel=\"noopener noreferrer\">powiedzia\u0142<\/a>&nbsp;algierski pisarz Boualem Sansal. Na tych \u201eterytoriach\u201d,&nbsp;<a style=\"color: #000080;\" href=\"https:\/\/www.lefigaro.fr\/vox\/monde\/2019\/02\/28\/31002-20190228ARTFIG00283-boualem-sansal-les-jeunes-execrent-le-regime-mais-l-algerie-a-peur-d-une-autre-guerre-civile.php\" target=\"_blank\" rel=\"noopener noreferrer\">powiedzia\u0142<\/a>, \u017cyje wielu terroryst\u00f3w, kt\u00f3rzy atakuj\u0105 Francj\u0119, od&nbsp;<a style=\"color: #000080;\" href=\"https:\/\/www.nytimes.com\/2015\/01\/18\/world\/europe\/paris-terrorism-brothers-said-cherif-kouachi-charlie-hebdo.html\" target=\"_blank\" rel=\"noopener noreferrer\">braci Kouachi<\/a>&nbsp;z masakry na \u201eCharlie Hebdo\u201d do d\u017cihadyst\u00f3w, kt\u00f3rzy zamordowali dziesi\u0105tki ludzie w teatrze&nbsp;<a style=\"color: #000080;\" href=\"https:\/\/www.spiegel.de\/international\/europe\/a-trip-through-the-paris-banlieue-of-terrorist-samy-amimour-a-1079033.html\" target=\"_blank\" rel=\"noopener noreferrer\">Bataclan<\/a>.<\/span><\/p>\n<p style=\"text-align: left;\"><span style=\"color: #000080;\">Dwie populacje, kt\u00f3re \u017cyj\u0105 \u201ejedna obok drugiej\u201d, wkr\u00f3tce stan\u0105 \u201etwarz\u0105 w twarz\u201d &#8211;&nbsp;<a style=\"color: #000080;\" href=\"https:\/\/www.lefigaro.fr\/politique\/2018\/11\/01\/01002-20181101ARTFIG00181-quand-collomb-predisait-deja-le-face-a-face.php\" target=\"_blank\" rel=\"noopener noreferrer\">powiedzia\u0142<\/a>&nbsp;G\u00e9rard Collomb, by\u0142y minister spraw wewn\u0119trznych. Mia\u0142 racj\u0119. Islami\u015bci zagnie\u017adzili si\u0119 tak\u017ce wewn\u0105trz&nbsp;<a style=\"color: #000080;\" href=\"https:\/\/www.lepoint.fr\/societe\/services-publics-face-a-l-islamisme-des-temoignages-edifiants-19-06-2019-2320021_23.php\" target=\"_blank\" rel=\"noopener noreferrer\">publicznych instytucji.<\/a><\/span><\/p>\n<p style=\"text-align: left;\"><span style=\"color: #000080;\">Islami\u015bci ponadto zwerbowali&nbsp;<a style=\"color: #000080;\" href=\"https:\/\/www.telegraph.co.uk\/news\/2019\/12\/18\/thirty-former-french-soldiers-joined-jihadist-groups-middle\/\" target=\"_blank\" rel=\"noopener noreferrer\">dziesi\u0105tki francuskich \u017co\u0142nierzy<\/a>&nbsp;i by\u0142ych \u017co\u0142nierzy, kt\u00f3rzy nawr\u00f3cili si\u0119 na islam. Wielu pochodzi z&nbsp;<a style=\"color: #000080;\" href=\"https:\/\/www.lefigaro.fr\/actualite-france\/legionnaires-commandos-parachutistes-ces-militaires-francais-devenus-djihadistes-20191217\" target=\"_blank\" rel=\"noopener noreferrer\">jednostek komandos\u00f3w<\/a>&nbsp;i ma umiej\u0119tno\u015b\u0107 obchodzenia si\u0119 z broni\u0105 i materia\u0142ami wybuchowymi. Francja zamienia si\u0119 w \u201espo\u0142ecze\u0144stwo czujno\u015bci\u201d w walce przeciwko \u201ehydrze\u201d islamistycznej wojowniczo\u015bci, jak&nbsp;<a style=\"color: #000080;\" href=\"https:\/\/www.reuters.com\/article\/us-france-security-victims-macron\/france-needs-society-of-vigilance-against-islamist-hydra-macron-idUSKBN1WN168\" target=\"_blank\" rel=\"noopener noreferrer\">powiedzia\u0142<\/a>&nbsp;Macron.<\/span><\/p>\n<p style=\"text-align: left;\"><span style=\"color: #000080;\">Przez pi\u0119\u0107 lat od masakry w \u201eCharlie Hebdo\u201d, kt\u00f3ra zaatakowa\u0142a wolno\u015b\u0107 s\u0142owa, islami\u015bci byli w stanie pope\u0142ni\u0107 potworno\u015bci atakuj\u0105c ksi\u0119dza w katolickim ko\u015bciele w&nbsp;<a style=\"color: #000080;\" href=\"https:\/\/www.bbc.com\/news\/world-europe-36892785\" target=\"_blank\" rel=\"noopener noreferrer\">Rouen<\/a>; wje\u017cd\u017caj\u0105c w t\u0142um ci\u0119\u017car\u00f3wk\u0105 podczas \u015bwieckiego \u015bwi\u0119ta narodowego (atak w Dzie\u0144 Bastylii w&nbsp;<a style=\"color: #000080;\" href=\"https:\/\/www.bbc.com\/news\/world-europe-36801671\" target=\"_blank\" rel=\"noopener noreferrer\">Nicei<\/a>); \u017cydowskie spo\u0142eczno\u015bci (od Pary\u017ca do&nbsp;<a style=\"color: #000080;\" href=\"https:\/\/www.bbc.com\/news\/world-us-canada-17426313\" target=\"_blank\" rel=\"noopener noreferrer\">Toulouse<\/a>) i&nbsp;<a style=\"color: #000080;\" href=\"https:\/\/www.bbc.com\/news\/world-europe-41461107\" target=\"_blank\" rel=\"noopener noreferrer\">przypadkowych pojedynczych ludzi<\/a>. W pa\u017adzierniku islamista&nbsp;<a style=\"color: #000080;\" href=\"https:\/\/www.france24.com\/en\/20191003-knife-man-attack-paris-police-prefecture-headquarters\" target=\"_blank\" rel=\"noopener noreferrer\">zaatakowa\u0142<\/a>&nbsp; jeden z najbezpieczniejszych budynk\u00f3w Francji: olbrzymi\u0105 kwater\u0119 g\u0142\u00f3wn\u0105 paryskiej policji w pobli\u017cy katedry Notre Dame, gdzie zamordowa\u0142 czterech swoich koleg\u00f3w. \u201eTo jest wielki punkt zwrotny w islamistycznym terroryzmie\u201d &#8211;&nbsp;<a style=\"color: #000080;\" href=\"https:\/\/spectator.org\/frances-fifth-column-terrorist-infiltration-of-the-paris-police-force\/\" target=\"_blank\" rel=\"noopener noreferrer\">powiedzia\u0142<\/a>&nbsp;Gilles Kepel, ekspert spraw Bliskiego Wschodu i d\u017cihadyzmu.<\/span><\/p>\n<blockquote>\n<p style=\"text-align: left;\">&#8220;Trudno uwierzy\u0107, \u017ce policja, na kt\u00f3rej polegamy, by nas chroni\u0142a i kt\u00f3ra ma by\u0107 nasz\u0105 ostatni\u0105 barier\u0105 przeciwko terroryzmowi, sama mo\u017ce by\u0107 ofiar\u0105 terroryzmu z poder\u017cni\u0119tymi gard\u0142ami w naj\u015bwi\u0119tszej z \u015bwi\u0119tych prefekturze policji\u201d.<\/p>\n<\/blockquote>\n<p style=\"text-align: left;\"><span style=\"color: #000080;\">Po tym ataku&nbsp;<a style=\"color: #000080;\" href=\"http:\/\/www.rfi.fr\/en\/france\/20191031-seven-officers-guns-confiscated-police-radicalisation-paris-prefecture-knife-attack\" target=\"_blank\" rel=\"noopener noreferrer\">skonfiskowano bro\u0144<\/a>&nbsp;siedmiu oficerom policji \u201epodejrzanym o radykalizacj\u0119\u201d.<\/span><\/p>\n<p style=\"text-align: left;\"><span style=\"color: #000080;\">&#8220;Mam wra\u017cenie, \u017ce nasz uk\u0142ad odporno\u015bciowy zapad\u0142 si\u0119 i \u017ce islamizm zwyci\u0119\u017ca\u201d &#8211;&nbsp;<a style=\"color: #000080;\" href=\"https:\/\/www.lefigaro.fr\/vox\/societe\/pascal-bruckner-la-france-n-a-que-le-mince-glacis-de-la-laicite-a-opposer-au-fanatisme-20200106\" target=\"_blank\" rel=\"noopener noreferrer\">m\u00f3wi<\/a>&nbsp;francuski pisarz Pascal Bruckner.<\/span><\/p>\n<blockquote>\n<p style=\"text-align: left;\">&#8220;Jego g\u0142\u00f3wne \u017c\u0105danie zosta\u0142o spe\u0142nione: nikt ju\u017c nie odwa\u017ca si\u0119 publikowa\u0107 karykatur Mahometa. Autocenzura panuje&#8230;. Nienawi\u015b\u0107 kieruje si\u0119 wobec tych, kt\u00f3rzy opieraj\u0105 si\u0119 ukrywaniu informacji, zamiast wobec tych, kt\u00f3rzy j\u0105 ukrywaj\u0105. Nie wspominaj\u0105c ju\u017c o psychiatryzacji terroryst\u00f3w, by uniewinni\u0107 islam. Gdyby&nbsp; na pocz\u0105tku lat 2000 powiedziano nam, \u017ce oko\u0142o 20 karykaturzyst\u00f3w i intelektualist\u00f3w b\u0119dzie mia\u0142o policyjna ochron\u0119, nikt by nie uwierzy\u0142. Pr\u00f3g s\u0142u\u017cebno\u015bci wobec tolerowaniay p zniewolenia podni\u00f3s\u0142 si\u0119\u201d.<\/p>\n<\/blockquote>\n<p style=\"text-align: left;\"><span style=\"color: #000080;\">Pi\u0119\u0107 lat po terrorystycznych morderstwach w \u201eCharlie Hebdo\u201d wolno\u015b\u0107 s\u0142owa jest we Francji mniej wolna. \u201eNikt dzisiaj nie opublikowa\u0142by karykatur Mahometa\u201d &#8211;&nbsp;<a style=\"color: #000080;\" href=\"https:\/\/www.causeur.fr\/philippe-val-charlie-hebdo-gauche-163103\" target=\"_blank\" rel=\"noopener noreferrer\">powiedzia\u0142<\/a>&nbsp;niedawno Philippe Val, by\u0142y redaktor naczelny \u201eCharlie Hebdo\u201d.<\/span><\/p>\n<p style=\"text-align: left;\"><span style=\"color: #000080;\">&#8220;Przez ostatnich pi\u0119\u0107 lat co miesi\u0105c chodzi\u0142am na policj\u0119, by zg\u0142osi\u0107 skarg\u0119 o gro\u017abach \u015bmierci, nie o obelgach, o gro\u017abach \u015bmierci\u201d &#8211;&nbsp;<a style=\"color: #000080;\" href=\"https:\/\/vladtepesblog.com\/2020\/01\/08\/france-now-in-more-danger-than-when-charlie-hebdo-was-attacked\/comment-page-1\/\" target=\"_blank\" rel=\"noopener noreferrer\">m\u00f3wi<\/a>&nbsp;Marika Bret, obecnie dziennikarka w \u201eCharlie Hebdo\u201d.<\/span><\/p>\n<p style=\"text-align: left;\"><span style=\"color: #000080;\">W Pary\u017cu pi\u0119\u0107 lat po morderstwach w \u201eCharlie Hebdo\u201d odby\u0142 si\u0119 wielki&nbsp;<a style=\"color: #000080;\" href=\"https:\/\/www.thelocal.fr\/20191111\/thousands-march-in-paris-against-islamophobia\" target=\"_blank\" rel=\"noopener noreferrer\">marsz<\/a>&nbsp;protestu nie przeciwko terroryzmowi, ale przeciwko \u201eislamofobii\u201d. \u201eWolter blednie przed Mahometem, a O\u015bwiecenie przed Poddaniem\u201d &#8211;&nbsp;<a style=\"color: #000080;\" href=\"https:\/\/www.lefigaro.fr\/vox\/societe\/eric-zemmour-quand-voltaire-s-efface-devant-mahomet-et-les-lumieres-devant-la-soumission-20191115\" target=\"_blank\" rel=\"noopener noreferrer\">napisa\u0142<\/a>&nbsp;autor \u00c9ric Zemmour. A&nbsp;<a style=\"color: #000080;\" href=\"https:\/\/www.lesechos.fr\/idees-debats\/livres\/comment-le-qatar-finance-lislam-en-france-1024566\" target=\"_blank\" rel=\"noopener noreferrer\">Katar<\/a>&nbsp;nadal swobodnie finansuje budow\u0119 francuskich meczet\u00f3w.<\/span><\/p>\n<p style=\"text-align: left;\"><span style=\"color: #000080;\">W 2017 roku, dwa lata po&nbsp;<a style=\"color: #000080;\" href=\"https:\/\/www.france24.com\/en\/20160109-france-homage-victims-hyper-cacher-kosher-supermarket-attack-paris\" target=\"_blank\" rel=\"noopener noreferrer\">zamordowaniu<\/a>&nbsp;\u017byd\u00f3w w terrorystycznym ataku na koszerny supermarket w Pary\u017cu, \u017byd\u00f3wka,&nbsp;<a style=\"color: #000080;\" href=\"https:\/\/www.tabletmag.com\/jewish-news-and-politics\/235532\/sarah-halimi-france-anti-semitism\" target=\"_blank\" rel=\"noopener noreferrer\">Sarah Halimi<\/a>, by\u0142a torturowana i zamordowana w swoim paryskim mieszkaniu przez jej s\u0105siada, Kobili Traor\u00e9, kt\u00f3ry wywrzaskiwa\u0142 &#8220;Allahu Akbar&#8221;. S\u0105d apelacyjny niedawno&nbsp;<a style=\"color: #000080;\" href=\"https:\/\/www.france24.com\/en\/20200105-hundreds-rally-in-paris-to-seek-justice-for-murdered-jewish-woman-sarah-halimi\" target=\"_blank\" rel=\"noopener noreferrer\">orzek\u0142<\/a>, \u017ce Traor\u00e9 pali\u0142 marihuan\u0119, a wi\u0119c \u201enie by\u0142 karnie odpowiedzialny\u201d za swoje czyny. Jak&nbsp;<a style=\"color: #000080;\" href=\"https:\/\/www.algemeiner.com\/2019\/12\/26\/frances-chief-rabbi-fears-sarah-halimi-murder-trial-decision-amounts-to-license-to-kill-jews\/\" target=\"_blank\" rel=\"noopener noreferrer\">powiedzia\u0142<\/a>&nbsp;naczelny rabin Francji, Haim Korsia, jest to udzielenie \u201elicencji na zabijanie \u017byd\u00f3w\u201d.<\/span><\/p>\n<p style=\"text-align: left;\"><span style=\"color: #000080;\">&#8220;Antysemityzm dzisiaj jest tak jawny, \u017ce by\u0142oby trudno ukry\u0107 go bez popadania w \u015bmieszno\u015b\u0107 &#8211;&nbsp;<a style=\"color: #000080;\" href=\"https:\/\/www.lefigaro.fr\/actualite-france\/georges-bensoussan-le-vrai-tabou-n-est-pas-l-antisemitisme-mais-qui-sont-les-antisemites-20200103\" target=\"_blank\" rel=\"noopener noreferrer\">powiedzia\u0142<\/a>&nbsp;historyk Georges Bensoussan. \u2013 Tym, co jest tabu, jest antysemityzm\u201d \u2013 w znaczeniu, \u017ce dzisiaj we Francji jest tabu powiedzenie, \u017ce islamizm jest najwa\u017cniejszym \u017ar\u00f3d\u0142em antysemityzmu.<\/span><\/p>\n<p style=\"text-align: left;\"><span style=\"color: #000080;\">Tydzie\u0144 po terrorystycznym ataku na \u201eCharlie Hebdo\u201d, w kt\u00f3rym zgin\u0119\u0142o dziewi\u0119cioro cz\u0142onk\u00f3w redakcji a dalszych czterech zosta\u0142o rannych, pismo to opublikowa\u0142o numer z ok\u0142adk\u0105 przedstawiaj\u0105c\u0105 Proroka islamu ze \u0142z\u0105 na policzku i&nbsp;<a style=\"color: #000080;\" href=\"https:\/\/www.france24.com\/en\/20150113-charlie-hebdo-publishes-prophet-cartoon-cover\" target=\"_blank\" rel=\"noopener noreferrer\">napisem<\/a>: &#8220;Tout est Pardonn\u00e9&#8221; (&#8220;Wszystko jest wybaczone&#8221;) . Pi\u0119\u0107 lat p\u00f3\u017aniej wszystko istotnie wydaje si\u0119 by\u0107 przebaczone. W\u00f3wczas wielu z dum\u0105 m\u00f3wi\u0142o \u201eJestem Charlie\u201d. Wi\u0119kszo\u015b\u0107 dowiod\u0142a, \u017ce nie byli.<\/span><\/p>\n<hr>\n<p style=\"text-align: left;\"><img decoding=\"async\" width=\"15%\" class=\"alignleft\" src=\"http:\/\/www.listyznaszegosadu.pl\/upload\/article\/bild\/771\/822355\/meottig_s_s.jpg\"><strong><span style=\"color: #808080;\"><em>Giulio Meotti<\/em><\/span><\/strong><\/p>\n<p style=\"text-align: left;\"><span style=\"color: #808080;\"><em>W\u0142oski publicysta, autor ksi\u0105\u017cki \u201eA New Shoah: The Untold Story of Israel\u2019s Victims of Terrorism\u201d.<\/em><\/span><\/p>\n<hr style=\"height: 15px; background: #d0e6fa; width: 100%;\">\n<div class=\"content-alignment\" id=\"content\">\n<div class=\"yt-uix-button-panel\" id=\"watch-description\">\n<div id=\"watch-description-text\" style=\"text-align: center;\">\n<p><em>Zawarto\u015b\u0107 publikowanych artyku\u0142\u00f3w i materia\u0142\u00f3w nie reprezentuje pogl\u0105d\u00f3w ani opinii Reunion&#8217;68,<\/em><em><br \/>\nani te\u017c webmastera Blogu Reunion&#8217;68, chyba ze jest to wyra\u017anie zaznaczone.<br \/>\nTwoje uwagi, linki, w\u0142asne artyku\u0142y lub wiadomo\u015bci prze\u015blij na adres:<br \/>\n<\/em><span style=\"color: #000080;\"><strong><em><a style=\"color: #000080;\" href=\"mailto:webmaster@reunion68.com\"><span style=\"text-decoration: underline;\">webmaster@reunion68.com<\/span><\/a><\/em><\/strong><\/span><\/p>\n<\/div>\n<\/div>\n<\/div>\n<hr style=\"width: 100%;\">\n","protected":false},"excerpt":{"rendered":"<p>Francja, &#8220;p\u0105czkuj\u0105ca republika islamska&#8221; Giulio Meotti T\u0142umaczenie: Ma\u0142gorzata Koraszewska We Francji, kraju, kt\u00f3ry kiedy\u015b opowiada\u0142 si\u0119 za wolno\u015bci\u0105 s\u0142owa, w pi\u0119\u0107 lat po ataku terrorystycznym na satyryczne pismo \u201eCharlie Hebdo\u201d gwa\u0142townie narasta autocenzura. 7 stycznia 2015 roku d\u017cihady\u015bci Ch\u00e9rif i Sa\u00efd Kouachi zamordowali 12 ludzi i ranili kolejnych 11, kiedy zaatakowali redakcj\u0119 \u201eCharlie Hebdo\u201d w [&hellip;]<\/p>\n","protected":false},"author":1,"featured_media":0,"comment_status":"closed","ping_status":"closed","sticky":false,"template":"","format":"standard","meta":[],"categories":[6],"tags":[26,24],"_links":{"self":[{"href":"https:\/\/www.reunion68.se\/index.php?rest_route=\/wp\/v2\/posts\/76044"}],"collection":[{"href":"https:\/\/www.reunion68.se\/index.php?rest_route=\/wp\/v2\/posts"}],"about":[{"href":"https:\/\/www.reunion68.se\/index.php?rest_route=\/wp\/v2\/types\/post"}],"author":[{"embeddable":true,"href":"https:\/\/www.reunion68.se\/index.php?rest_route=\/wp\/v2\/users\/1"}],"replies":[{"embeddable":true,"href":"https:\/\/www.reunion68.se\/index.php?rest_route=%2Fwp%2Fv2%2Fcomments&post=76044"}],"version-history":[{"count":4,"href":"https:\/\/www.reunion68.se\/index.php?rest_route=\/wp\/v2\/posts\/76044\/revisions"}],"predecessor-version":[{"id":76053,"href":"https:\/\/www.reunion68.se\/index.php?rest_route=\/wp\/v2\/posts\/76044\/revisions\/76053"}],"wp:attachment":[{"href":"https:\/\/www.reunion68.se\/index.php?rest_route=%2Fwp%2Fv2%2Fmedia&parent=76044"}],"wp:term":[{"taxonomy":"category","embeddable":true,"href":"https:\/\/www.reunion68.se\/index.php?rest_route=%2Fwp%2Fv2%2Fcategories&post=76044"},{"taxonomy":"post_tag","embeddable":true,"href":"https:\/\/www.reunion68.se\/index.php?rest_route=%2Fwp%2Fv2%2Ftags&post=76044"}],"curies":[{"name":"wp","href":"https:\/\/api.w.org\/{rel}","templated":true}]}}