{"id":76060,"date":"2020-02-25T17:09:59","date_gmt":"2020-02-25T15:09:59","guid":{"rendered":"http:\/\/www.reunion68.se\/?p=76060"},"modified":"2020-02-19T07:52:44","modified_gmt":"2020-02-19T05:52:44","slug":"09-09-39","status":"publish","type":"post","link":"https:\/\/www.reunion68.se\/?p=76060","title":{"rendered":"Marian Turski dostanie tego Nobla! Zobaczycie!"},"content":{"rendered":"<h5 style=\"text-align: center;\"><a href=\"https:\/\/hartman.blog.polityka.pl\/\" target=\"_blank\" rel=\"noopener noreferrer\"><img decoding=\"async\" width=\"50%\" class=\"center alignleft\" alt=\"\" src=\"http:\/\/www.reunion68.com\/Biuletyn\/img\/hartman.png\"><\/a><span style=\"text-decoration: underline; color: #000080;\"><strong><a style=\"color: #000080; text-decoration: underline;\" href=\"https:\/\/hartman.blog.polityka.pl\/2020\/02\/01\/marian-turski-dostanie-tego-nobla-zobaczycie\/?nocheck=1\" target=\"_blank\" rel=\"noopener noreferrer\">Marian Turski dostanie tego Nobla! Zobaczycie!<\/a><\/strong><\/span><\/h5>\n<p style=\"text-align: center;\"><span style=\"color: #000000;\"><strong>Jan Hartman<\/strong><\/span><\/p>\n<hr style=\"height: 15px; background: #d0e6fa; width: 100%;\">\n<p style=\"text-align: left;\"><img decoding=\"async\" width=\"40%\" class=\"alignright\" src=\"https:\/\/static.polityka.pl\/_resource\/res\/path\/dd\/6f\/dd6f0bc4-1798-455e-a74b-4ca2b6b805be_f1400x900\"><span style=\"color: #808080;\"><em><strong>Marian Turski<\/strong> \/ Foro: Micha\u0142 Mutor Agencja Gazeta<\/em><\/span><\/p>\n<p style=\"text-align: left;\"><span style=\"color: #000080;\">Chodz\u0105 s\u0142uchy, \u017ce uda\u0142o si\u0119 prawid\u0142owo zg\u0142osi\u0107 kandydatur\u0119 Mariana Turskiego do Pokojowej Nagrody Nobla! Czas by\u0142 do 1 lutego, a&nbsp;wynik poznamy w&nbsp;pa\u017adzierniku.<\/span><\/p>\n<p style=\"text-align: left;\"><span style=\"color: #000080;\">Procedura sk\u0142adania wniosku wymaga pe\u0142nej dyskrecji, a&nbsp;przeto nie wiemy i&nbsp;przez p\u00f3\u0142 wieku nie dowiemy si\u0119, kt\u00f3rzy spo\u015br\u00f3d uprawnionych by\u0142ych laureat\u00f3w, dygnitarzy lub profesor\u00f3w z\u0142o\u017cy\u0142 dokumenty nominacji. A&nbsp;mo\u017ce sam Barack Obama, u&nbsp;kt\u00f3rego Marian bywa\u0142, gdy szuka\u0142 w&nbsp;USA funduszy na budow\u0119 Muzeum Historii \u017byd\u00f3w Polskich? Mo\u017cna przypuszcza\u0107, \u017ce r\u00f3wnie\u017c Lech Wa\u0142\u0119sa \u2013 przecie\u017c musi zna\u0107 i&nbsp;ceni\u0107 Mariana Turskiego. To spekulacje, ale jak\u017ce mi\u0142e.<\/span><\/p>\n<p style=\"text-align: left;\"><span style=\"color: #000080;\">Pewnie my\u015blicie, \u017ce chodzi tylko o&nbsp;zg\u0142oszenie, \u017ce ju\u017c to jest wielki presti\u017c i&nbsp;rado\u015b\u0107. Tak jak z&nbsp;nominacjami do Oscara, prawda? \u017be mo\u017ce to taka gra na wzmocnienie Mariana Turskiego w&nbsp;trudnych rozmowach z&nbsp;ministrem Gli\u0144skim, kt\u00f3ry odmawia nominowania prof. Stoli na stanowisko dyrektora Polin mimo wygrania przez niego konkursu?<\/span><\/p>\n<p style=\"text-align: left;\"><span style=\"color: #000080;\">A ja sobie my\u015bl\u0119, \u017ce to nie tak. Podobno to by\u0142 najszczerszy odruch naczelnego \u201ePolityki\u201d Jerzego Baczy\u0144skiego w&nbsp;reakcji na s\u0142ynne przem\u00f3wienie z&nbsp;Auschwitz, kt\u00f3rego s\u0142ucha ca\u0142y \u015bwiat (to ju\u017c nie pierwsze takie!), i&nbsp;podobno ta wspania\u0142a inicjatywa redakcji \u201ePolityki\u201d, kt\u00f3rej Marian jest przecie\u017c cz\u0142onkiem (jako szef dzia\u0142u historycznego) od z&nbsp;g\u00f3r\u0105 sze\u015bciu dekad, ma w&nbsp;istocie zamys\u0142 skromny \u2013 nie towarzyszy jej wiara w&nbsp;pe\u0142en sukces.<\/span><\/p>\n<p style=\"text-align: left;\"><span style=\"color: #000080;\">Owszem, b\u0119dzie bardzo mi\u0142o, gdy za kilka miesi\u0119cy b\u0119dziemy czyta\u0107 spekulacje i&nbsp;przecieki na temat Mariana Turskiego. Ale ja wierz\u0119, \u017ce na tym si\u0119 nie sko\u0144czy. Moimi zdaniem on tego Nobla dostanie! Dlaczego tak my\u015bl\u0119?<\/span><\/p>\n<p style=\"text-align: left;\"><span style=\"color: #000080;\">By\u0107 mo\u017ce zn\u00f3w jest zg\u0142oszona Greta Thunberg, kt\u00f3ra nie otrzyma\u0142a nagrody w&nbsp;zesz\u0142ym roku, cho\u0107 by\u0142a blisko. W&nbsp;takim razie w&nbsp;tym roku te\u017c przegra \u2013 po prostu Greta ma jeszcze czas, bo ma lat 17. A&nbsp;Marian nie ma, bo ma lat 93. A&nbsp;czy opr\u00f3cz Grety jest jaki\u015b mocny, znany w&nbsp;ca\u0142ym \u015bwiecie kandydat, zw\u0142aszcza taki, kt\u00f3ry dokona\u0142 czego\u015b wyj\u0105tkowego w&nbsp;2019 r. lub nieco wcze\u015bniej? Ja nie widz\u0119. Marian b\u0119dzie konkurowa\u0142 z&nbsp;setkami innych wspania\u0142ych ludzi, znanych milionom (lecz nie miliardom), ale znacznie m\u0142odszych od siebie.<\/span><\/p>\n<p style=\"text-align: left;\"><span style=\"color: #000080;\">A tu w\u0142a\u015bnie czas si\u0119 liczy. Je\u015bli Komitet Noblowski mia\u0142by uhonorowa\u0107 Ocala\u0142ych z&nbsp;Zag\u0142ady, przyznaj\u0105c nagrod\u0119 wybitnie zas\u0142u\u017conej osobie, kt\u00f3ra prze\u017cy\u0142a Holokaust, to wi\u0119cej okazji mie\u0107 nie b\u0119dzie. Marian jest dzisiaj nestorem \u2013 jednym z&nbsp;bardzo nielicznych Ocala\u0142ych, kt\u00f3rzy s\u0105 zawodowo czynni, wp\u0142ywowi i&nbsp;znani. By\u0107 mo\u017ce jest nawet najwi\u0119kszym autorytetem po\u015br\u00f3d tej garstki \u2013 no i&nbsp;to w\u0142a\u015bnie on jest nominowany! No i&nbsp;teraz mamy 75 lat od zako\u0144czenia Holokaustu. Czy\u017c nie jest to najlepszy moment?<\/span><\/p>\n<p style=\"text-align: left;\"><span style=\"color: #000080;\">Szanse by\u0142yby ma\u0142e, gdyby kto\u015b taki ju\u017c otrzyma\u0142 Pokojow\u0105 Nagrod\u0119 Nobla. Owszem, by\u0142a ju\u017c taka osoba \u2013 wielki dzia\u0142acz na rzecz pami\u0119ci o&nbsp;Holokau\u015bcie i&nbsp;wybitny pisarz Elie Wiesel. Ale to by\u0142o 34 lata temu. Naprawd\u0119 dawno.<\/span><\/p>\n<p style=\"text-align: left;\"><span style=\"color: #000080;\">A tymczasem od kilkunastu lat faszyzm zn\u00f3w podnosi sw\u00f3j t\u0119py ogolony \u0142eb, pami\u0119\u0107 o&nbsp;Zag\u0142adzie si\u0119 zaciera, a&nbsp;antysemityzm narasta w&nbsp;ca\u0142ym \u015bwiecie. Lewicowi intelektuali\u015bci, kt\u00f3rzy maj\u0105 w&nbsp;sprawie Nobla najwi\u0119cej do powiedzenia, s\u0105 na te sprawy bardzo wra\u017cliwi. Owszem, by\u0107 mo\u017ce Polska kojarzy im si\u0119 \u017ale, a&nbsp;nawet polski \u017byd, mieszkaj\u0105cy wci\u0105\u017c w&nbsp;Polsce, mo\u017ce im wydawa\u0107 si\u0119 dziwny (wszak nasz kraj ma reputacj\u0119 takiego, z&nbsp;kt\u00f3rego \u201eporz\u0105dni \u017bydzi\u201d wyjechali), lecz z&nbsp;drugiej strony decydenci wiedz\u0105, \u017ce Nobel dla Polaka mo\u017ce pom\u00f3c w&nbsp;ratowaniu naszej demokracji, a&nbsp;dzie\u0142o \u017cycia Mariana Turskiego \u2013 Muzeum Polin \u2013 jest zapewne znane z&nbsp;autopsji przynajmniej niekt\u00f3rym cz\u0142onkom Komitetu.<\/span><\/p>\n<p style=\"text-align: left;\"><span style=\"color: #000080;\">A je\u015bli nie, to zapewne ka\u017cdy z&nbsp;nich s\u0142ysza\u0142 cho\u0107 jedno z&nbsp;kilku \u015bwiatowych przem\u00f3wie\u0144 wyg\u0142aszanych przez Turskiego na forum ONZ czy UNESCO. Mo\u017ce polsko\u015b\u0107 Mariana w&nbsp;ostatecznym rozrachunku mu nie pomaga \u2013 ale to, \u017ce nie jest zbyt \u201eameryka\u0144ski\u201d ani zbyt \u201eizraelski\u201d, akurat raczej wzmacnia jego szanse. No i&nbsp;czy nie by\u0142by pi\u0119kn\u0105 par\u0105 dla Olgi Tokarczuk?<\/span><\/p>\n<p style=\"text-align: left;\"><span style=\"color: #000080;\">Kto za\u015b Mariana s\u0142ucha\u0142, ten nie mo\u017ce nie da\u0107 mu Nobla! A&nbsp;tym bardziej gdy kto\u015b zna go osobi\u015bcie. I&nbsp;ja mam ten zaszczyt \u2013 znam Mariana od kilkunastu lat i&nbsp;nieodmiennie jestem nim oczarowany. To cz\u0142owiek o&nbsp;niebywa\u0142ej charyzmie i&nbsp;m\u0105dro\u015bci, kt\u00f3re \u0142\u0105czy z&nbsp;najbardziej bezpretensjonalnym urokiem osobistym i&nbsp;coraz bardziej \u2013 z&nbsp;biegiem lat \u2013 zdumiewaj\u0105c\u0105 \u017cywotno\u015bci\u0105. Jako \u015bwiadek historii m\u00f3wi nam rzeczy proste, kt\u00f3rych uderzaj\u0105ca s\u0142uszno\u015b\u0107, podbita nieodpartym autorytetem \u015bwiadka, zadziwia, zawstydza i&nbsp;daje nadziej\u0119. A&nbsp;tak\u017ce zamyka g\u0119by (nie wszystkie, jak wiemy) faszyst\u00f3w i&nbsp;\u017cydo\u017cerc\u00f3w.<\/span><\/p>\n<p style=\"text-align: left;\"><span style=\"color: #000080;\">Marian jest chagallowskim anio\u0142em \u2013 postaci\u0105 balsamiczn\u0105 i&nbsp;niezb\u0119dn\u0105 dla istnienia \u015bwiata. R\u00f3wnie wyj\u0105tkowy jak Marek Edelman, jest jego komplementarnym przeciwie\u0144stwem. Jak cywil i&nbsp;\u017co\u0142nierz. No i&nbsp;najwa\u017cniejsze \u2013 Marian prowadzi niestrudzon\u0105 dzia\u0142alno\u015b\u0107 na rzecz pami\u0119ci o&nbsp;Zag\u0142adzie jako nieustaj\u0105cej przestrodze, nakazuj\u0105cej nam szuka\u0107 pokoju, a&nbsp;nie wojny, szacunku i&nbsp;porozumienia w&nbsp;miejsce niech\u0119ci i&nbsp;nienawi\u015bci. Bo Marian Turski jest prawdziwym pos\u0142a\u0144cem za\u015bwiat\u00f3w, kt\u00f3ry po to zst\u0105pi\u0142 do piekie\u0142, by powr\u00f3ci\u0107 i&nbsp;dodawa\u0107 nam si\u0142y. Jego prze\u017cycia s\u0105 niepoj\u0119te w&nbsp;swej grozie \u2013 a&nbsp;przecie\u017c nie wszystko nam m\u00f3wi!<\/span><\/p>\n<p style=\"text-align: left;\"><span style=\"color: #000080;\">I \u017ce Marian nie zwariowa\u0142, lecz przez ca\u0142e 75 lat po tym wszystkim pracowa\u0142 i&nbsp;robi\u0142 wspania\u0142e rzeczy \u2013 a\u017c do lat ostatnich, najbardziej tw\u00f3rczych w&nbsp;jego \u017cyciu \u2013 to jest jaki\u015b cud, cud na miar\u0119 Nobla.<\/span><\/p>\n<p style=\"text-align: left;\"><span style=\"color: #000080;\">I on t\u0119 nagrod\u0119 cudem dostanie! Ja wam to m\u00f3wi\u0119! Do dw\u00f3ch polskich pokojowych noblist\u00f3w \u2013 Wa\u0142\u0119sy i&nbsp;Rotblata \u2013 w&nbsp;2020 r. do\u0142\u0105czy MARIAN TURSKI! Jednak \u017ceby tak si\u0119 naprawd\u0119 sta\u0142o, musimy si\u0119 zmobilizowa\u0107. M\u00f3wmy wszyscy, gdzie si\u0119 da, o&nbsp;Marianie, pokazujmy jego wypowiedzi, przypominajmy o&nbsp;jego dokonaniach. Pokojowa Nagroda Nobla musi mie\u0107 za sob\u0105 ducha, si\u0142\u0119 spo\u0142eczn\u0105 wyczuwaln\u0105 dla cz\u0142onk\u00f3w Komitetu.<\/span><\/p>\n<p style=\"text-align: left;\"><span style=\"color: #000080;\">Poka\u017cmy t\u0119 si\u0142\u0119. Obierzmy sobie Mariana Turskiego za przyw\u00f3dc\u0119 duchowego demokratycznej i&nbsp;pokojowej Polski, patrona tej prawdziwej dobrej zmiany, na kt\u00f3r\u0105 tak czekamy. Bez patosu, z&nbsp;u\u015bmiechem, tak \u201epo Turskiemu\u201d. I&nbsp;si\u0119 spe\u0142ni!<\/span><\/p>\n<hr style=\"height: 15px; background: #d0e6fa; width: 100%;\">\n<div class=\"content-alignment\" id=\"content\">\n<div class=\"yt-uix-button-panel\" id=\"watch-description\">\n<div id=\"watch-description-text\" style=\"text-align: center;\">\n<p><em>Zawarto\u015b\u0107 publikowanych artyku\u0142\u00f3w i materia\u0142\u00f3w nie reprezentuje pogl\u0105d\u00f3w ani opinii Reunion&#8217;68,<\/em><em><br \/>\nani te\u017c webmastera Blogu Reunion&#8217;68, chyba ze jest to wyra\u017anie zaznaczone.<br \/>\nTwoje uwagi, linki, w\u0142asne artyku\u0142y lub wiadomo\u015bci prze\u015blij na adres:<br \/>\n<\/em><span style=\"color: #000080;\"><strong><em><a style=\"color: #000080;\" href=\"mailto:webmaster@reunion68.com\"><span style=\"text-decoration: underline;\">webmaster@reunion68.com<\/span><\/a><\/em><\/strong><\/span><\/p>\n<\/div>\n<\/div>\n<\/div>\n<hr style=\"width: 100%;\">\n","protected":false},"excerpt":{"rendered":"<p>Marian Turski dostanie tego Nobla! Zobaczycie! Jan Hartman Marian Turski \/ Foro: Micha\u0142 Mutor Agencja Gazeta Chodz\u0105 s\u0142uchy, \u017ce uda\u0142o si\u0119 prawid\u0142owo zg\u0142osi\u0107 kandydatur\u0119 Mariana Turskiego do Pokojowej Nagrody Nobla! Czas by\u0142 do 1 lutego, a&nbsp;wynik poznamy w&nbsp;pa\u017adzierniku. Procedura sk\u0142adania wniosku wymaga pe\u0142nej dyskrecji, a&nbsp;przeto nie wiemy i&nbsp;przez p\u00f3\u0142 wieku nie dowiemy si\u0119, kt\u00f3rzy spo\u015br\u00f3d [&hellip;]<\/p>\n","protected":false},"author":1,"featured_media":0,"comment_status":"closed","ping_status":"closed","sticky":false,"template":"","format":"standard","meta":[],"categories":[6],"tags":[26,24],"_links":{"self":[{"href":"https:\/\/www.reunion68.se\/index.php?rest_route=\/wp\/v2\/posts\/76060"}],"collection":[{"href":"https:\/\/www.reunion68.se\/index.php?rest_route=\/wp\/v2\/posts"}],"about":[{"href":"https:\/\/www.reunion68.se\/index.php?rest_route=\/wp\/v2\/types\/post"}],"author":[{"embeddable":true,"href":"https:\/\/www.reunion68.se\/index.php?rest_route=\/wp\/v2\/users\/1"}],"replies":[{"embeddable":true,"href":"https:\/\/www.reunion68.se\/index.php?rest_route=%2Fwp%2Fv2%2Fcomments&post=76060"}],"version-history":[{"count":6,"href":"https:\/\/www.reunion68.se\/index.php?rest_route=\/wp\/v2\/posts\/76060\/revisions"}],"predecessor-version":[{"id":76162,"href":"https:\/\/www.reunion68.se\/index.php?rest_route=\/wp\/v2\/posts\/76060\/revisions\/76162"}],"wp:attachment":[{"href":"https:\/\/www.reunion68.se\/index.php?rest_route=%2Fwp%2Fv2%2Fmedia&parent=76060"}],"wp:term":[{"taxonomy":"category","embeddable":true,"href":"https:\/\/www.reunion68.se\/index.php?rest_route=%2Fwp%2Fv2%2Fcategories&post=76060"},{"taxonomy":"post_tag","embeddable":true,"href":"https:\/\/www.reunion68.se\/index.php?rest_route=%2Fwp%2Fv2%2Ftags&post=76060"}],"curies":[{"name":"wp","href":"https:\/\/api.w.org\/{rel}","templated":true}]}}