{"id":76181,"date":"2020-02-15T17:05:16","date_gmt":"2020-02-15T15:05:16","guid":{"rendered":"http:\/\/www.reunion68.se\/?p=76181"},"modified":"2020-02-10T12:02:42","modified_gmt":"2020-02-10T10:02:42","slug":"15-00-45","status":"publish","type":"post","link":"https:\/\/www.reunion68.se\/?p=76181","title":{"rendered":"Antisemitic graffiti painted on Jewish family\u2019s door in Turin"},"content":{"rendered":"<h5 style=\"text-align: center;\"><a href=\"https:\/\/www.jpost.com\/\" target=\"_blank\" rel=\"noopener noreferrer\"><img decoding=\"async\" class=\"center alignleft\" src=\"http:\/\/www.reunion68.com\/Biuletyn\/img\/jpost.png\" alt=\"\" width=\"30%\" \/><\/a><span style=\"text-decoration: underline; color: #000080;\"><strong><a style=\"color: #000080; text-decoration: underline;\" href=\"https:\/\/www.jpost.com\/Diaspora\/Antisemitism\/Antisemitic-graffiti-painted-on-Jewish-familys-door-in-Turin-617076\" target=\"_blank\" rel=\"noopener noreferrer\">Antisemitic graffiti painted on Jewish family\u2019s door in Turin<\/a><\/strong><\/span><\/h5>\n<p style=\"text-align: center;\"><span style=\"color: #000000;\"><strong>ROSSELLA TERCATIN <\/strong><\/span><\/p>\n<hr style=\"height: 15px; background: #d0e6fa; width: 100%;\" \/>\n<p style=\"text-align: center;\"><strong>The incident marks the umpteenth antisemitic episode in a few weeks.<\/strong><\/p>\n<p style=\"text-align: center;\"><img decoding=\"async\" class=\"aligncenter\" src=\"https:\/\/images.jpost.com\/image\/upload\/f_auto,fl_lossy\/t_JD_ArticleMainImageFaceDetect\/429624\" width=\"100%\" \/><span style=\"color: #000080;\"><em>The Italian flag waves over the Quirinal Palace in Rome, Italy May 30, 2018 \/ (photo credit: REUTERS\/TONY GENTILE)<\/em><\/span><\/p>\n<p style=\"text-align: left;\"><span style=\"color: #000080;\">A Star of David and the word \u201cJude\u201d drawn with a black marker were found on Sunday morning in Turin on the front door of the apartment of Marcello Segre, a Jewish banker and the head of a local charity well known in the city, Italian media reported on Monday.<\/span><\/p>\n<p style=\"text-align: left;\"><span style=\"color: #000080;\">The incident marks the umpteenth similar episode in Italy in less than a month, with antisemitic writings defacing the doors or walls of houses belonging to Jewish families, former deportees, resistance fighters and their descendants.<\/span><\/p>\n<p style=\"text-align: left;\"><span style=\"color: #000080;\">\u201cI called the police in tears. They asked me, \u2018But do these things still happen in 2020?\u2019 Obviously yes. It&#8217;s serious, 30 years have passed since such incidents were happening. At the beginning, I didn&#8217;t want to believe it. I thought of not saying anything publicly but then I decided it was better not to keep silent,\u201d Segre told the Italian daily\u00a0<em>La Repubblica<\/em>.<\/span><\/p>\n<p style=\"text-align: left;\"><span style=\"color: #000080;\">Segre also said that he was not afraid and that he felt the support of the city, including from Mayor Chiara Appennino and from the President of the Piedmont Region Alberto Cirio.<\/span><\/p>\n<p style=\"text-align: left;\"><span style=\"color: #000080;\">Asked if he was going to remove the graffiti, he said \u201cI am thinking about it. Until someone forces me to do it, I won\u2019t.\u201d<\/span><\/p>\n<p style=\"text-align: left;\"><span style=\"color: #000080;\">On January 24, only three days ahead of Holocaust Memorial Day, which Italy marks with hundreds of initiatives at national as well as local level, graffiti reading \u201cJuden Hier\u201d (Jews here) was uncovered in the Piedmont city of Mondov\u00ec on the front door of the son of Lidia Rolfi, a partisan fighter deported to Ravensbruck.<\/span><br \/>\n<img decoding=\"async\" class=\"alignleft\" src=\"https:\/\/pbs.twimg.com\/media\/EQW5DvlWoAA41HD?format=jpg&amp;name=small\" \/><span style=\"color: #000080;\">Since then, swastikas and antisemitic insults have appeared on doors and walls all over the country.<\/span><\/p>\n<p style=\"text-align: left;\"><span style=\"color: #000080;\">Only one day before the Turin incident, on Saturday, a swastika was discovered on the house of Auschwitz survivor Arianna Szorenyi in a small town in the Friuli region.<\/span><\/p>\n<p style=\"text-align: left;\"><span style=\"color: #000080;\">On January 31, the annual report by the Italian research institute Eurispes found that more than 15% of Italians believe that the Holocaust never happened, marking an alarming rise since 2004, when such position was expressed only by 2.7% of the respondents.<\/span><\/p>\n<hr style=\"height: 15px; background: #d0e6fa; width: 100%;\" \/>\n<div id=\"content\" class=\"content-alignment\">\n<div id=\"watch-description\" class=\"yt-uix-button-panel\">\n<div id=\"watch-description-text\" style=\"text-align: center;\">\n<p><em>Zawarto\u015b\u0107 publikowanych artyku\u0142\u00f3w i materia\u0142\u00f3w nie reprezentuje pogl\u0105d\u00f3w ani opinii Reunion&#8217;68,<\/em><em><br \/>\nani te\u017c webmastera Blogu Reunion&#8217;68, chyba ze jest to wyra\u017anie zaznaczone.<br \/>\nTwoje uwagi, linki, w\u0142asne artyku\u0142y lub wiadomo\u015bci prze\u015blij na adres:<br \/>\n<\/em><span style=\"color: #000080;\"><strong><em><a style=\"color: #000080;\" href=\"mailto:webmaster@reunion68.com\"><span style=\"text-decoration: underline;\">webmaster@reunion68.com<\/span><\/a><\/em><\/strong><\/span><\/p>\n<\/div>\n<\/div>\n<\/div>\n<hr style=\"width: 100%;\" \/>\n","protected":false},"excerpt":{"rendered":"<p>Antisemitic graffiti painted on Jewish family\u2019s door in Turin ROSSELLA TERCATIN The incident marks the umpteenth antisemitic episode in a few weeks. The Italian flag waves over the Quirinal Palace in Rome, Italy May 30, 2018 \/ (photo credit: REUTERS\/TONY GENTILE) A Star of David and the word \u201cJude\u201d drawn with a black marker were [&hellip;]<\/p>\n","protected":false},"author":1,"featured_media":0,"comment_status":"closed","ping_status":"closed","sticky":false,"template":"","format":"standard","meta":[],"categories":[6],"tags":[26,24],"_links":{"self":[{"href":"https:\/\/www.reunion68.se\/index.php?rest_route=\/wp\/v2\/posts\/76181"}],"collection":[{"href":"https:\/\/www.reunion68.se\/index.php?rest_route=\/wp\/v2\/posts"}],"about":[{"href":"https:\/\/www.reunion68.se\/index.php?rest_route=\/wp\/v2\/types\/post"}],"author":[{"embeddable":true,"href":"https:\/\/www.reunion68.se\/index.php?rest_route=\/wp\/v2\/users\/1"}],"replies":[{"embeddable":true,"href":"https:\/\/www.reunion68.se\/index.php?rest_route=%2Fwp%2Fv2%2Fcomments&post=76181"}],"version-history":[{"count":6,"href":"https:\/\/www.reunion68.se\/index.php?rest_route=\/wp\/v2\/posts\/76181\/revisions"}],"predecessor-version":[{"id":76208,"href":"https:\/\/www.reunion68.se\/index.php?rest_route=\/wp\/v2\/posts\/76181\/revisions\/76208"}],"wp:attachment":[{"href":"https:\/\/www.reunion68.se\/index.php?rest_route=%2Fwp%2Fv2%2Fmedia&parent=76181"}],"wp:term":[{"taxonomy":"category","embeddable":true,"href":"https:\/\/www.reunion68.se\/index.php?rest_route=%2Fwp%2Fv2%2Fcategories&post=76181"},{"taxonomy":"post_tag","embeddable":true,"href":"https:\/\/www.reunion68.se\/index.php?rest_route=%2Fwp%2Fv2%2Ftags&post=76181"}],"curies":[{"name":"wp","href":"https:\/\/api.w.org\/{rel}","templated":true}]}}