{"id":76244,"date":"2020-02-13T17:05:35","date_gmt":"2020-02-13T15:05:35","guid":{"rendered":"http:\/\/www.reunion68.se\/?p=76244"},"modified":"2020-02-13T15:30:44","modified_gmt":"2020-02-13T13:30:44","slug":"18-09-40","status":"publish","type":"post","link":"https:\/\/www.reunion68.se\/?p=76244","title":{"rendered":"POLIN Music Festival 2020"},"content":{"rendered":"<h5 style=\"text-align: center;\"><a href=\"https:\/\/www.polin.pl\/\" target=\"_blank\" rel=\"noopener noreferrer\"><img decoding=\"async\" class=\"center alignleft\" src=\"https:\/\/www.polin.pl\/themes\/custom\/polin_theme\/images\/284_0.png\" alt=\"\" width=\"30%\" \/><\/a><span style=\"text-decoration: underline; color: #000080;\"><strong><a style=\"color: #000080; text-decoration: underline;\" href=\"https:\/\/www.polin.pl\/pl\/wydarzenie\/polin-music-festival-2020\" target=\"_blank\" rel=\"noopener noreferrer\">POLIN Music Festival 2020<\/a><\/strong><\/span><\/h5>\n<p style=\"text-align: center;\"><span style=\"color: #000000;\"><strong>POLIN<\/strong><\/span><\/p>\n<hr style=\"height: 15px; background: #d0e6fa; width: 100%;\" \/>\n<p style=\"text-align: center;\"><picture class=\"node-header-pic\"><img decoding=\"async\" class=\"node-image-aspectratio aligncenter\" title=\"\" src=\"https:\/\/www.polin.pl\/sites\/default\/files\/styles\/isohead_8\/public\/2020-01\/POLIN_MUSIC_FESTIVAL_2020_coverphoto_21.01.2020.png\" width=\"100%\" \/><\/picture> <span style=\"color: #808080;\"><em>FOT. MUZEUM HISTORII \u017bYD\u00d3W POLSKICH<\/em><\/span><\/p>\n<p class=\"cke-text-lead\"><span style=\"color: #000080;\">Trzy wieczory, pi\u0119\u0107 koncert\u00f3w, \u015bwiatowe gwiazdy i premiery projekt\u00f3w specjalnych \u2013 tak zapowiada si\u0119 program trzeciej edycji POLIN Music Festivalu, kt\u00f3ry odb\u0119dzie si\u0119 w Muzeum POLIN w dniach 28 lutego-1 marca. Na festiwalowej scenie wyst\u0105pi\u0105 m.in. Michael Guttman, Lara St. John, Jing Zhao, Ohad Ben-Ari, JP Jofre, Matt Herskowitz, Pierre Genisson, trio Bastarda oraz orkiestry: Sinfonia Varsovia i NFM Leopoldinum.<\/span><\/p>\n<p><span style=\"color: #000080;\"><em>28 lutego \u2013 1 marca (pi\u0105tek &#8211; niedziela),\u00a0<\/em><\/span><\/p>\n<ul>\n<li><span style=\"color: #000080;\"><em>28 lutego (pi\u0105tek), Koncert Dziewcz\u0119cej Orkiestry z Birkenau\u00a0bilety: 60 z\u0142 \/ 80 z\u0142,\u00a0<a style=\"color: #000080;\" href=\"https:\/\/bilety.polin.pl\/numerowane.html?id=92350\" target=\"_blank\" rel=\"noopener noreferrer\"><span style=\"text-decoration: underline;\"><strong>KUP BILET &gt;&gt;<\/strong><\/span><\/a><\/em><\/span><\/li>\n<li><span style=\"color: #000080;\"><em>29 lutego (sobota), Koncert Guttman i przyjaciele, bilety: 20 z\u0142 \/ 30 z\u0142,\u00a0<a style=\"color: #000080;\" href=\"https:\/\/bilety.polin.pl\/numerowane.html?id=92351\" target=\"_blank\" rel=\"noopener noreferrer\"><span style=\"text-decoration: underline;\"><strong>KUP BILET &gt;&gt;<\/strong><\/span><\/a><\/em><\/span><\/li>\n<li><span style=\"color: #000080;\"><em>29 lutego (sobota), Koncerty Shiksa i Bastarda, bilety: 60 z\u0142 \/ 80 z\u0142,\u00a0<a style=\"color: #000080;\" href=\"https:\/\/bilety.polin.pl\/numerowane.html?id=92352\" target=\"_blank\" rel=\"noopener noreferrer\"><span style=\"text-decoration: underline;\"><strong>KUP BILET &gt;&gt;<\/strong><\/span><\/a><\/em><\/span><\/li>\n<li><span style=\"color: #000080;\"><em>1 marca (niedziela), Koncert \u017bydowskie tango na orkiestr\u0119, bilety: 60 z\u0142 \/ 80 z\u0142,\u00a0<a style=\"color: #000080;\" href=\"https:\/\/bilety.polin.pl\/numerowane.html?id=92353\" target=\"_blank\" rel=\"noopener noreferrer\"><span style=\"text-decoration: underline;\"><strong>KUP BILET &gt;&gt;<\/strong><\/span><\/a><\/em><\/span><\/li>\n<li><span style=\"color: #000080;\"><em>Trzydniowy karnet: 180 z\u0142,\u00a0<a style=\"color: #000080;\" href=\"https:\/\/bilety.polin.pl\/numerowane.html?id=92354\" target=\"_blank\" rel=\"noopener noreferrer\"><span style=\"text-decoration: underline;\"><strong>KUP KARNET &gt;&gt;<\/strong><\/span><\/a><\/em><\/span><\/li>\n<\/ul>\n<p><span style=\"color: #000080;\">Trzeci\u0105 edycj\u0119 POLIN Music Festivalu otworzy koncert po\u015bwi\u0119cony Dziewcz\u0119cej Orkiestrze z Birkenau, kt\u00f3r\u0105 w latach 1942-1943 prowadzi\u0142a Alma Ros\u00e9. Orkiestr\u0119 Sinfonia Varsovia poprowadzi Marta Kluczy\u0144ska. Libretto, oparte o wspomnienia by\u0142ych cz\u0142onki\u0144 obozowej orkiestry, przygotowa\u0142a pisarka i reporterka Patrycja Do\u0142owy. B\u0119dzie to opowie\u015b\u0107 o sile muzyki, kt\u00f3ra ratuje \u017cycie.<\/span><\/p>\n<p><span style=\"color: #000080;\">Drugi dzie\u0144 przyniesie trzy koncerty kameralne. Najpierw w \u015bwiat muzyki \u017cydowskich kompozytor\u00f3w uczestnik\u00f3w festiwalu zabierze jego inicjator i wsp\u00f3\u0142kurator \u2013 wybitny skrzypek Michael Guttman. Towarzyszy\u0107 mu b\u0119d\u0105 muzyczni przyjaciele: wiolonczelistka Jing Zhao, pianista Ohad Ben-Ari, oraz \u2013 po raz pierwszy w Muzeum POLIN \u2013 francuski klarnecista Pierre Genisson.<\/span><\/p>\n<p><span style=\"color: #000080;\">Nast\u0119pnie na scenie pojawi\u0105 si\u0119 skrzypaczka Lara St. John i pianista Matt Herskowitz. Lara St. John, kt\u00f3ra na scenie Muzeum POLIN we wrze\u015bniu 2019 roku z orkiestr\u0105 Sinfonia Varsovia brawurowo wykona\u0142a utw\u00f3r Avnera Dormana, powr\u00f3ci do Warszawy z w\u0142asnym projektem zatytu\u0142owanym \u201eShiksa\u201d. W programie koncertu znajd\u0105 si\u0119 autorskie interpretacje melodii z Izraela, Palestyny, Macedonii, Armenii, a tak\u017ce muzyka Cesara Francka i George\u2019a Gershwina. Artystka, kt\u00f3ra przez jednego z najbardziej wp\u0142ywowych dziennikarzy muzycznych na \u015bwiecie Alexa Rossa (The New Yorker) zosta\u0142a uznana artystk\u0105 roku 2019, podczas koncertu w Muzeum POLIN zagra tak\u017ce na wyj\u0105tkowym instrumencie \u2013 skrzypcach, kt\u00f3re kupi\u0142a w jednym z warszawskich antykwariat\u00f3w podczas poprzedniej wizyty w Warszawie.<\/span><\/p>\n<p><span style=\"color: #000080;\">Na fina\u0142 drugiego dnia POLIN Music Festivalu w \u015bwiat mistycznych pie\u015bni chasydzkich z XVIII i XIX wieku zabierze s\u0142uchaczy trio Bastarda: Pawe\u0142 Szamburski (klarnet), Micha\u0142 G\u00f3rczy\u0144ski (klarnet basowy) i Tomasz Pokrzywi\u0144ski (wiolonczela). W Muzeum POLIN b\u0119dziemy mogli i us\u0142ysze\u0107 premierowo materia\u0142 z ich nowego albumu \u201eNigunim\u201d. Na p\u0142ycie muzycy czerpi\u0105 g\u0142\u00f3wnie ze spu\u015bcizny chasydzkiej dynastii Modrzyc i muzykologicznych zbior\u00f3w Moshe Bieregowskiego, odkrywaj\u0105c pi\u0119kno dawnych, \u017cydowskich melodii, opracowuj\u0105c je w specyficzny dla siebie spos\u00f3b i filtruj\u0105c przez unikatowy, ukszta\u0142towany ju\u017c j\u0119zyk zespo\u0142u.<\/span><\/p>\n<p><span style=\"color: #000080;\">Tangowy fina\u0142 to ju\u017c tradycja POLIN Music Festivalu. Tym razem na scenie Muzeum POLIN \u017cydowskie tanga rozpisane b\u0119d\u0105 na orkiestr\u0119. W programie wieczoru znalaz\u0142a si\u0119 m.in. polska premiera koncertu podw\u00f3jnego na bandoneon i skrzypce Juana Pablo Jofre. W partiach solowych wyst\u0105pi\u0105 Michael Guttman oraz sam kompozytor. Towarzyszy\u0107 b\u0119dzie im NFM Orkiestra Leopoldinum. Obok utworu Jofre us\u0142yszymy tak\u017ce kompozycje m.in. Lalo Schifrina i Christiana Danowicza.\u00a0<\/span><\/p>\n<p><span style=\"color: #000080;\"><strong>Kuratorami festiwalu<\/strong>\u00a0s\u0105 Michael Guttman i Kajetan Prochyra.<\/span><\/p>\n<div>\n<p><span style=\"color: #000080;\"><strong>Program POLIN Music Festivalu<\/strong><\/span><\/p>\n<p><span style=\"color: #000080;\"><strong>28.02. (PI\u0104TEK) \u2013 KONCERT OTWARCIA<\/strong><\/span><\/p>\n<ul>\n<li><span style=\"color: #000080;\">19.00 Dziewcz\u0119ca Orkiestra z Birkenau<\/span><br \/>\n<span style=\"color: #000080;\">Orkiestra Sinfonia Varsovia, Marta Kluczy\u0144ska \u2013 dyrygentka; Patrycja Do\u0142owy &#8211; libretto.\u00a0<\/span><br \/>\n<span style=\"color: #000080;\">W programie m.in. utwory J. S. Bacha, R. Schumana, P. Sarasate i M. Ravela.\u00a0<\/span><\/li>\n<\/ul>\n<p><span style=\"color: #000080;\"><strong>29.02. (SOBOTA) \u2013 POLIN Music Festival KAMERALNIE<\/strong><\/span><\/p>\n<ul>\n<li><span style=\"color: #000080;\">17.00 Guttman i przyjaciele: koncert muzyki kameralnej<\/span><br \/>\n<span style=\"color: #000080;\">Michael Guttman \u2013 skrzypce \/ Jing Zhao \u2013 wiolonczela \/ Ohad Ben-Ari \u2013 fortepian \/ Pierre Genisson \u2013 klarnet<\/span><br \/>\n<span style=\"color: #000080;\">\u00a0<\/span><\/li>\n<li><span style=\"color: #000080;\">19.00 Shiksa<\/span><br \/>\n<span style=\"color: #000080;\">Lara St. John \u2013 skrzypce \/ Matt Herskowitz \u2013 fortepian<\/span><br \/>\n<span style=\"color: #000080;\">\u00a0<\/span><\/li>\n<li><span style=\"color: #000080;\">21.00 Bastarda \u2013 premiera p\u0142yty &#8220;Nigunim&#8221;<\/span><br \/>\n<span style=\"color: #000080;\">Pawe\u0142 Szamburski \u2013 klarnet \/ Micha\u0142 G\u00f3rczy\u0144ski \u2013 klarnet basowy \/ Tomasz Pokrzywi\u0144ski \u2013 wiolonczela<\/span><br \/>\n<span style=\"color: #000080;\">Go\u015bcinny udzia\u0142 Ch\u00f3ru Groch\u00f3w pod dyrekcj\u0105 Mai K\u0142oskowskiej.<\/span><\/li>\n<\/ul>\n<p><span style=\"color: #000080;\"><strong>1.03. (NIEDZIELA) \u2013 \u017bYDOWSKIE TANGO NA ORKIESTR\u0118<\/strong><\/span><\/p>\n<ul>\n<li><span style=\"color: #000080;\">11.00\u00a0O, o, o! \u2013 Orkiestra! Koncert Przyjazny Sensorycznie dla rodzin z dzie\u0107mi\u00a0ze spektrum autyzmu\u00a0<\/span><br \/>\n<span style=\"color: #000080;\">Andrzej Krzy\u017canowski \u2013 flet \/ Magdalena Krzy\u017canowska \u2013 skrzypce \/ Agnieszka Guz \u2013 skrzypce \/ Adam Sychowski \u2013 fortepian<\/span><br \/>\n<span style=\"color: #000080;\">\u00a0<\/span><\/li>\n<li><span style=\"color: #000080;\">18.00 \u017bydowskie tango na orkiestr\u0119<\/span><br \/>\n<span style=\"color: #000080;\">(Michael Guttman \u2013 skrzypce \/ JP Jofre \u2013 bandoneon \/ NFM Orkiestra Leopoldinum)<\/span><\/li>\n<\/ul>\n<\/div>\n<p><span style=\"color: #000080;\"><strong>Organizator:\u00a0<\/strong>Muzeum POLIN<\/span><\/p>\n<p><span style=\"color: #000080;\"><strong>Wsp\u00f3\u0142organizator:<\/strong>\u00a0Stowarzyszenie \u017bydowski Instytut Historyczny w Polsce<\/span><\/p>\n<p><span style=\"color: #000080;\"><strong>Mecenasem Sceny Muzycznej Muzeum POLIN<\/strong>\u00a0jest Jankilevitsch Foundation<\/span><\/p>\n<p><span style=\"color: #000080;\"><strong>Partner<\/strong><\/span><\/p>\n<p style=\"text-align: center;\"><img decoding=\"async\" class=\"aligncenter\" src=\"https:\/\/www.polin.pl\/sites\/default\/files\/logo_book\/Embassy%20of%20Belgium.png\" width=\"40%\" \/><br \/>\n<a href=\"https:\/\/www.polin.pl\/pl\/wydarzenie\/polin-music-festival-2020\" target=\"_blank\" rel=\"noopener noreferrer\"><span style=\"text-decoration: underline;\"><strong><span style=\"color: #000080; text-decoration: underline;\">wiecej<\/span><\/strong><\/span><\/a><\/p>\n<hr style=\"height: 15px; background: #d0e6fa; width: 100%;\" \/>\n<div id=\"content\" class=\"content-alignment&lt;br \/&gt;&lt;br \/&gt;\">\n<div id=\"watch-description\" class=\"yt-uix-button-panel\">\n<div id=\"watch-description-text\" style=\"text-align: center;\">\n<p><em>Zawarto\u015b\u0107 publikowanych artyku\u0142\u00f3w i materia\u0142\u00f3w nie reprezentuje pogl\u0105d\u00f3w ani opinii Reunion&#8217;68,<\/em><em><br \/>\nani te\u017c webmastera Blogu Reunion&#8217;68, chyba ze jest to wyra\u017anie zaznaczone.<br \/>\nTwoje uwagi, linki, w\u0142asne artyku\u0142y lub wiadomo\u015bci prze\u015blij na adres:<br \/>\n<\/em><span style=\"color: #000080;\"><strong><em><a style=\"color: #000080;\" href=\"mailto:webmaster@reunion68.com\"><span style=\"text-decoration: underline;\">webmaster@reunion68.com<\/span><\/a><\/em><\/strong><\/span><\/p>\n<\/div>\n<\/div>\n<\/div>\n<hr style=\"width: 100%;\" \/>\n<hr style=\"width: 100%;\" \/>\n","protected":false},"excerpt":{"rendered":"<p>POLIN Music Festival 2020 POLIN FOT. MUZEUM HISTORII \u017bYD\u00d3W POLSKICH Trzy wieczory, pi\u0119\u0107 koncert\u00f3w, \u015bwiatowe gwiazdy i premiery projekt\u00f3w specjalnych \u2013 tak zapowiada si\u0119 program trzeciej edycji POLIN Music Festivalu, kt\u00f3ry odb\u0119dzie si\u0119 w Muzeum POLIN w dniach 28 lutego-1 marca. Na festiwalowej scenie wyst\u0105pi\u0105 m.in. Michael Guttman, Lara St. John, Jing Zhao, Ohad Ben-Ari, [&hellip;]<\/p>\n","protected":false},"author":1,"featured_media":0,"comment_status":"closed","ping_status":"closed","sticky":false,"template":"","format":"standard","meta":[],"categories":[6],"tags":[26,24],"_links":{"self":[{"href":"https:\/\/www.reunion68.se\/index.php?rest_route=\/wp\/v2\/posts\/76244"}],"collection":[{"href":"https:\/\/www.reunion68.se\/index.php?rest_route=\/wp\/v2\/posts"}],"about":[{"href":"https:\/\/www.reunion68.se\/index.php?rest_route=\/wp\/v2\/types\/post"}],"author":[{"embeddable":true,"href":"https:\/\/www.reunion68.se\/index.php?rest_route=\/wp\/v2\/users\/1"}],"replies":[{"embeddable":true,"href":"https:\/\/www.reunion68.se\/index.php?rest_route=%2Fwp%2Fv2%2Fcomments&post=76244"}],"version-history":[{"count":6,"href":"https:\/\/www.reunion68.se\/index.php?rest_route=\/wp\/v2\/posts\/76244\/revisions"}],"predecessor-version":[{"id":76254,"href":"https:\/\/www.reunion68.se\/index.php?rest_route=\/wp\/v2\/posts\/76244\/revisions\/76254"}],"wp:attachment":[{"href":"https:\/\/www.reunion68.se\/index.php?rest_route=%2Fwp%2Fv2%2Fmedia&parent=76244"}],"wp:term":[{"taxonomy":"category","embeddable":true,"href":"https:\/\/www.reunion68.se\/index.php?rest_route=%2Fwp%2Fv2%2Fcategories&post=76244"},{"taxonomy":"post_tag","embeddable":true,"href":"https:\/\/www.reunion68.se\/index.php?rest_route=%2Fwp%2Fv2%2Ftags&post=76244"}],"curies":[{"name":"wp","href":"https:\/\/api.w.org\/{rel}","templated":true}]}}