{"id":76286,"date":"2020-02-15T17:00:19","date_gmt":"2020-02-15T15:00:19","guid":{"rendered":"http:\/\/www.reunion68.se\/?p=76286"},"modified":"2020-02-15T15:11:30","modified_gmt":"2020-02-15T13:11:30","slug":"20-05-52","status":"publish","type":"post","link":"https:\/\/www.reunion68.se\/?p=76286","title":{"rendered":"\u2018Fauda\u2019 Season 4 Announced by Show Co-Creator in Tel Aviv"},"content":{"rendered":"<h5 style=\"text-align: center;\"><a href=\"https:\/\/www.algemeiner.com\/\" target=\"_blank\" rel=\"noopener noreferrer\"><img decoding=\"async\" width=\"35%\" class=\"center alignleft\" alt=\"\" src=\"http:\/\/www.reunion68.com\/Biuletyn\/img\/algem.png\"><\/a><span style=\"text-decoration: underline; color: #000080;\"><span style=\"text-decoration: underline;\"><strong><a style=\"color: #000080; text-decoration: underline;\" href=\"https:\/\/www.algemeiner.com\/2020\/02\/14\/fauda-season-4-announced-by-show-co-creator-in-tel-aviv\/\" target=\"_blank\" rel=\"noopener noreferrer\">\u2018Fauda\u2019 Season 4 Announced by Show Co-Creator in Tel Aviv<\/a><\/strong><\/span><\/span><\/h5>\n<p style=\"text-align: center;\"><span style=\"color: #000000;\"><strong>Shiryn Ghermezian<\/strong><\/span><\/p>\n<hr style=\"height: 15px; background: #d0e6fa; width: 100%;\">\n<p style=\"text-align: center;\"><img decoding=\"async\" width=\"100%\" class=\"aligncenter\" src=\"https:\/\/49yzp92imhtx8radn224z7y1-wpengine.netdna-ssl.com\/wp-content\/uploads\/2020\/02\/issacharoffraz.jpg\"><span style=\"color: #808080;\"><em>Avi Issacharoff and Lior Raz, showrunners of Israeli television series \u2018Fauda,\u2019 smile during an interview with Reuters in Tel Aviv, May 30, 2019. Photo: Reuters \/ Amir Cohen.<\/em><\/span><\/p>\n<p style=\"text-align: left;\"><span style=\"color: #000080;\">The hit Israeli show \u201cFauda\u201d will get a fourth season, its co-creator Avi Issacharoff&nbsp;<a style=\"color: #000080;\" href=\"https:\/\/www.i24news.tv\/en\/news\/culture\/1581686281-hit-israeli-show-fauda-to-get-season-four-co-creator?utm_source=facebook.com&amp;utm_medium=social&amp;utm_campaign=intl_middle_east&amp;utm_content=en1\" target=\"_blank\" rel=\"noopener noreferrer\"><strong>announced<\/strong><\/a>&nbsp;on Wednesday at the English premiere of season 3 in Tel Aviv.<\/span><\/p>\n<p style=\"text-align: left;\"><span style=\"color: #000080;\">The screening was held at the Israeli Museum of Art, where the first two episodes of season 3 were shown with English subtitles, with the season set to begin streaming on Netflix in the spring.<\/span><\/p>\n<p style=\"text-align: left;\"><span style=\"color: #000080;\">Following the premiere there was a Q&amp;A session with Issacharoff, where he elicited loud applause after revealing that the cast and crew was \u201cworking right now\u201d on developing season 4 of the show.<\/span><\/p>\n<p style=\"text-align: left;\"><span style=\"color: #000080;\">\u201cFauda,\u201d which debuted in 2015, is about a secretive Israeli security unit working undercover in the Palestinian territories.<\/span><\/p>\n<p style=\"text-align: left;\"><span style=\"color: #000080;\">Its first season centered on the hunt for a Palestinian terrorist thought to be dead while season 2 centered on ISIS. The past two seasons took place mostly in the West Bank but season 3, which is already on air in Hebrew on Israeli television, focuses on the Gaza Strip.<\/span><\/p>\n<p style=\"text-align: left;\"><span style=\"color: #000080;\">Issacharoff said at Wednesday\u2019s event, \u201cSome of the episodes that you are gonna see in the third season, I\u2019m sure that it will remind you of things that really happened in reality.\u201d<\/span><\/p>\n<p><span style=\"color: #000080;\">Season 3 of \u201cFauda\u201d is expected to debut on Netflix in a few weeks after it finishes airing on Israeli television, which will happen in mid-March, according to&nbsp;<em>i24News<\/em>.<\/span><\/p>\n<p><span style=\"color: #000080;\">\u201cFauda\u201d was&nbsp;<span style=\"text-decoration: underline;\"><strong><a style=\"color: #000080; text-decoration: underline;\" href=\"https:\/\/www.algemeiner.com\/2019\/12\/24\/new-york-times-ranks-israeli-series-prisoners-of-war-top-show-of-decade\/\" target=\"_blank\" rel=\"noopener noreferrer\">ranked by&nbsp;<em>The New York Times<\/em><\/a><\/strong><\/span>&nbsp;in December as one of the 30 best international television shows of the decade.<\/span><\/p>\n<hr style=\"height: 15px; background: #d0e6fa; width: 100%;\">\n<div class=\"content-alignment\" id=\"content\">\n<div class=\"yt-uix-button-panel\" id=\"watch-description\">\n<div id=\"watch-description-text\" style=\"text-align: center;\">\n<p><em>Zawarto\u015b\u0107 publikowanych artyku\u0142\u00f3w i materia\u0142\u00f3w nie reprezentuje pogl\u0105d\u00f3w ani opinii Reunion&#8217;68,<\/em><em><br \/>\nani te\u017c webmastera Blogu Reunion&#8217;68, chyba ze jest to wyra\u017anie zaznaczone.<br \/>\nTwoje uwagi, linki, w\u0142asne artyku\u0142y lub wiadomo\u015bci prze\u015blij na adres:<br \/>\n<\/em><span style=\"color: #000080;\"><strong><em><a style=\"color: #000080;\" href=\"mailto:webmaster@reunion68.com\"><span style=\"text-decoration: underline;\">webmaster@reunion68.com<\/span><\/a><\/em><\/strong><\/span><\/p>\n<\/div>\n<\/div>\n<\/div>\n<hr style=\"width: 100%;\">\n","protected":false},"excerpt":{"rendered":"<p>\u2018Fauda\u2019 Season 4 Announced by Show Co-Creator in Tel Aviv Shiryn Ghermezian Avi Issacharoff and Lior Raz, showrunners of Israeli television series \u2018Fauda,\u2019 smile during an interview with Reuters in Tel Aviv, May 30, 2019. Photo: Reuters \/ Amir Cohen. The hit Israeli show \u201cFauda\u201d will get a fourth season, its co-creator Avi Issacharoff&nbsp;announced&nbsp;on Wednesday [&hellip;]<\/p>\n","protected":false},"author":1,"featured_media":0,"comment_status":"closed","ping_status":"closed","sticky":false,"template":"","format":"standard","meta":[],"categories":[6],"tags":[26,24],"_links":{"self":[{"href":"https:\/\/www.reunion68.se\/index.php?rest_route=\/wp\/v2\/posts\/76286"}],"collection":[{"href":"https:\/\/www.reunion68.se\/index.php?rest_route=\/wp\/v2\/posts"}],"about":[{"href":"https:\/\/www.reunion68.se\/index.php?rest_route=\/wp\/v2\/types\/post"}],"author":[{"embeddable":true,"href":"https:\/\/www.reunion68.se\/index.php?rest_route=\/wp\/v2\/users\/1"}],"replies":[{"embeddable":true,"href":"https:\/\/www.reunion68.se\/index.php?rest_route=%2Fwp%2Fv2%2Fcomments&post=76286"}],"version-history":[{"count":4,"href":"https:\/\/www.reunion68.se\/index.php?rest_route=\/wp\/v2\/posts\/76286\/revisions"}],"predecessor-version":[{"id":76299,"href":"https:\/\/www.reunion68.se\/index.php?rest_route=\/wp\/v2\/posts\/76286\/revisions\/76299"}],"wp:attachment":[{"href":"https:\/\/www.reunion68.se\/index.php?rest_route=%2Fwp%2Fv2%2Fmedia&parent=76286"}],"wp:term":[{"taxonomy":"category","embeddable":true,"href":"https:\/\/www.reunion68.se\/index.php?rest_route=%2Fwp%2Fv2%2Fcategories&post=76286"},{"taxonomy":"post_tag","embeddable":true,"href":"https:\/\/www.reunion68.se\/index.php?rest_route=%2Fwp%2Fv2%2Ftags&post=76286"}],"curies":[{"name":"wp","href":"https:\/\/api.w.org\/{rel}","templated":true}]}}