{"id":76288,"date":"2020-02-20T17:05:50","date_gmt":"2020-02-20T15:05:50","guid":{"rendered":"http:\/\/www.reunion68.se\/?p=76288"},"modified":"2020-02-15T15:22:22","modified_gmt":"2020-02-15T13:22:22","slug":"20-00-48","status":"publish","type":"post","link":"https:\/\/www.reunion68.se\/?p=76288","title":{"rendered":"B\u2019nai B\u2019rith condemns \u2018ongoing attacks\u2019 against Jews in Ukraine"},"content":{"rendered":"<h5 style=\"text-align: center;\"><a href=\"https:\/\/www.jpost.com\/\" target=\"_blank\" rel=\"noopener noreferrer\"><img decoding=\"async\" class=\"center alignleft\" src=\"http:\/\/www.reunion68.com\/Biuletyn\/img\/jpost.png\" alt=\"\" width=\"35%\" \/><\/a><span style=\"text-decoration: underline; color: #000080;\"><strong><a style=\"color: #000080; text-decoration: underline;\" href=\"https:\/\/www.jpost.com\/Diaspora\/Bnai-Brith-condemns-ongoing-attacks-against-Jews-in-Ukraine-617648\" target=\"_blank\" rel=\"noopener noreferrer\">B\u2019nai B\u2019rith condemns \u2018ongoing attacks\u2019 against Jews in Ukraine<\/a><\/strong><\/span><\/h5>\n<p style=\"text-align: center;\"><span style=\"color: #000000;\"><strong> JERUSALEM POST STAFF<\/strong><\/span><\/p>\n<hr style=\"height: 15px; background: #d0e6fa; width: 100%;\" \/>\n<p style=\"text-align: center;\"><strong>B\u2019nai Brith said it wrote a letter to Ukrainian President Volodymyr Zelensky in January, protesting the incidents.<\/strong><\/p>\n<p style=\"text-align: center;\"><img decoding=\"async\" class=\"aligncenter\" src=\"https:\/\/images.jpost.com\/image\/upload\/f_auto,fl_lossy\/t_JD_ArticleMainImageFaceDetect\/453727\" width=\"100%\" \/><span style=\"color: #808080;\"><em>Ukrainian President Volodymyr Zelenskiy delivers a speech next to a monument commemorating the victims of Babyn Yar (Babiy Yar), one of the biggest single massacres of Jews during the Nazi Holocaust, during a ceremony following the talks with Israeli Prime Minister Benjamin Netanyahu in Kiev, Ukrain \/ (photo credit: GLEB GARANICH\/REUTERS)<\/em><\/span><\/p>\n<p style=\"text-align: left;\"><span style=\"color: #000080;\"><a style=\"color: #000080;\" href=\"https:\/\/www.jpost.com\/Tags\/bnai-brith\"><span style=\"text-decoration: underline;\"><strong>B\u2019nai B\u2019rith International<\/strong><\/span>\u00a0<\/a>condemned \u201congoing attacks\u201d against Jews in Chernivitsi, Ukraine in a\u00a0<span style=\"text-decoration: underline;\"><strong><a style=\"color: #000080; text-decoration: underline;\" href=\"https:\/\/www.bnaibrith.org\/press-releases\/bnai-brith-decries-attacks-on-jewish-community-in-ukraine\" target=\"_blank\" rel=\"noopener noreferrer\">statement<\/a><\/strong><\/span>.<\/span><\/p>\n<p style=\"text-align: left;\"><span style=\"color: #000080;\">\u201cIn a long and disturbing pattern of incidents, members of the B\u2019nai B\u2019rith Lodge in Chernivitsi, including lodge President Vadim Kolotushkin, have been physically assaulted and the lodge office was vandalized,\u201d the organization wrote.<\/span><\/p>\n<p style=\"text-align: left;\"><span style=\"color: #000080;\">B\u2019nai Brith said it wrote a letter to Ukrainian President Volodymyr Zelensky in January, protesting the incidents.<\/span><\/p>\n<p style=\"text-align: left;\"><span style=\"color: #000080;\">\u201cSuch blatant public displays of antisemitism and xenophobia in defiance of public order are deeply troubling and must be forcefully opposed. B\u2019nai B\u2019rith International condemns in the strongest terms all such expressions of violence,\u201d the organization wrote in the letter.\u00a0 \u201cYour recognition of this event as a demonstration of the ideology of hatred will be an important rebuke. We urge the Ukraine government, under your leadership, to fully investigate the alleged attack and bring the perpetrators to justice.\u201d<\/span><\/p>\n<p style=\"text-align: left;\"><span style=\"color: #000080;\">B\u2019nai B\u2019rith says Zelensky has yet to respond to the letter. In addition to the letter, B\u2019nai B\u2019rith representatives met with Embassy of\u00a0<a style=\"color: #000080;\" href=\"https:\/\/www.jpost.com\/Tags\/Ukraine\">Ukraine<\/a>\u00a0in Washington, DC.<\/span><\/p>\n<p style=\"text-align: left;\"><span style=\"color: #000080;\">The organization is calling on officials to secure the Jewish community of Chernivitsi and to investigate the attacks and hold the perpetrators responsible.<\/span><\/p>\n<hr style=\"height: 15px; background: #d0e6fa; width: 100%;\" \/>\n<div id=\"content\" class=\"content-alignment\">\n<div id=\"watch-description\" class=\"yt-uix-button-panel\">\n<div id=\"watch-description-text\" style=\"text-align: center;\">\n<p><em>Zawarto\u015b\u0107 publikowanych artyku\u0142\u00f3w i materia\u0142\u00f3w nie reprezentuje pogl\u0105d\u00f3w ani opinii Reunion&#8217;68,<\/em><em><br \/>\nani te\u017c webmastera Blogu Reunion&#8217;68, chyba ze jest to wyra\u017anie zaznaczone.<br \/>\nTwoje uwagi, linki, w\u0142asne artyku\u0142y lub wiadomo\u015bci prze\u015blij na adres:<br \/>\n<\/em><span style=\"color: #000080;\"><strong><em><a style=\"color: #000080;\" href=\"mailto:webmaster@reunion68.com\"><span style=\"text-decoration: underline;\">webmaster@reunion68.com<\/span><\/a><\/em><\/strong><\/span><\/p>\n<\/div>\n<\/div>\n<\/div>\n<hr style=\"width: 100%;\" \/>\n","protected":false},"excerpt":{"rendered":"<p>B\u2019nai B\u2019rith condemns \u2018ongoing attacks\u2019 against Jews in Ukraine JERUSALEM POST STAFF B\u2019nai Brith said it wrote a letter to Ukrainian President Volodymyr Zelensky in January, protesting the incidents. Ukrainian President Volodymyr Zelenskiy delivers a speech next to a monument commemorating the victims of Babyn Yar (Babiy Yar), one of the biggest single massacres of [&hellip;]<\/p>\n","protected":false},"author":1,"featured_media":0,"comment_status":"closed","ping_status":"closed","sticky":false,"template":"","format":"standard","meta":[],"categories":[6],"tags":[26,24],"_links":{"self":[{"href":"https:\/\/www.reunion68.se\/index.php?rest_route=\/wp\/v2\/posts\/76288"}],"collection":[{"href":"https:\/\/www.reunion68.se\/index.php?rest_route=\/wp\/v2\/posts"}],"about":[{"href":"https:\/\/www.reunion68.se\/index.php?rest_route=\/wp\/v2\/types\/post"}],"author":[{"embeddable":true,"href":"https:\/\/www.reunion68.se\/index.php?rest_route=\/wp\/v2\/users\/1"}],"replies":[{"embeddable":true,"href":"https:\/\/www.reunion68.se\/index.php?rest_route=%2Fwp%2Fv2%2Fcomments&post=76288"}],"version-history":[{"count":5,"href":"https:\/\/www.reunion68.se\/index.php?rest_route=\/wp\/v2\/posts\/76288\/revisions"}],"predecessor-version":[{"id":76304,"href":"https:\/\/www.reunion68.se\/index.php?rest_route=\/wp\/v2\/posts\/76288\/revisions\/76304"}],"wp:attachment":[{"href":"https:\/\/www.reunion68.se\/index.php?rest_route=%2Fwp%2Fv2%2Fmedia&parent=76288"}],"wp:term":[{"taxonomy":"category","embeddable":true,"href":"https:\/\/www.reunion68.se\/index.php?rest_route=%2Fwp%2Fv2%2Fcategories&post=76288"},{"taxonomy":"post_tag","embeddable":true,"href":"https:\/\/www.reunion68.se\/index.php?rest_route=%2Fwp%2Fv2%2Ftags&post=76288"}],"curies":[{"name":"wp","href":"https:\/\/api.w.org\/{rel}","templated":true}]}}