{"id":76348,"date":"2020-02-18T17:09:47","date_gmt":"2020-02-18T15:09:47","guid":{"rendered":"http:\/\/www.reunion68.se\/?p=76348"},"modified":"2020-02-18T08:34:26","modified_gmt":"2020-02-18T06:34:26","slug":"23-09-47","status":"publish","type":"post","link":"https:\/\/www.reunion68.se\/?p=76348","title":{"rendered":"From Brussels with love"},"content":{"rendered":"<h5 style=\"text-align: center;\"><a href=\"http:\/\/www.listyznaszegosadu.pl\/\" target=\"_blank\" rel=\"noopener noreferrer\"><img decoding=\"async\" width=\"45%\" class=\"center alignleft\" alt=\"\" src=\"http:\/\/www.reunion68.com\/Biuletyn\/img\/z-naszego.jpg\"><\/a><span style=\"text-decoration: underline; color: #000080;\"><strong><a style=\"color: #000080; text-decoration: underline;\" href=\"http:\/\/www.listyznaszegosadu.pl\/notatki\/from-brussels-with-love\" target=\"_blank\" rel=\"noopener noreferrer\">From Brussels with love<\/a><\/strong><\/span><\/h5>\n<p style=\"text-align: center;\"><span style=\"color: #000000;\"><strong><br \/>\nAndrzej Koraszewski<\/strong><\/span><\/p>\n<hr style=\"height: 15px; background: #d0e6fa; width: 100%;\">\n<p><img decoding=\"async\" width=\"100%\" src=\"http:\/\/www.listyznaszegosadu.pl\/upload\/article\/bild\/4746\/826753\/5e3abd4ea3101282064fbd43_s.jpeg\"><\/p>\n<p class=\"templateArticleIngress\" style=\"text-align: left;\"><span style=\"color: #000080;\">Hiszpa\u0144ski socjalista, Josep Borrell zast\u0105pi\u0142 1 grudnia 2019 roku w\u0142osk\u0105 socjalistk\u0119, Federik\u0119 Mogherini, na stanowisku komisarza Unii Europejskiej odpowiedzialnego za unijn\u0105 polityk\u0119 zagraniczn\u0105. Obserwatorzy nie mieli w\u0105tpliwo\u015bci, \u017ce ta zmiana oznacza kontynuacj\u0119. Ju\u017c w dniach 2-4 lutego nowy komisarz pojecha\u0142 pok\u0142oni\u0107 si\u0119 prezydentowi Islamskiej Republiki Iranu, porozmawia\u0107 z ira\u0144skim ministrem spraw zagranicznych i z przewodnicz\u0105cym Mad\u017clisu (instytucji nazywanej czasem \u201eira\u0144skim parlamentem\u201d). W&nbsp;<span style=\"text-decoration: underline;\"><strong><a style=\"color: #000080; text-decoration: underline;\" href=\"https:\/\/eeas.europa.eu\/headquarters\/headquarters-homepage\/74514\/mepp-speech-hrvp-josep-borrell-ep-us-middle-east-initiative_en\">przem\u00f3wieniu<\/a><\/strong><\/span>&nbsp;do Europejskiego Parlamentu 11 lutego 2020 na temat procesu pokojowego na Bliskim Wschodzie Josep Borrell wyja\u015bnia\u0142 dlaczego:<\/span><\/p>\n<blockquote>\n<p style=\"text-align: left;\">\u201eDlaczego musia\u0142em pojecha\u0107 do Iranu? Poniewa\u017c mam mandat. Jednog\u0142o\u015bny mandat pa\u0144stw cz\u0142onkowskich Rady nakazywa\u0142 mi, aby jecha\u0107 i rozmawia\u0107 z wszystkimi w ca\u0142ym regionie Bliskiego Wschodu, by spr\u00f3bowa\u0107 zobaczy\u0107, czy s\u0105 jakiekolwiek mo\u017cliwo\u015bci dla nas, dla Unii Europejskiej, by przyczyni\u0107 si\u0119 do wzmocnienia stabilno\u015bci i pokoju w regionie. Mam mandat do rozmawiania z ka\u017cdym, a s\u0142owo ka\u017cdy, oznacza ka\u017cdy.\u201dTo interesuj\u0105ce s\u0142owa. Mog\u0119 si\u0119 myli\u0107, ale mam wra\u017cenie, \u017ce ukrywa si\u0119 za nimi pe\u0142na \u015bwiadomo\u015b\u0107 hipokryzji. W tym samym przem\u00f3wieniu, komisarz m\u00f3wi\u0142, \u017ce \u201ezbyt d\u0142ugo jeste\u015bmy \u015bwiadkami konfliktu, kt\u00f3ry powoduje nieko\u0144cz\u0105ce si\u0119 cierpienia pokole\u0144 Izraelczyk\u00f3w i Palesty\u0144czyk\u00f3w\u201d.<\/p>\n<\/blockquote>\n<p style=\"text-align: left;\"><span style=\"color: #000080;\">Stwierdzi\u0142 dalej, \u017ce od lat sytuacja jest straszna, \u017ce widzimy przemoc, terroryzm, pod\u017ceganie, powi\u0119kszanie osiedli (dodaj\u0105c w nawiasie, \u017ce nielegalnych) i jak to okre\u015bli\u0142 \u201ekonsekwencje trwaj\u0105cej okupacji\u201d. To wszystko zdaniem Borrella rujnuje po obu stronach nadziej\u0119 na rozwi\u0105zanie w postaci dw\u00f3ch pa\u0144stw. Dalej komisarz poinformowa\u0142, \u017ce unijna wizja pokoju jest pryncypialna i pragmatyczna, informuj\u0105c zgromadzonych pos\u0142\u00f3w, co to oznacza w praktyce:<\/span><\/p>\n<p style=\"text-align: left;\"><span style=\"color: #000080;\">\u201eJeste\u015bmy r\u00f3wnie\u017c aktywni w terenie. \u017baden inny mi\u0119dzynarodowy aktor nie jest tak zaanga\u017cowany w praktycznych wysi\u0142kach budowania przysz\u0142ego palesty\u0144skiego pa\u0144stwa. Tylko w 2019 roku Unia Europejska i jej pa\u0144stwa cz\u0142onkowskie mia\u0142a otwarte portfolio 600 milion\u00f3w euro na pomoc dla Palesty\u0144czyk\u00f3w. M\u00f3wi\u0142em o tym w czasie mojego przes\u0142uchania, 600 milion\u00f3w, to jest prawie p\u00f3\u0142tora miliona euro dziennie.\u201d<\/span><\/p>\n<p style=\"text-align: left;\"><span style=\"color: #000080;\">Od dawna toczy si\u0119 dyskusja o tym, na ile ta pomoc jest przejrzysta. Ile z tych europejskich pieni\u0119dzy przeznacza si\u0119 na op\u0142acanie terroryst\u00f3w, a dok\u0142adniej na wyp\u0142acanie astronomicznych wynagrodze\u0144 dla skazanych za zamachy na \u017byd\u00f3w i \u201ezasi\u0142ki\u201d dla rodzin terroryst\u00f3w, ile z tych pieni\u0119dzy idzie na edukacj\u0119 do nienawi\u015bci wobec \u017byd\u00f3w w palesty\u0144skich szko\u0142ach prowadzonych przez UNRWA, ile z tych pieni\u0119dzy idzie na budowlane projekty w obszarze C, gdzie zgodnie z umowami z Oslo pe\u0142n\u0105 kontrol\u0119 administracyjn\u0105 ma Izrael, ale Unia podejmuje swoje projekty bez najmniejszej pr\u00f3by koordynacji tych dzia\u0142a\u0144 z w\u0142adzami izraelskimi? Sami arabscy mieszka\u0144cy palesty\u0144skich terytori\u00f3w cz\u0119\u015bciej zadaj\u0105 pytanie, ile z tych pieni\u0119dzy trafia do prywatnych kieszeni ludzi twierdz\u0105cych, \u017ce ich reprezentuj\u0105. Nie bez powodu we w\u0142adzach Autonomii Palesty\u0144skiej i we w\u0142adzach Hamasu znajduje si\u0119 wielu multimilioner\u00f3w, kt\u00f3rych \u017ar\u00f3d\u0142a dochod\u00f3w s\u0105, przynajmniej formalnie, wielk\u0105 tajemnic\u0105.<\/span><\/p>\n<p style=\"text-align: left;\"><span style=\"color: #000080;\">Dwa tygodnie przed tym wyst\u0105pieniem opublikowano zarys projektu \u201ePeace and Prosperity\u201d. Komisarz m\u00f3wi\u0142 w swoim przem\u00f3wieniu, \u017ce by\u0142 ju\u017c w Waszyngtonie i rozmawia\u0142 tam z ameryka\u0144skimi politykami, kt\u00f3rym powiedzia\u0142, \u017ce \u201emusimy si\u0119 zapyta\u0107, czy ten plan daje podstawy do post\u0119pu czy nie. Musimy wiedzie\u0107, czy te propozycje s\u0105 naprawd\u0119 otwarte dla negocjacji. Czy to jest punkt wyj\u015bciowy, czy ko\u0144cowe zdanie? Je\u015bli idzie o Uni\u0119 Europejsk\u0105, nasze stanowisko jest jasne: jeste\u015bmy gotowi do wsp\u00f3\u0142pracy z mi\u0119dzynarodow\u0105 spo\u0142eczno\u015bci\u0105 na rzecz o\u017cywienia politycznego procesu zgodnie z mi\u0119dzynarodowym prawem, kt\u00f3ry zapewni r\u00f3wne prawa i kt\u00f3ry jest akceptowalny dla obu stron\u201d.<\/span><\/p>\n<p style=\"text-align: left;\"><span style=\"color: #000080;\">Kiedy kto\u015b ze \u0142zami w oczach opowiada ci, \u017ce w\u0142a\u015bnie pr\u00f3bowa\u0142 pom\u00f3c biednym Beduinom na obszarze znajduj\u0105cym si\u0119 pod administracj\u0105 izraelsk\u0105, a ci wstr\u0119tni Izraelczycy przyjechali i wszystko zburzyli, a potem dowiadujesz si\u0119, \u017ce ten kto\u015b nie pr\u00f3bowa\u0142 nawet uzgodni\u0107 swojej pomocy z w\u0142adzami, masz uzasadnione podejrzenia, \u017ce pomagaj\u0105cy nie mia\u0142 zamiaru nikomu pomaga\u0107, \u017ce nigdy nie interesowali go \u017cadni Beduini, a jedynym celem by\u0142o sprowokowanie w\u0142adz izraelskich do zniszczenia \u201ewspania\u0142ej humanitarnej inicjatywy\u201d. Je\u015bli komu\u015b si\u0119 to kojarzy z dzia\u0142aniem Polskiej Akcji Humanitarnej, to w pewnym sensie s\u0142usznie, ale dzia\u0142ania Unii Europejskiej na terenach palesty\u0144skich to w\u0142a\u015bnie ten wz\u00f3r dzia\u0142ania, z zaanga\u017cowaniem setek milion\u00f3w euro. Nic dziwnego, \u017ce zwi\u0105zana z frakcj\u0105 Abbasa palesty\u0144ska badaczka, dziennikarka i autorka 13 ksi\u0105\u017cek, Najla Shahwan w artykule opublikowanym 10 stycznia 2020 roku pisa\u0142a:<\/span><\/p>\n<blockquote><p>\u201eNiezale\u017cnie od tego jak bardzo Ameryka pr\u00f3buje podsyca\u0107 ogie\u0144, Unia Europejska mo\u017ce poprowadzi\u0107 mi\u0119dzynarodow\u0105 spo\u0142eczno\u015b\u0107 do rozwi\u0105zania palesty\u0144sko-izraelskiego konfliktu. Przeciwstawienie si\u0119 nielegalnym osiedlom mo\u017ce by\u0107 dla nich dobrym&nbsp; pocz\u0105tkiem.\u201d<\/p><\/blockquote>\n<p style=\"text-align: left;\"><span style=\"color: #000080;\">By\u0142y prezydent USA, Bill Clinton, wielokrotnie podkre\u015bla\u0142, \u017ce Palesty\u0144czycy, a w szczeg\u00f3lno\u015bci sam Arafat, odrzucili najlepsz\u0105 propozycj\u0119 jaka by\u0142a mo\u017cliwa. W maju 2016, podczas prezydenckiej kampanii swojej \u017cony&nbsp;<a style=\"color: #000080;\" href=\"https:\/\/thehill.com\/blogs\/ballot-box\/presidential-races\/279912-bill-clinton-i-killed-myself-to-give-palestinians-a-state\"><span style=\"text-decoration: underline;\"><strong>m\u00f3wi<\/strong><\/span>\u0142<\/a>:<\/span><\/p>\n<blockquote><p>\u201eZabija\u0142em si\u0119, \u017ceby da\u0107 Palesty\u0144czykom pa\u0144stwo. Mia\u0142em ofert\u0119, kt\u00f3ra da\u0142aby im ca\u0142\u0105 Gaz\u0119, mi\u0119dzy 96-97 procent Zachodniego Brzegu i rekompensat\u0119 w postaci ziemi Izraela, ale j\u0105 odrzucili.\u201d<\/p><\/blockquote>\n<p style=\"text-align: left;\"><span style=\"color: #000080;\">Na tym spotkaniu by\u0142y prezydent broni\u0142 przede wszystkim polityki zagranicznej Hillary Clinton, kiedy by\u0142a ona odpowiedzialna za polityk\u0119 zagraniczn\u0105 USA w administracji prezydenta Obamy. Chwali\u0142 swoj\u0105 \u017con\u0119 za doprowadzenie do spotkania izraelskiego premiera z Abbasem, prawdopodobnie lepiej ni\u017c jakikolwiek inny polityk zdaj\u0105c sobie spraw\u0119 z tego, \u017ce te rzadkie spotkania, na kt\u00f3re godzi\u0142 si\u0119 palesty\u0144ski przyw\u00f3dca, nie prowadzi\u0142y i nie mog\u0142y prowadzi\u0107 do pokoju.<\/span><\/p>\n<p style=\"text-align: left;\"><span style=\"color: #000080;\">Podpisane ponad \u0107wier\u0107 wieku temu Porozumienia z Oslo nie maj\u0105 statusu prawa mi\u0119dzynarodowego, mia\u0142y prowadzi\u0107 do traktatu pokojowego, kt\u00f3ry mia\u0142by taki status. Dlaczego nie przynios\u0142y ani jednego dnia pokoju? Dlaczego reprezentuj\u0105cy Palesty\u0144czyk\u00f3w Arafat, a potem Abbas odrzucili ofert\u0119 izraelskiego premiera Rabina i oferty wszystkich kolejnych premier\u00f3w izraelskich, w\u0142\u0105cznie z ofert\u0105 Olmerta daj\u0105c\u0105 im pa\u0144stwo w granicach z 1967 roku i wschodni\u0105 Jerozolim\u0105 jako stolic\u0105? Odpowied\u017a, \u017ce ani Arafat, ani Abbas nigdy nie chcieli pokoju z Izraelem, \u017ce \u017c\u0105daj\u0105 ca\u0142ego Izraela, je\u015bli odmawia si\u0119 studiowania tego, co ci palesty\u0144scy przyw\u00f3dcy m\u00f3wi\u0105 po arabsku i czyta tylko to, o czym pisz\u0105 gazety, mo\u017ce by\u0107 trudna do zaakceptowana.<\/span><\/p>\n<p style=\"text-align: left;\"><span style=\"color: #000080;\">Czy oznacza to, \u017ce ani ameryka\u0144scy prezydenci, ani politycy Unii Europejskiej zupe\u0142nie nie zdaj\u0105 sobie sprawy z tego, jakie s\u0105 faktyczne cele \u201ePalesty\u0144czyk\u00f3w\u201d? Podejrzewanie ich o tak daleko id\u0105c\u0105 naiwno\u015b\u0107 by\u0142oby niegrzeczne.<\/span><\/p>\n<p style=\"text-align: left;\"><span style=\"color: #000080;\">Podczas przytaczanego tu ju\u017c spotkania Billa Clintona w kampanii Hillary Clinton, by\u0142y prezydent zapytany o Hamas m\u00f3wi\u0142: \u201cHamas jest naprawd\u0119 sprytny. Kiedy &nbsp;postanawiaj\u0105 ostrzela\u0107 Izrael rakietami, plasuj\u0105 si\u0119 w szpitalach, w szko\u0142ach, na obszarach g\u0119sto zaludnionych. Tak, oni s\u0105 naprawd\u0119 sprytni\u201d.<\/span><\/p>\n<p style=\"text-align: left;\"><span style=\"color: #000080;\">Czy by\u0142y ameryka\u0144ski prezydent ten specyficzny gatunek \u201esprytu\u201d przypisuje r\u00f3wnie\u017c prezydentowi Autonomii Palesty\u0144skiej? W\u0142a\u015bciwie trudno w to w\u0105tpi\u0107. Prezydent Trump postanowi\u0142 zrezygnowa\u0107 z udawania. A co w tej sprawie mo\u017cemy powiedzie\u0107 na temat antyizraelskiej polityki Unii Europejskiej? Czytelnik mo\u017ce poczu\u0107 si\u0119 zaniepokojony tym agresywnym przymiotnikiem. A jednak spr\u00f3bujmy si\u0119 zastanowi\u0107 nad pytaniem, czy jest to &nbsp;polityka propalesty\u0144ska, czy tylko i wy\u0142\u0105cznie antyizraelska?<\/span><\/p>\n<p style=\"text-align: left;\"><span style=\"color: #000080;\">Zacznijmy od g\u0142osowa\u0144 w ONZ, gdzie UE popar\u0142a ponad 90 procent (sponsorowanych g\u0142\u00f3wnie przez kraje muzu\u0142ma\u0144skie) rezolucji pot\u0119piaj\u0105cych Izrael. Co wi\u0119cej, Unia wywiera brutalne naciski na kraje cz\u0142onkowskie, \u017ceby w sprawach Izraela g\u0142osowa\u0107 zgodnie z unijnymi dyrektywami. Unia prowadzi\u0142a gor\u0105czkow\u0105 aktywno\u015b\u0107, \u017ceby \u017caden kraj cz\u0142onkowski nie przeni\u00f3s\u0142 przypadkiem swojej ambasady do stolicy Izraela (przera\u017cenie wywo\u0142a\u0142a gotowo\u015b\u0107 Republiki Czeskiej rozwa\u017cenia takiego kroku), Unia na forum ONZ nigdy nie zakwestionowa\u0142a otwarcie nawet najbardziej absurdalnych zarzut\u00f3w pod adresem Izraela (chocia\u017c cz\u0119sto na etapie wst\u0119pnym dyskretnie tonuje nazbyt ich zdaniem groteskowe sformu\u0142owania, co prezentuje potem jako dowody swoje obiektywno\u015bci).<\/span><\/p>\n<p style=\"text-align: left;\"><span style=\"color: #000080;\">W Internecie ukaza\u0142 si\u0119 dokument EUROPEAN JOINT STRATEGY IN SUPPORT OF PALESTINE 2017-2020 (czyta\u0142em go na stronie w\u0142oskiej organizacji Italian Agency for Development Cooperation, jest r\u00f3wnie\u017c na oficjalnej stronie UE, ale tam otwiera si\u0119 tylko strona tytu\u0142owa).&nbsp;<span style=\"text-decoration: underline;\"><strong><a style=\"color: #000080; text-decoration: underline;\" href=\"https:\/\/gerusalemme.aics.gov.it\/wp-content\/uploads\/2018\/09\/European-Joint-Strategy-Palestine-2017-2020.pdf\">Dokument w pdf<\/a><\/strong><\/span>&nbsp;ma 132 strony. I chyba najciekawsze w tym dokumencie jest to, czego w nim nie ma. Ot\u00f3\u017c nie ma w nim krytyki Autonomii Palesty\u0144skiej, nie ma wzmianki o tym, \u017ce ostatnie wybory odby\u0142y si\u0119 w Autonomii w 2006 roku, nie ma krytyki wymiaru sprawiedliwo\u015bci, arbitralnych aresztowa\u0144, torturowania wi\u0119\u017ani\u00f3w politycznych, dzia\u0142a\u0144 si\u0142 bezpiecze\u0144stwa przeciw w\u0142asnym obywatelom. Nie ma w tym dokumencie wzmianki o rozwi\u0105zaniu parlamentu, nie ma krytyki podr\u0119cznik\u00f3w pod\u017cegaj\u0105cych do nienawi\u015bci i przemocy, nie ma nic o p\u0142aceniu za terroryzm. Nie ma r\u00f3wnie\u017c nic na temat korupcji we w\u0142adzach Autonomii Palesty\u0144skiej.<\/span><\/p>\n<p style=\"text-align: left;\"><span style=\"color: #000080;\">Na stronie 30 tego dokumentu mamy informacj\u0119 o palesty\u0144skich w\u0142adzach i instytucjach, kt\u00f3ra g\u0142osi:<\/span><\/p>\n<blockquote><p>\u201eEuropejscy partnerzy rozwoju patrz\u0105 z uznaniem na rzeczow\u0105 i inkluzywn\u0105 prac\u0119 jak\u0105 podejmuje AP w swoich nowych planach na lata 2017-2022, na ich oddanie, by wzmocni\u0107 w\u0142asny monitoring i system ocen, ich orientacj\u0119 na potrzeby obywateli i ich zdecydowanie wype\u0142nienia mi\u0119dzynarodowych zobowi\u0105za\u0144.\u201d<\/p><\/blockquote>\n<p style=\"text-align: left;\"><span style=\"color: #000080;\">Kawa\u0142ek dalej na tej samej stronie, na temat rz\u0105du izraelskiego czytamy:<\/span><\/p>\n<blockquote><p>\u201eEuropejscy partnerzy rozwoju patrz\u0105 z rosn\u0105cym niepokojem na rz\u0105d Izraela i jego zobowi\u0105zania jako trzeciej strony ze szczeg\u00f3lnym uwzgl\u0119dnieniem poszanowania mi\u0119dzynarodowego prawa. Wojskowa okupacja przez izraelski rz\u0105d nies\u0142ychanie ogranicza skuteczno\u015b\u0107 pomocy darczy\u0144c\u00f3w i stanowi wyzwanie dla rozliczania si\u0119 z naszymi wyborcami i ofiarodawcami.\u201d<\/p><\/blockquote>\n<p style=\"text-align: left;\"><span style=\"color: #000080;\">Z dokumentu dowiadujemy si\u0119, \u017ce Unia stanowczo pot\u0119pia \u201ewszelkie ataki i przemoc ze wszystkich stron i we wszystkich sytuacjach, w tym \u015bmier\u0107 dzieci\u201d. To pot\u0119pienie nie wymaga wskazania, kto pod\u017cega do tych atak\u00f3w, ani kto je inicjuje. Ostatecznie dokument traktuje o rozwoju Palestyny i wsparciu tego rozwoju przez Uni\u0119 Europejsk\u0105.<\/span><\/p>\n<p style=\"text-align: left;\"><span style=\"color: #000080;\">Unia wspiera r\u00f3wnie\u017c Izrael, a dok\u0142adniej obficie finansuje antyizraelskie organizacje pozarz\u0105dowe. Tu r\u00f3wnie\u017c mamy wielomilionowe dotacje, chocia\u017c przekazywane dyskret<\/span>niej ni\u017c w przypadku pomocy dla Autonomii Palesty\u0144skiej i Hamasu.<\/p>\n<p style=\"text-align: left;\"><span style=\"color: #000080;\">Komisarz Unii Europejskiej odwiedza\u0142 Teheran w dniach 2-4 lutego 2020 roku. W Teheranie ka\u017cdego roku organizuje si\u0119 \u015bwiatowy konkurs karykatur na temat Holocaustu. Nikt specjalnie nie ukrywa celu tego og\u00f3lno\u015bwiatowego konkursu. 2 lutego 2020 roku, a wi\u0119c w pierwszym dniu wizyty komisarza w Islamskiej Republice Iranu, Unia Europejska og\u0142osi\u0142a nowy projekt dla artyst\u00f3w fotografik\u00f3w. Arty\u015bci z kraj\u00f3w europejskich mog\u0105 na koszt Unii Europejskiej&nbsp;&nbsp;<a style=\"color: #000080;\" href=\"https:\/\/jewsdownunder.com\/2020\/02\/12\/press-release-new-eu-project-invites-photographers-to-occupied-palestinian-territory\/?fbclid=IwAR3QvHHpTohZvtKYixnLD7_7jzB10voM0J0LUNnaESyEJBOnO9z1GfvRbUk\"><span style=\"text-decoration: underline;\"><strong>pojecha\u0107 na \u201eokupowane terytoria palesty\u0144skie\u201d<\/strong><\/span><\/a><span style=\"text-decoration: underline;\"><strong>.<\/strong><\/span><\/span><\/p>\n<p style=\"text-align: left;\"><span style=\"color: #000080;\">\u201cCzy chcia\u0142by\u015b wzi\u0105\u0107 udzia\u0142 w Europejskim Fotomaratonie?\u201d \u2013 czytamy w zaproszeniu, na kt\u00f3rym jest zdj\u0119cie trzech pustych (chyba wyrwanych z jakiego\u015b&nbsp; autobusu) krzese\u0142 stoj\u0105cych ko\u0142o betonowego muru bezpiecze\u0144stwa ozdobionego graffiti, z gro\u017an\u0105 twarz\u0105 m\u0142odego m\u0119\u017cczyzny.<\/span><\/p>\n<p style=\"text-align: left;\"><span style=\"color: #000080;\">Ulotka wzywa, by sk\u0142ada\u0107 podania do 20 lutego 2020, widzimy na niej r\u00f3wnie\u017c hashtag \u201c#EU4PALESTINE\u201d oraz zdj\u0119cie flagi unijnej z flag\u0105 Organizacji Wyzwolenia Palestyny.<\/span><\/p>\n<p style=\"text-align: left;\"><span style=\"color: #000080;\">Czy jeste\u015bmy w stanie poj\u0105\u0107 ten zapa\u0142 do popierania organizacji, kt\u00f3ra \u015bciga Palesty\u0144czyk\u00f3w opowiadaj\u0105cych si\u0119 za pokojowymi relacjami z Izraelem? Czy lepiej wyja\u015bnia ten fenomen historia wsp\u00f3\u0142czesna, czy raczej bardziej odleg\u0142a?<\/span><\/p>\n<p style=\"text-align: left;\">P<span style=\"color: #000080;\">arlament Europejski, w kt\u00f3rym Josep Borrell informowa\u0142 o swojej podr\u00f3\u017cy do Teheranu, mie\u015bci si\u0119 w Strasburgu, w kt\u00f3rym 14 lutego 1349 roku spalono oko\u0142o 2000 \u017byd\u00f3w, praktycznie wszystkich \u00f3wczesnych \u017cydowskich mieszka\u0144c\u00f3w tego miasta. Powodem by\u0142y oskar\u017cenia o zatruwanie studni. W Europie od dw\u00f3ch lat szala\u0142a d\u017cuma, wyludniaj\u0105c ca\u0142e miasta. Zaraza zacz\u0119\u0142a si\u0119 na po\u0142udniu W\u0142och, jeszcze nie dotar\u0142a do Strasburga. \u017byd\u00f3w oskar\u017cano i mordowano wsz\u0119dzie, wi\u0119c mieszka\u0144cy tego miasta domagali si\u0119 od w\u0142adz pozwolenia na masakr\u0119. Poniewa\u017c w\u0142adze zabrania\u0142y, wi\u0119c obalono je, ustanawiaj\u0105c pospiesznie now\u0105, ludow\u0105 w\u0142adz\u0119. Nowa w\u0142adza nie tylko da\u0142a przyzwolenie, ale sama zorganizowa\u0142a wielkie palenie \u017byd\u00f3w na \u017cydowskim cmentarzu. Zarekwirowane pieni\u0105dze rozdzielono mi\u0119dzy tych, kt\u00f3rzy&nbsp; po\u015bwi\u0119cili czas i prac\u0119 na \u0142apanie i mordowanie \u017byd\u00f3w, a cesarz niebawem przyzwoli\u0142 na przej\u0119cie pozosta\u0142ej \u017cydowskiej w\u0142asno\u015bci przez chrze\u015bcija\u0144skich s\u0105siad\u00f3w.<\/span><\/p>\n<p style=\"text-align: left;\"><span style=\"color: #000080;\">Czy naprawd\u0119 polityka Unii Europejskiej jest antyizraelska? Europejscy politycy odpowiedz\u0105, \u017ce nic podobnego, \u017ce dzia\u0142aj\u0105 zgodnie z odwieczn\u0105 tradycj\u0105 chrze\u015bcija\u0144skiej mi\u0142o\u015bci bli\u017aniego. Z Brukseli i Strasburga p\u0142yn\u0105 do Jerozolimy s\u0142owa mi\u0142o\u015bci. A je\u015bli pojawia si\u0119 jaka\u015b krytyka, to przecie\u017c tylko w trosce o pok\u00f3j. Ten pok\u00f3j oznacza zdaniem polityk\u00f3w takich jak Federica Mogherini czy Josep Borrell, pa\u0144stwo palesty\u0144skie w granicach z przed czerwca 1967 roku i ze stolic\u0105 w Jerozolimie oraz powr\u00f3t (do Izraela) palesty\u0144skich uchod\u017ac\u00f3w. Innymi s\u0142owy jest to marzenie o pokoju po \u015bmierci \u017byd\u00f3w.<\/span><\/p>\n<hr style=\"height: 15px; background: #d0e6fa; width: 100%;\">\n<div class=\"content-alignment\" id=\"content\">\n<div class=\"yt-uix-button-panel\" id=\"watch-description\">\n<div id=\"watch-description-text\" style=\"text-align: center;\">\n<p><em>Zawarto\u015b\u0107 publikowanych artyku\u0142\u00f3w i materia\u0142\u00f3w nie reprezentuje pogl\u0105d\u00f3w ani opinii Reunion&#8217;68,<\/em><em><br \/>\nani te\u017c webmastera Blogu Reunion&#8217;68, chyba ze jest to wyra\u017anie zaznaczone.<br \/>\nTwoje uwagi, linki, w\u0142asne artyku\u0142y lub wiadomo\u015bci prze\u015blij na adres:<br \/>\n<\/em><span style=\"color: #000080;\"><strong><em><a style=\"color: #000080;\" href=\"mailto:webmaster@reunion68.com\"><span style=\"text-decoration: underline;\">webmaster@reunion68.com<\/span><\/a><\/em><\/strong><\/span><\/p>\n<\/div>\n<\/div>\n<\/div>\n<hr style=\"width: 100%;\">\n","protected":false},"excerpt":{"rendered":"<p>From Brussels with love Andrzej Koraszewski Hiszpa\u0144ski socjalista, Josep Borrell zast\u0105pi\u0142 1 grudnia 2019 roku w\u0142osk\u0105 socjalistk\u0119, Federik\u0119 Mogherini, na stanowisku komisarza Unii Europejskiej odpowiedzialnego za unijn\u0105 polityk\u0119 zagraniczn\u0105. Obserwatorzy nie mieli w\u0105tpliwo\u015bci, \u017ce ta zmiana oznacza kontynuacj\u0119. Ju\u017c w dniach 2-4 lutego nowy komisarz pojecha\u0142 pok\u0142oni\u0107 si\u0119 prezydentowi Islamskiej Republiki Iranu, porozmawia\u0107 z ira\u0144skim [&hellip;]<\/p>\n","protected":false},"author":1,"featured_media":0,"comment_status":"closed","ping_status":"closed","sticky":false,"template":"","format":"standard","meta":[],"categories":[6],"tags":[26,24],"_links":{"self":[{"href":"https:\/\/www.reunion68.se\/index.php?rest_route=\/wp\/v2\/posts\/76348"}],"collection":[{"href":"https:\/\/www.reunion68.se\/index.php?rest_route=\/wp\/v2\/posts"}],"about":[{"href":"https:\/\/www.reunion68.se\/index.php?rest_route=\/wp\/v2\/types\/post"}],"author":[{"embeddable":true,"href":"https:\/\/www.reunion68.se\/index.php?rest_route=\/wp\/v2\/users\/1"}],"replies":[{"embeddable":true,"href":"https:\/\/www.reunion68.se\/index.php?rest_route=%2Fwp%2Fv2%2Fcomments&post=76348"}],"version-history":[{"count":3,"href":"https:\/\/www.reunion68.se\/index.php?rest_route=\/wp\/v2\/posts\/76348\/revisions"}],"predecessor-version":[{"id":76357,"href":"https:\/\/www.reunion68.se\/index.php?rest_route=\/wp\/v2\/posts\/76348\/revisions\/76357"}],"wp:attachment":[{"href":"https:\/\/www.reunion68.se\/index.php?rest_route=%2Fwp%2Fv2%2Fmedia&parent=76348"}],"wp:term":[{"taxonomy":"category","embeddable":true,"href":"https:\/\/www.reunion68.se\/index.php?rest_route=%2Fwp%2Fv2%2Fcategories&post=76348"},{"taxonomy":"post_tag","embeddable":true,"href":"https:\/\/www.reunion68.se\/index.php?rest_route=%2Fwp%2Fv2%2Ftags&post=76348"}],"curies":[{"name":"wp","href":"https:\/\/api.w.org\/{rel}","templated":true}]}}